{"id":178629,"date":"2025-06-15T15:18:11","date_gmt":"2025-06-15T15:18:11","guid":{"rendered":"https:\/\/www.europesays.com\/fr\/178629\/"},"modified":"2025-06-15T15:18:11","modified_gmt":"2025-06-15T15:18:11","slug":"lhomme-qui-setait-immole-par-le-feu-dans-une-station-essence-a-rennes-est-decede-2","status":"publish","type":"post","link":"https:\/\/www.europesays.com\/fr\/178629\/","title":{"rendered":"L\u2019homme qui s\u2019\u00e9tait immol\u00e9 par le feu dans une station essence \u00e0 Rennes est d\u00e9c\u00e9d\u00e9"},"content":{"rendered":"<p>Les nouvelles concernant son \u00e9tat de sant\u00e9 \u00e9taient plus qu\u2019alarmantes depuis son transfert au Centre Hospitalier Universitaire de <a href=\"https:\/\/rennes.maville.com\/info\/info-locale\/\" target=\"_self\" rel=\"noopener\">Rennes<\/a> (Ille-et-Vilaine). Selon nos informations, l\u2019homme d\u2019une trentaine d\u2019ann\u00e9es qui s\u2019\u00e9tait immol\u00e9 par le feu dans une station essence du Leclerc Cleunay, dans l\u2019ouest de la capitale bretonne, samedi 14\u00a0juin 2025, a depuis succomb\u00e9 \u00e0 ses blessures.<\/p>\n<p><strong>Lire aussi\u00a0:<\/strong>\u00a0<a href=\"https:\/\/rennes.maville.com\/actu\/actudet_--les-images-sont-en-tete-un-homme-s-immole-par-le-feu-dans-une-station-essence-de-rennes-_7-6853780_actu.Htm\" target=\"_self\" rel=\"noopener\">\u00ab\u00a0Les images sont en t\u00eate\u00a0\u00bb\u00a0: un homme s\u2019immole par le feu dans une station essence de Rennes<\/a><\/p>\n<p>Br\u00fbl\u00e9 au deuxi\u00e8me et troisi\u00e8me degr\u00e9s<\/p>\n<p>Il \u00e9tait pr\u00e8s de 11\u00a0h quand l\u2019individu s\u2019\u00e9tait rendu \u00e0 pied aux abords du centre commercial. Passant devant une voiture qui attendait dans une des files de la station, il avait alors saisi deux pistolets et s\u2019\u00e9tait asperg\u00e9 d\u2019essence avec l\u2019un d\u2019eux avant d\u2019allumer un briquet, cr\u00e9ant une panique g\u00e9n\u00e9rale sur place.<\/p>\n<p><strong>Lire aussi\u00a0: <\/strong> <a href=\"https:\/\/www.ouest-france.fr\/societe\/faits-divers\/video-une-homme-grievement-blesse-apres-s-etre-immole-par-le-feu-dans-une-station-essence-de-rennes-6a4220db-a845-34b5-b6ee-f785937a8fc1\" target=\"_self\" rel=\"noopener\">VID\u00c9O. Un homme gri\u00e8vement bless\u00e9 apr\u00e8s s\u2019\u00eatre immol\u00e9 par le feu dans une station essence de Rennes<\/a><\/p>\n<p>Plusieurs clients et des agents de s\u00e9curit\u00e9 avaient alors r\u00e9ussi \u00e0 \u00e9teindre l\u2019incendie en utilisant des couvertures et un extincteur.\u00a0\u00c0 l\u2019arriv\u00e9e des vingt-quatre sapeurs pompiers, le feu \u00e9tait \u00e9teint, mais la victime tr\u00e8s gri\u00e8vement bless\u00e9e, \u00e9tait br\u00fbl\u00e9e au deuxi\u00e8me et troisi\u00e8me\u00a0degr\u00e9s. Son pronostic vital engag\u00e9, impossible d\u2019organiser son transfert au Centre des br\u00fbl\u00e9s du CHU de Nantes. L\u2019homme aurait finalement succomb\u00e9 \u00e0 ses blessures dans la matin\u00e9e, ce dimanche 15\u00a0juin 2025.<\/p>\n<p>\u00a0<\/p>\n","protected":false},"excerpt":{"rendered":"Les nouvelles concernant son \u00e9tat de sant\u00e9 \u00e9taient plus qu\u2019alarmantes depuis son transfert au Centre Hospitalier Universitaire de&hellip;\n","protected":false},"author":2,"featured_media":178514,"comment_status":"","ping_status":"","sticky":false,"template":"","format":"standard","meta":{"footnotes":""},"categories":[2821],"tags":[1111,11,829,1762,17393,1777,674,1312,1011,27,4933,31496,1781,12,584,25,3758],"class_list":{"0":"post-178629","1":"post","2":"type-post","3":"status-publish","4":"format-standard","5":"has-post-thumbnail","7":"category-rennes","8":"tag-actu","9":"tag-actualites","10":"tag-bretagne","11":"tag-decede","12":"tag-essence","13":"tag-eu","14":"tag-europe","15":"tag-feu","16":"tag-fr","17":"tag-france","18":"tag-homme","19":"tag-immole","20":"tag-lorient","21":"tag-news","22":"tag-rennes","23":"tag-republique-francaise","24":"tag-station"},"share_on_mastodon":{"url":"https:\/\/pubeurope.com\/@fr\/114688052654446650","error":""},"_links":{"self":[{"href":"https:\/\/www.europesays.com\/fr\/wp-json\/wp\/v2\/posts\/178629","targetHints":{"allow":["GET"]}}],"collection":[{"href":"https:\/\/www.europesays.com\/fr\/wp-json\/wp\/v2\/posts"}],"about":[{"href":"https:\/\/www.europesays.com\/fr\/wp-json\/wp\/v2\/types\/post"}],"author":[{"embeddable":true,"href":"https:\/\/www.europesays.com\/fr\/wp-json\/wp\/v2\/users\/2"}],"replies":[{"embeddable":true,"href":"https:\/\/www.europesays.com\/fr\/wp-json\/wp\/v2\/comments?post=178629"}],"version-history":[{"count":0,"href":"https:\/\/www.europesays.com\/fr\/wp-json\/wp\/v2\/posts\/178629\/revisions"}],"wp:featuredmedia":[{"embeddable":true,"href":"https:\/\/www.europesays.com\/fr\/wp-json\/wp\/v2\/media\/178514"}],"wp:attachment":[{"href":"https:\/\/www.europesays.com\/fr\/wp-json\/wp\/v2\/media?parent=178629"}],"wp:term":[{"taxonomy":"category","embeddable":true,"href":"https:\/\/www.europesays.com\/fr\/wp-json\/wp\/v2\/categories?post=178629"},{"taxonomy":"post_tag","embeddable":true,"href":"https:\/\/www.europesays.com\/fr\/wp-json\/wp\/v2\/tags?post=178629"}],"curies":[{"name":"wp","href":"https:\/\/api.w.org\/{rel}","templated":true}]}}