{"id":178637,"date":"2025-06-15T15:23:25","date_gmt":"2025-06-15T15:23:25","guid":{"rendered":"https:\/\/www.europesays.com\/fr\/178637\/"},"modified":"2025-06-15T15:23:25","modified_gmt":"2025-06-15T15:23:25","slug":"un-violent-incendie-a-ravage-la-basilique-saint-donatien-il-y-a-tout-juste-dix-ans","status":"publish","type":"post","link":"https:\/\/www.europesays.com\/fr\/178637\/","title":{"rendered":"Un violent incendie a ravag\u00e9 la basilique Saint-Donatien il y a tout juste dix ans"},"content":{"rendered":"<tr wp_automatic_readability=\"2.9217391304348\">\n<td valign=\"middle\" align=\"center\" class=\"col-logo\">\n    <img decoding=\"async\" src=\"https:\/\/www.europesays.com\/fr\/wp-content\/uploads\/2025\/04\/presse-ocean.gif\" alt=\"logo Presse-Oc\u00e9an\" height=\"66\"\/><\/p>\n<\/td>\n<td class=\"col-titre\">\n\t\t\tDimanche 15 juin 2025 15:49<br \/>\n\t\t\t<a class=\"icon-bulle sizeL count\" href=\"#ancreAvis\"><br \/>\n\t&#8230;<br \/>\n<\/a><\/td>\n<\/tr>\n<p>\t\t<a class=\"mavillebox2 elmt-photo\" href=\"https:\/\/maville.com\/photosmvi\/2025\/06\/15\/P35291990D6854533G.jpg\" title=\" Le feu s\u2019est d\u00e9clar\u00e9 dans la toiture de l\u2019\u00e9difice, se propageant rapidement \u00e0 toute la charpente.  \u00a9  Archives PO-OL  &lt;!--TAG-BLC credit--&gt;\" rel=\"galerie_actu nofollow noopener\" target=\"_blank\"><br \/>\n\t<img decoding=\"async\" src=\"https:\/\/www.europesays.com\/fr\/wp-content\/uploads\/2025\/06\/P35291990D6854533G_crop_640-330_.jpg\" alt=\"photo  le feu s\u2019est d\u00e9clar\u00e9 dans la toiture de l\u2019\u00e9difice, se propageant rapidement \u00e0 toute la charpente.  \u00a9  archives po-ol \"\/><br \/>\n\t6<br \/>\n<\/a><\/p>\n<p class=\"elmt-legende\"> Le feu s\u2019est d\u00e9clar\u00e9 dans la toiture de l\u2019\u00e9difice, se propageant rapidement \u00e0 toute la charpente.  \u00a9  Archives PO-OL  <\/p>\n<p><a class=\"mavillebox2\" href=\"https:\/\/maville.com\/photosmvi\/2025\/06\/15\/P35291991D6854533G.jpg\" title=\"les trois quarts de la charpente sont partis en fum\u00e9e. \u00a9  archives sdis 44 \" rel=\"galerie_actu nofollow noopener\" target=\"_blank\"><a class=\"mavillebox2\" href=\"https:\/\/maville.com\/photosmvi\/2025\/06\/15\/P35291992D6854533G.jpg\" title=\"d\u00e9but 2016, des toits parapluies mont\u00e9s sur \u00e9chafaudages ont \u00e9t\u00e9 install\u00e9s au-dessus de l\u2019\u00e9difice. \u00a9  photo archives po-ol \" rel=\"galerie_actu nofollow noopener\" target=\"_blank\"><a class=\"mavillebox2\" href=\"https:\/\/maville.com\/photosmvi\/2025\/06\/15\/P35291993D6854533G.jpg\" title=\"en novembre\u00a02019, le chantier de restauration est \u00e0 mi-parcours. \u00a9  photo archives presse oc\u00e9an-nathalie bourreau \" rel=\"galerie_actu nofollow noopener\" target=\"_blank\"><a class=\"mavillebox2\" href=\"https:\/\/maville.com\/photosmvi\/2025\/06\/15\/P35291994D6854533G.jpg\" title=\"la basilique saint donatien a retrouv\u00e9 toute sa splendeur. \u00a9  photo archives presse oc\u00e9an-nb \" rel=\"galerie_actu nofollow noopener\" target=\"_blank\"><a class=\"mavillebox2\" href=\"https:\/\/maville.com\/photosmvi\/2025\/06\/15\/P35291995D6854533G.jpg\" title=\"la basilique restaur\u00e9e a rouvert au public en ao\u00fbt\u00a02021. \u00a9  photo presse oc\u00e9an-olivier lanrivain \" rel=\"galerie_actu nofollow noopener\" target=\"_blank\"><\/p>\n<p>\t\tLe 15\u00a0juin 2015, un violent incendie ravageait la toiture de la basilique Saint-Donatien, \u00e0 Nantes, provoquant d\u2019\u00e9normes d\u00e9g\u00e2ts. L\u2019\u00e9difice a rouvert six ans plus tard, au terme d\u2019un chantier hors normes qui a redonn\u00e9 \u00e0 l\u2019\u00e9difice toute sa splendeur. Flash-back.<\/p>\n<p><b>Cet article est r\u00e9serv\u00e9 aux abonn\u00e9s<\/b><\/p>\n<p>Pour un acc\u00e8s imm\u00e9diat, abonnez-vous<\/p>\n<p><b>1\u00e8re semaine offerte<\/b><\/p>\n<p>\t\t X.B. \u00a0\u00a0<br \/>\n\t\tPresse-Oc\u00e9an<\/p>\n<p>Retrouvez d&rsquo;autres actus sur la commune de :<\/p>\n<p>\t\t&#13;<\/p>\n","protected":false},"excerpt":{"rendered":"Dimanche 15 juin 2025 15:49 &#8230; 6 Le feu s\u2019est d\u00e9clar\u00e9 dans la toiture de l\u2019\u00e9difice, se propageant&hellip;\n","protected":false},"author":2,"featured_media":178638,"comment_status":"","ping_status":"","sticky":false,"template":"","format":"standard","meta":{"footnotes":""},"categories":[2818],"tags":[1111,11,1764,31552,1777,674,1011,27,1310,9037,766,12,2636,15428,25,31553,17478],"class_list":{"0":"post-178637","1":"post","2":"type-post","3":"status-publish","4":"format-standard","5":"has-post-thumbnail","7":"category-nantes","8":"tag-actu","9":"tag-actualites","10":"tag-ans","11":"tag-basilique","12":"tag-eu","13":"tag-europe","14":"tag-fr","15":"tag-france","16":"tag-incendie","17":"tag-juste","18":"tag-nantes","19":"tag-news","20":"tag-pays-de-la-loire","21":"tag-ravage","22":"tag-republique-francaise","23":"tag-saint-donatien","24":"tag-violent"},"share_on_mastodon":{"url":"https:\/\/pubeurope.com\/@fr\/114688072384479478","error":""},"_links":{"self":[{"href":"https:\/\/www.europesays.com\/fr\/wp-json\/wp\/v2\/posts\/178637","targetHints":{"allow":["GET"]}}],"collection":[{"href":"https:\/\/www.europesays.com\/fr\/wp-json\/wp\/v2\/posts"}],"about":[{"href":"https:\/\/www.europesays.com\/fr\/wp-json\/wp\/v2\/types\/post"}],"author":[{"embeddable":true,"href":"https:\/\/www.europesays.com\/fr\/wp-json\/wp\/v2\/users\/2"}],"replies":[{"embeddable":true,"href":"https:\/\/www.europesays.com\/fr\/wp-json\/wp\/v2\/comments?post=178637"}],"version-history":[{"count":0,"href":"https:\/\/www.europesays.com\/fr\/wp-json\/wp\/v2\/posts\/178637\/revisions"}],"wp:featuredmedia":[{"embeddable":true,"href":"https:\/\/www.europesays.com\/fr\/wp-json\/wp\/v2\/media\/178638"}],"wp:attachment":[{"href":"https:\/\/www.europesays.com\/fr\/wp-json\/wp\/v2\/media?parent=178637"}],"wp:term":[{"taxonomy":"category","embeddable":true,"href":"https:\/\/www.europesays.com\/fr\/wp-json\/wp\/v2\/categories?post=178637"},{"taxonomy":"post_tag","embeddable":true,"href":"https:\/\/www.europesays.com\/fr\/wp-json\/wp\/v2\/tags?post=178637"}],"curies":[{"name":"wp","href":"https:\/\/api.w.org\/{rel}","templated":true}]}}