{"id":178639,"date":"2025-06-15T15:24:09","date_gmt":"2025-06-15T15:24:09","guid":{"rendered":"https:\/\/www.europesays.com\/fr\/178639\/"},"modified":"2025-06-15T15:24:09","modified_gmt":"2025-06-15T15:24:09","slug":"nantes-soffre-le-fc-barcelone-et-monte-sur-le-podium-de-la-ligue-des-champions","status":"publish","type":"post","link":"https:\/\/www.europesays.com\/fr\/178639\/","title":{"rendered":"Nantes s\u2019offre le FC Barcelone et monte sur le podium de la Ligue des champions"},"content":{"rendered":"<p>Battu en demi-finale contre Berlin, Nantes s\u2019est offert le FC Barcelone lors de la petite finale, et monte sur le podium en Ligue des champions.<\/p>\n<p class=\"fig-paragraph\">Hors sujet samedi en demi-finales de la Ligue des champions contre Berlin (24-34), le\u00a0<a href=\"http:\/\/www.lefigaro.fr\/sports\/handball\/ligue-des-champions-nantes-ce-petit-poucet-devenu-si-grand-20250614\" data-fig-type=\"NewsFlash\" data-gtm-custom-categorie=\"navigation\" data-gtm-custom-action=\"crossclick\" data-gtm-custom-label=\"Contextuel\" data-gtm-event=\"customEventSPE\" data-fig-domain=\"LEFIGARO\" rel=\"nofollow noopener\" target=\"_blank\">Handball Club de Nantes<\/a>\u00a0a bien relev\u00e9 la t\u00eate dimanche \u00e0 Cologne, net vainqueur du FC Barcelone (30-25) pour monter sur la troisi\u00e8me marche du podium. Finaliste en 2018 et quatri\u00e8me en 2021, le \u00abH\u00bb se pare cette fois de bronze et termine la saison sur une meilleure impression que celle laiss\u00e9e la veille.<\/p>\n<p class=\"fig-paragraph\">Alors que Nicolas Tournat n&rsquo;avait \u00e9t\u00e9 servi face aux Allemands pour la premi\u00e8re fois qu&rsquo;\u00e0 la 19e minute et avait d\u00fb attendre 10 minutes de plus pour marquer, le pivot a cette fois trouv\u00e9 le chemin des filets d\u00e8s la troisi\u00e8me minute. Le jeu autour de l&rsquo;international fran\u00e7ais (4 buts sur 5 tirs) est redevenu l&rsquo;une des principales armes des Nantais, qui ont aussi pu compter sur les arr\u00eats de leur gardien Ivan Pesic, qui a \u00e9c\u0153ur\u00e9 les Catalans en premi\u00e8re p\u00e9riode (10 arr\u00eats sur 19 tirs, 14\/35 au final). \u00c0 l\u2019issue de laquelle l&rsquo;\u00e9cart a \u00e9t\u00e9 creus\u00e9 (14-9).<\/p>\n<p>Fin de carri\u00e8re pour Vincent G\u00e9rard<\/p>\n<p class=\"fig-paragraph\">L&rsquo;\u00e9quipe de Gr\u00e9gory Cojean est ensuite parvenue \u00e0 contr\u00f4ler le retour du Bar\u00e7a, vainqueur de l&rsquo;\u00e9dition 2024 revenu \u00e0 trois unit\u00e9s \u00e0 quinze minutes de la fin (22-19). Elle voulait vraiment cette m\u00e9daille de bronze, \u00e0 l&rsquo;image de Thibaud Briet haranguant les supporters en leur montrant son maillot apr\u00e8s que la d\u00e9fense a mis en \u00e9chec l&rsquo;attaque barcelonaise \u00e0 10 minutes de la sir\u00e8ne.<\/p>\n<p class=\"fig-paragraph\">Elle a retrouv\u00e9 le plaisir de jouer, \u00e9vapor\u00e9 samedi, comme sur ce \u00abkung fu\u00bb d&rsquo;Aymeric Minne pour Briet (36e). Elle a \u00e9galement \u00e9t\u00e9 servie par les choix de Cojean, qui a relanc\u00e9 les arri\u00e8res Romain Lagarde (3\/4), auteur d&rsquo;un but important \u00e0 six minutes de la fin (27-23), et Ayoub Abdi (4\/5), qui n&rsquo;avaient pas ou peu jou\u00e9 la veille. L&rsquo;ancien gardien des Bleus Vincent G\u00e9rard termine, lui, sa carri\u00e8re sur une d\u00e9faite. Sorti d\u00e9but avril \u00e0 38 ans de sa retraite prise apr\u00e8s les JO-2024 pour une pige de quelques mois au Bar\u00e7a, il est entr\u00e9 en jeu \u00e0 13 minutes de la fin, r\u00e9alisant un arr\u00eat (sur 8 tirs).<\/p>\n","protected":false},"excerpt":{"rendered":"Battu en demi-finale contre Berlin, Nantes s\u2019est offert le FC Barcelone lors de la petite finale, et monte&hellip;\n","protected":false},"author":2,"featured_media":178640,"comment_status":"","ping_status":"","sticky":false,"template":"","format":"standard","meta":{"footnotes":""},"categories":[2818],"tags":[1111,11,2207,69,525,2211,2212,2210,1981,2206,64,1777,674,1011,27,1792,2209,447,2208,766,12,2636,25,1980],"class_list":{"0":"post-178639","1":"post","2":"type-post","3":"status-publish","4":"format-standard","5":"has-post-thumbnail","7":"category-nantes","8":"tag-actu","9":"tag-actualites","10":"tag-bleus","11":"tag-bundesliga","12":"tag-calendrier","13":"tag-championnat-deurope","14":"tag-championnat-du-monde","15":"tag-ciudad-real","16":"tag-classement","17":"tag-division-1","18":"tag-equipe-de-france","19":"tag-eu","20":"tag-europe","21":"tag-fr","22":"tag-france","23":"tag-handball","24":"tag-kiel","25":"tag-ligue-des-champions","26":"tag-montpellier","27":"tag-nantes","28":"tag-news","29":"tag-pays-de-la-loire","30":"tag-republique-francaise","31":"tag-resultats"},"share_on_mastodon":{"url":"https:\/\/pubeurope.com\/@fr\/114688076216306452","error":""},"_links":{"self":[{"href":"https:\/\/www.europesays.com\/fr\/wp-json\/wp\/v2\/posts\/178639","targetHints":{"allow":["GET"]}}],"collection":[{"href":"https:\/\/www.europesays.com\/fr\/wp-json\/wp\/v2\/posts"}],"about":[{"href":"https:\/\/www.europesays.com\/fr\/wp-json\/wp\/v2\/types\/post"}],"author":[{"embeddable":true,"href":"https:\/\/www.europesays.com\/fr\/wp-json\/wp\/v2\/users\/2"}],"replies":[{"embeddable":true,"href":"https:\/\/www.europesays.com\/fr\/wp-json\/wp\/v2\/comments?post=178639"}],"version-history":[{"count":0,"href":"https:\/\/www.europesays.com\/fr\/wp-json\/wp\/v2\/posts\/178639\/revisions"}],"wp:featuredmedia":[{"embeddable":true,"href":"https:\/\/www.europesays.com\/fr\/wp-json\/wp\/v2\/media\/178640"}],"wp:attachment":[{"href":"https:\/\/www.europesays.com\/fr\/wp-json\/wp\/v2\/media?parent=178639"}],"wp:term":[{"taxonomy":"category","embeddable":true,"href":"https:\/\/www.europesays.com\/fr\/wp-json\/wp\/v2\/categories?post=178639"},{"taxonomy":"post_tag","embeddable":true,"href":"https:\/\/www.europesays.com\/fr\/wp-json\/wp\/v2\/tags?post=178639"}],"curies":[{"name":"wp","href":"https:\/\/api.w.org\/{rel}","templated":true}]}}