{"id":178660,"date":"2025-06-15T15:36:12","date_gmt":"2025-06-15T15:36:12","guid":{"rendered":"https:\/\/www.europesays.com\/fr\/178660\/"},"modified":"2025-06-15T15:36:12","modified_gmt":"2025-06-15T15:36:12","slug":"litineraire-brise-de-nicolas-larue-un-thouarsais-tue-par-la-police-en-ile-de-france","status":"publish","type":"post","link":"https:\/\/www.europesays.com\/fr\/178660\/","title":{"rendered":"l\u2019itin\u00e9raire bris\u00e9 de Nicolas Larue, un Thouarsais tu\u00e9 par la police en \u00cele-de-France"},"content":{"rendered":"<p>Le 26\u00a0f\u00e9vrier 2025, sous un abri de bus de Dugny (Seine-Saint-Denis), un ambulancier remarque un homme visiblement v\u00e9h\u00e9ment, et surtout arm\u00e9 de couteaux. Il alerte alors la police, et une patrouille se rend rapidement sur les lieux. \u00c0 la vue des agents, l\u2019homme s\u2019avance d\u2019un pas d\u00e9cid\u00e9 vers les repr\u00e9sentants des forces de l\u2019ordre, une arme blanche dans chaque main. L\u2019un des policiers tire avec son pistolet \u00e0 impulsion \u00e9lectrique. Mais l\u2019\u00e9paisse couche de v\u00eatements que porte l\u2019homme, sans-abri, en plein hiver, le prot\u00e8ge de la d\u00e9charge. Il continue sa course. L\u2019autre agent fait cette fois usage de son arme \u00e0 feu, et <a target=\"_self\" href=\"https:\/\/www.lanouvellerepublique.fr\/a-la-une\/en-seine-saint-denis-un-homme-porteur-de-couteaux-tue-par-la-police-1740564721\" rel=\"nofollow noopener\">l\u2019homme s\u2019effondre, mortellement touch\u00e9<\/a>.<\/p>\n<p>Huit mois sans traitement<\/p>\n<p>En voyant la sc\u00e8ne aux informations au travers des images de vid\u00e9osurveillance, H\u00e9l\u00e8ne Larue, habitante de Saint-Jean-de-Thouars, a un pressentiment\u00a0: \u00ab\u00a0Et si l\u2019homme \u00e0 terre c\u2019\u00e9tait Nicolas\u00a0?\u00a0\u00bb Son fr\u00e8re, Thouarsais, a d\u00e9cid\u00e9 de rompre tous ses liens familiaux le 13\u00a0juillet 2024. Depuis cette date, plus personne n\u2019a eu de nouvelles. Signal\u00e9e \u00e0 la gendarmerie de Saint-Varent, la disparition est m\u00eame jug\u00e9e inqui\u00e9tante. Nicolas Larue, souffrant de\u00a0schizophr\u00e9nie, est plac\u00e9 sous curatelle renforc\u00e9e et sous le statut de majeur prot\u00e9g\u00e9. Les militaires prennent l\u2019affaire au s\u00e9rieux&#8230;. <\/p>\n<p>    Cet article a \u00e9t\u00e9 tronqu\u00e9. Abonnez-vous pour lire l&rsquo;article complet sur notre site.<\/p>\n<p style=\"margin: 0 !important; padding: 0 !important; font-size: 12px !important;\">Cet article a \u00e9t\u00e9 tronqu\u00e9. Abonnez-vous pour lire l&rsquo;article complet.<\/p>\n<p>    <a href=\"https:\/\/www.lanouvellerepublique.fr\/abonnements\" style=\"display: inline-block; margin-top: 5px !important; padding: 6px 12px !important; background: #cb1c27; color: white; text-decoration: none; border-radius: 4px; font-size: 12px !important;\" rel=\"nofollow noopener\" target=\"_blank\"><br \/>\n      S&rsquo;abonner<br \/>\n    <\/a><\/p>\n","protected":false},"excerpt":{"rendered":"Le 26\u00a0f\u00e9vrier 2025, sous un abri de bus de Dugny (Seine-Saint-Denis), un ambulancier remarque un homme visiblement v\u00e9h\u00e9ment,&hellip;\n","protected":false},"author":2,"featured_media":178661,"comment_status":"","ping_status":"","sticky":false,"template":"","format":"standard","meta":{"footnotes":""},"categories":[1592],"tags":[1392,1111,11,1777,674,274,1011,27,662,12,626,1072,25,2665],"class_list":{"0":"post-178660","1":"post","2":"type-post","3":"status-publish","4":"format-standard","5":"has-post-thumbnail","7":"category-ile-de-france","8":"tag-a-la-une-local","9":"tag-actu","10":"tag-actualites","11":"tag-eu","12":"tag-europe","13":"tag-faits-divers-justice","14":"tag-fr","15":"tag-france","16":"tag-ile-de-france","17":"tag-news","18":"tag-paris","19":"tag-police","20":"tag-republique-francaise","21":"tag-thouars"},"share_on_mastodon":{"url":"https:\/\/pubeurope.com\/@fr\/114688123467699432","error":""},"_links":{"self":[{"href":"https:\/\/www.europesays.com\/fr\/wp-json\/wp\/v2\/posts\/178660","targetHints":{"allow":["GET"]}}],"collection":[{"href":"https:\/\/www.europesays.com\/fr\/wp-json\/wp\/v2\/posts"}],"about":[{"href":"https:\/\/www.europesays.com\/fr\/wp-json\/wp\/v2\/types\/post"}],"author":[{"embeddable":true,"href":"https:\/\/www.europesays.com\/fr\/wp-json\/wp\/v2\/users\/2"}],"replies":[{"embeddable":true,"href":"https:\/\/www.europesays.com\/fr\/wp-json\/wp\/v2\/comments?post=178660"}],"version-history":[{"count":0,"href":"https:\/\/www.europesays.com\/fr\/wp-json\/wp\/v2\/posts\/178660\/revisions"}],"wp:featuredmedia":[{"embeddable":true,"href":"https:\/\/www.europesays.com\/fr\/wp-json\/wp\/v2\/media\/178661"}],"wp:attachment":[{"href":"https:\/\/www.europesays.com\/fr\/wp-json\/wp\/v2\/media?parent=178660"}],"wp:term":[{"taxonomy":"category","embeddable":true,"href":"https:\/\/www.europesays.com\/fr\/wp-json\/wp\/v2\/categories?post=178660"},{"taxonomy":"post_tag","embeddable":true,"href":"https:\/\/www.europesays.com\/fr\/wp-json\/wp\/v2\/tags?post=178660"}],"curies":[{"name":"wp","href":"https:\/\/api.w.org\/{rel}","templated":true}]}}