{"id":178664,"date":"2025-06-15T15:38:12","date_gmt":"2025-06-15T15:38:12","guid":{"rendered":"https:\/\/www.europesays.com\/fr\/178664\/"},"modified":"2025-06-15T15:38:12","modified_gmt":"2025-06-15T15:38:12","slug":"paris-le-conducteur-dune-moto-taxi-tente-deviter-un-cycliste-et-chute-mortellement-contre-le-trottoir","status":"publish","type":"post","link":"https:\/\/www.europesays.com\/fr\/178664\/","title":{"rendered":"Paris\u00a0: le conducteur d\u2019une moto-taxi tente d\u2019\u00e9viter un cycliste et chute mortellement contre le trottoir"},"content":{"rendered":"<p class=\"paragraph text_align_left\">Un grave accident de la route a co\u00fbt\u00e9 la vie \u00e0 un chauffeur de moto-taxi ce samedi soir \u00e0 Paris, dans le VIIIe arrondissement. Les faits se sont d\u00e9roul\u00e9s aux alentours de 22h15, \u00e0 hauteur du 11, avenue de Friedland, l\u2019art\u00e8re qui relie le boulevard Haussmann \u00e0 la place de l\u2019\u00c9toile, \u00e0 deux pas des Champs-\u00c9lys\u00e9es.<\/p>\n<p class=\"paragraph text_align_left\">Selon les premiers \u00e9l\u00e9ments, le drame est survenu en quelques secondes. Le conducteur de la moto-taxi transportait un client lorsqu\u2019il aurait tent\u00e9 une man\u0153uvre d\u2019\u00e9vitement, touchant l\u00e9g\u00e8rement un cycliste. Ce m\u00eame conducteur aurait alors perdu le contr\u00f4le de son deux-roues avant de chuter violemment contre le rebord d\u2019un trottoir.<\/p>\n<p>Le passager et le cycliste en urgence relative<\/p>\n<p class=\"paragraph text_align_left\">Les services de secours sont rapidement intervenus et ont tent\u00e9 de le r\u00e9animer, en vain. Le d\u00e9c\u00e8s a \u00e9t\u00e9 d\u00e9clar\u00e9 \u00e0 22h30 soit quelques minutes seulement apr\u00e8s l\u2019accident. Les deux autres personnes impliqu\u00e9es ont aussi \u00e9t\u00e9 prises en charge par les secours, en urgence relative.<\/p>\n<p class=\"paragraph text_align_left\">D\u2019apr\u00e8s une source polici\u00e8re, le passager de la moto-taxi, victime de dermabrasions a \u00e9t\u00e9 transport\u00e9 \u00e0 l\u2019h\u00f4pital pour des examens compl\u00e9mentaires. Quant au cycliste, il a \u00e9galement \u00e9t\u00e9 pris en charge et conduit \u00e0 l\u2019h\u00f4pital Bichat (XVIIIe) en urgence relative.<\/p>\n<p class=\"paragraph text_align_left\">Le service du traitement judiciaire des accidents a \u00e9t\u00e9 saisi afin de faire la lumi\u00e8re sur les circonstances de ce drame. Cet accident rappelle la vuln\u00e9rabilit\u00e9 des deux-roues dans la capitale o\u00f9 la <a href=\"https:\/\/www.leparisien.fr\/info-paris-ile-de-france-oise\/transports\/voitures-et-velos-comment-prevenir-les-tensions-sur-la-route-31-10-2024-4L3N76V73JHPLEVDMQCJDLUTKQ.php\" target=\"_blank\" rel=\"noreferrer nofollow noopener\">cohabitation entre les diff\u00e9rents usagers de la route<\/a> reste un enjeu majeur de s\u00e9curit\u00e9.<\/p>\n","protected":false},"excerpt":{"rendered":"Un grave accident de la route a co\u00fbt\u00e9 la vie \u00e0 un chauffeur de moto-taxi ce samedi soir&hellip;\n","protected":false},"author":2,"featured_media":178665,"comment_status":"","ping_status":"","sticky":false,"template":"","format":"standard","meta":{"footnotes":""},"categories":[1888],"tags":[1111,1928,11,1927,1777,674,118,1011,27,1944,12,1926,626,1925,25],"class_list":{"0":"post-178664","1":"post","2":"type-post","3":"status-publish","4":"format-standard","5":"has-post-thumbnail","7":"category-paris","8":"tag-actu","9":"tag-actu-paris","10":"tag-actualites","11":"tag-actualites-paris","12":"tag-eu","13":"tag-europe","14":"tag-faits-divers","15":"tag-fr","16":"tag-france","17":"tag-ma-ville","18":"tag-news","19":"tag-news-paris","20":"tag-paris","21":"tag-paris-news","22":"tag-republique-francaise"},"share_on_mastodon":{"url":"https:\/\/pubeurope.com\/@fr\/114688131281599919","error":""},"_links":{"self":[{"href":"https:\/\/www.europesays.com\/fr\/wp-json\/wp\/v2\/posts\/178664","targetHints":{"allow":["GET"]}}],"collection":[{"href":"https:\/\/www.europesays.com\/fr\/wp-json\/wp\/v2\/posts"}],"about":[{"href":"https:\/\/www.europesays.com\/fr\/wp-json\/wp\/v2\/types\/post"}],"author":[{"embeddable":true,"href":"https:\/\/www.europesays.com\/fr\/wp-json\/wp\/v2\/users\/2"}],"replies":[{"embeddable":true,"href":"https:\/\/www.europesays.com\/fr\/wp-json\/wp\/v2\/comments?post=178664"}],"version-history":[{"count":0,"href":"https:\/\/www.europesays.com\/fr\/wp-json\/wp\/v2\/posts\/178664\/revisions"}],"wp:featuredmedia":[{"embeddable":true,"href":"https:\/\/www.europesays.com\/fr\/wp-json\/wp\/v2\/media\/178665"}],"wp:attachment":[{"href":"https:\/\/www.europesays.com\/fr\/wp-json\/wp\/v2\/media?parent=178664"}],"wp:term":[{"taxonomy":"category","embeddable":true,"href":"https:\/\/www.europesays.com\/fr\/wp-json\/wp\/v2\/categories?post=178664"},{"taxonomy":"post_tag","embeddable":true,"href":"https:\/\/www.europesays.com\/fr\/wp-json\/wp\/v2\/tags?post=178664"}],"curies":[{"name":"wp","href":"https:\/\/api.w.org\/{rel}","templated":true}]}}