{"id":178670,"date":"2025-06-15T15:41:13","date_gmt":"2025-06-15T15:41:13","guid":{"rendered":"https:\/\/www.europesays.com\/fr\/178670\/"},"modified":"2025-06-15T15:41:13","modified_gmt":"2025-06-15T15:41:13","slug":"feux-de-brousse-tour-dhorizon-au-bresil-en-russie-en-grece-et-en-afrique-du-sud","status":"publish","type":"post","link":"https:\/\/www.europesays.com\/fr\/178670\/","title":{"rendered":"Feux de brousse: tour d&rsquo;horizon au Br\u00e9sil, en Russie, en Gr\u00e8ce et en Afrique du Sud"},"content":{"rendered":"<ol class=\"m-breadcrumb__list\">\n<li class=\"m-breadcrumb__list__item\"><a href=\"https:\/\/www.rfi.fr\/fr\/\" class=\"m-breadcrumb__list__item__link a-svg a-svg--picto-home\" aria-label=\"Retour \u00e0 l&#039;accueil\" target=\"_blank\" rel=\"noopener\"><br \/>\n                        Retour \u00e0 l&rsquo;accueil<br \/>\n                    <\/a><\/li>\n<li class=\"m-breadcrumb__list__item\">\/<a href=\"https:\/\/www.rfi.fr\/fr\/podcasts\/\" class=\"m-breadcrumb__list__item__link\" target=\"_blank\" rel=\"noopener\"><br \/>\n                        Podcasts<br \/>\n                    <\/a><\/li>\n<li class=\"m-breadcrumb__list__item\">\/<a href=\"https:\/\/www.rfi.fr\/fr\/podcasts\/tour-monde-correspondants\/\" class=\"m-breadcrumb__list__item__link\" target=\"_blank\" rel=\"noopener\"><br \/>\n                        Tour du monde des correspondants<br \/>\n                    <\/a><\/li>\n<\/ol>\n<p class=\"t-content__chapo\">\n                                                Le Canada est toujours en feu. Cette semaine, ce sont plus de 220 incendies qui \u00e9taient r\u00e9pertori\u00e9s dans les for\u00eats canadiennes, dont plus une centaine hors de contr\u00f4le, principalement dans le centre, au Saskatchewan, au Manitoba et en Ontario. La saison estivale s&rsquo;accompagne g\u00e9n\u00e9ralement d&rsquo;un risque \u00e9lev\u00e9 et continu d&rsquo;incendies de for\u00eats. L&rsquo;occasion de se pencher sur les pays particuli\u00e8rement concern\u00e9s par cette probl\u00e9matique des feux avec nos correspondants au Br\u00e9sil, en Russie, en Gr\u00e8ce et en Afrique du Sud.                    <\/p>\n<p>        <img decoding=\"async\" fetchpriority=\"low\" src=\"https:\/\/www.europesays.com\/fr\/wp-content\/uploads\/2025\/06\/GettyImages-1444015505.jpg\" alt=\"Lorsque les feux de brousse se propagent, c'est toute une localit\u00e9 qui est en danger. (Image d'illustration)\"   width=\"980\" height=\"551\" loading=\"eager\" class=\"m-figure__img lazy\"\/><\/p>\n<p>                Lorsque les feux de brousse se propagent, c&rsquo;est toute une localit\u00e9 qui est en danger. (Image d&rsquo;illustration)                Getty Images &#8211; Visoot Uthairam            <\/p>\n<p>Poursuivez votre lecture sur les m\u00eames th\u00e8mes :<\/p>\n","protected":false},"excerpt":{"rendered":"Retour \u00e0 l&rsquo;accueil \/ Podcasts \/ Tour du monde des correspondants Le Canada est toujours en feu. Cette&hellip;\n","protected":false},"author":2,"featured_media":178671,"comment_status":"","ping_status":"","sticky":false,"template":"","format":"standard","meta":{"footnotes":""},"categories":[1591],"tags":[11,5594,2548,436,1887,8906,74,12,1885,1886,132,31560],"class_list":{"0":"post-178670","1":"post","2":"type-post","3":"status-publish","4":"format-standard","5":"has-post-thumbnail","7":"category-russie","8":"tag-actualites","9":"tag-afrique-du-sud","10":"tag-bresil","11":"tag-environnement","12":"tag-federation-de-russie","13":"tag-grece","14":"tag-monde","15":"tag-news","16":"tag-russia","17":"tag-russian-federation","18":"tag-russie","19":"tag-tour-du-monde-des-correspondants"},"share_on_mastodon":{"url":"https:\/\/pubeurope.com\/@fr\/114688143193158734","error":""},"_links":{"self":[{"href":"https:\/\/www.europesays.com\/fr\/wp-json\/wp\/v2\/posts\/178670","targetHints":{"allow":["GET"]}}],"collection":[{"href":"https:\/\/www.europesays.com\/fr\/wp-json\/wp\/v2\/posts"}],"about":[{"href":"https:\/\/www.europesays.com\/fr\/wp-json\/wp\/v2\/types\/post"}],"author":[{"embeddable":true,"href":"https:\/\/www.europesays.com\/fr\/wp-json\/wp\/v2\/users\/2"}],"replies":[{"embeddable":true,"href":"https:\/\/www.europesays.com\/fr\/wp-json\/wp\/v2\/comments?post=178670"}],"version-history":[{"count":0,"href":"https:\/\/www.europesays.com\/fr\/wp-json\/wp\/v2\/posts\/178670\/revisions"}],"wp:featuredmedia":[{"embeddable":true,"href":"https:\/\/www.europesays.com\/fr\/wp-json\/wp\/v2\/media\/178671"}],"wp:attachment":[{"href":"https:\/\/www.europesays.com\/fr\/wp-json\/wp\/v2\/media?parent=178670"}],"wp:term":[{"taxonomy":"category","embeddable":true,"href":"https:\/\/www.europesays.com\/fr\/wp-json\/wp\/v2\/categories?post=178670"},{"taxonomy":"post_tag","embeddable":true,"href":"https:\/\/www.europesays.com\/fr\/wp-json\/wp\/v2\/tags?post=178670"}],"curies":[{"name":"wp","href":"https:\/\/api.w.org\/{rel}","templated":true}]}}