{"id":178701,"date":"2025-06-15T16:00:10","date_gmt":"2025-06-15T16:00:10","guid":{"rendered":"https:\/\/www.europesays.com\/fr\/178701\/"},"modified":"2025-06-15T16:00:10","modified_gmt":"2025-06-15T16:00:10","slug":"rachida-dati-pacsee-mariee-amoureuse-elle-devoile-comme-rarement-sa-vie-privee","status":"publish","type":"post","link":"https:\/\/www.europesays.com\/fr\/178701\/","title":{"rendered":"Rachida Dati pacs\u00e9e ? Mari\u00e9e ? Amoureuse ? Elle d\u00e9voile comme rarement sa vie priv\u00e9e"},"content":{"rendered":"<p>Visage incontournable du paysage politique fran\u00e7ais depuis d\u00e9j\u00e0<br \/>\nde tr\u00e8s nombreuses ann\u00e9es. Rachida Dati a longtemps \u00e9t\u00e9 <strong>une<br \/>\nfigure embl\u00e9matique du parti Les R\u00e9publicains<\/strong>. Avant de<br \/>\ns&rsquo;allier au pr\u00e9sident de la R\u00e9publique <a href=\"https:\/\/www.telestar.fr\/people\/emmanuel-macron-gifle-par-brigitte-cette-specialiste-a-lu-tres-clair-dans-leurs-attitudes-post-polemique-1725021\" rel=\"nofollow noopener\" target=\"_blank\"><br \/>\nEmmanuel Macron<\/a> lorsqu&rsquo;elle a rejoint le gouvernement. Pour<br \/>\nrappel, l&rsquo;ancienne ministre de la justice de <a href=\"https:\/\/www.closermag.fr\/people\/nicolas-sarkozy-aux-anges-lancien-president-a-bien-celebre-la-victoire-du-psg-la-preuve-en-video-3550471\" rel=\"nofollow noopener\" target=\"_blank\"><br \/>\nNicolas Sarkozy<\/a> occupe actuellement le poste de ministre de la<br \/>\nCulture.<\/p>\n<p>Apr\u00e8s avoir \u00e9chou\u00e9 \u00e0 \u00eatre \u00e9lue maire de Paris face \u00e0 <a href=\"https:\/\/www.closermag.fr\/people\/le-psg-champion-deurope-rachida-dati-a-mis-une-droite-a-anne-hidalgo-et-le-match-est-plie-3550914\" rel=\"nofollow noopener\" target=\"_blank\"><br \/>\nAnne Hidalgo<\/a> en 2020. <strong>Rachida Dati esp\u00e8re lui succ\u00e9der<br \/>\nen 2026<\/strong>, \u00e9tant donn\u00e9 que sa grande rivale ne se<br \/>\nrepr\u00e9sentera pas pour briguer un nouveau mandat. Le 12 juin 2025,<br \/>\nla ministre de la Culture \u00e9tait de passage dans les locaux de la<br \/>\nCom\u00e9die-Fran\u00e7aise. Sur place, elle a r\u00e9pondu aux questions des<br \/>\njournalistes du Papotin.<\/p>\n<p>Rachida Dati : \u00ab\u00a0Je ne suis pas mari\u00e9e, je ne suis pas<br \/>\npacs\u00e9e\u00a0\u00bb<\/p>\n<p>Au cours de sa rencontre avec les reporters de ce journal.<br \/>\n<strong>Rachida Dati s&rsquo;est livr\u00e9e comme rarement au sujet de sa vie<br \/>\npriv\u00e9e<\/strong>. \u00ab\u00a0Je ne suis pas mari\u00e9e, je ne suis<br \/>\npas pacs\u00e9e\u00a0\u00bb, a ainsi affirm\u00e9 l&rsquo;ancienne garde des Sceaux.<br \/>\nCependant, elle a \u00e9galement laiss\u00e9 sous-entendre qu&rsquo;elle<br \/>\npartagerait la vie de quelqu&rsquo;un actuellement. Par le pass\u00e9, la<br \/>\nministre de la Culture a r\u00e9v\u00e9l\u00e9 pour quelles raisons elle ne<br \/>\ns&rsquo;affichait jamais publiquement avec son conjoint.<\/p>\n<p>\u00ab\u00a0Je n\u2019en vois pas l\u2019int\u00e9r\u00eat. Mais vous avez remarqu\u00e9, y<br \/>\ncompris dans vos pages, que les hommes le font plus volontiers ? Et<br \/>\npourquoi ? <strong>Parce qu\u2019on ne les juge pas.<\/strong> Ils<br \/>\npeuvent changer d\u2019\u00e9pouse, de compagne, de compagnon\u2026 sans<br \/>\ncommentaire d\u00e9sobligeant. Au contraire, on les trouve m\u00eame<br \/>\nformidables d\u2019afficher une nouvelle conqu\u00eate\u00a0\u00bb, avait<br \/>\npremi\u00e8rement d\u00e9clar\u00e9 Rachida Dati dans les colonnes de<br \/>\nGala en 2023.<\/p>\n<p>La ministre de la culture essaie de<br \/>\npr\u00e9server sa fille Zohra face aux attaques dont elle peut faire<br \/>\nl&rsquo;objet<\/p>\n<p>\u00ab\u00a0Alors qu\u2019une femme, si elle affiche diff\u00e9rentes relations,<br \/>\non la dit instable, s\u00e9ductrice voire pire. D\u2019ailleurs, vous<br \/>\nremarquerez que tr\u00e8s peu de femmes politiques le font. Et quand<br \/>\nelles le font, ce sont elles que l\u2019on juge. <strong>Et tr\u00e8s souvent<br \/>\nde mani\u00e8re peu agr\u00e9able<\/strong>\u00ab\u00a0, avait ensuite ajout\u00e9<br \/>\nl&rsquo;ancienne ministre de la Justice. Rachida Dati avait \u00e9galement<br \/>\n\u00e9voqu\u00e9 l&rsquo;impact de sa vie publique sur le quotidien de sa fille<br \/>\nZohra, aujourd&rsquo;hui \u00e2g\u00e9e de 16 ans.<\/p>\n<p>\u00ab\u00a0J\u2019ai conscience que ma vie publique, h\u00e9las, peut g\u00eaner son<br \/>\nquotidien. Les attaques personnelles sont amplifi\u00e9es par les<br \/>\nr\u00e9seaux sociaux. <strong>\u00c0 l\u2019adolescence, c\u2019est d\u2019autant plus<br \/>\nperturbant.<\/strong> Elle pr\u00e9f\u00e9rerait sans doute que j\u2019exerce une<br \/>\nautre activit\u00e9. J\u2019essaie de la pr\u00e9server de l\u2019hostilit\u00e9 mais il<br \/>\nm\u2019arrive d\u2019\u00eatre d\u00e9munie\u00a0\u00bb, avait finalement conclu Rachida<br \/>\nDati.<\/p>\n","protected":false},"excerpt":{"rendered":"Visage incontournable du paysage politique fran\u00e7ais depuis d\u00e9j\u00e0 de tr\u00e8s nombreuses ann\u00e9es. Rachida Dati a longtemps \u00e9t\u00e9 une&hellip;\n","protected":false},"author":2,"featured_media":178702,"comment_status":"","ping_status":"","sticky":false,"template":"","format":"standard","meta":{"footnotes":""},"categories":[1359],"tags":[548,58,59,1011,27,973,417,729],"class_list":{"0":"post-178701","1":"post","2":"type-post","3":"status-publish","4":"format-standard","5":"has-post-thumbnail","7":"category-people","8":"tag-article-simple","9":"tag-divertissement","10":"tag-entertainment","11":"tag-fr","12":"tag-france","13":"tag-people","14":"tag-rachida-dati","15":"tag-yout_video"},"share_on_mastodon":{"url":"https:\/\/pubeurope.com\/@fr\/114688217816434253","error":""},"_links":{"self":[{"href":"https:\/\/www.europesays.com\/fr\/wp-json\/wp\/v2\/posts\/178701","targetHints":{"allow":["GET"]}}],"collection":[{"href":"https:\/\/www.europesays.com\/fr\/wp-json\/wp\/v2\/posts"}],"about":[{"href":"https:\/\/www.europesays.com\/fr\/wp-json\/wp\/v2\/types\/post"}],"author":[{"embeddable":true,"href":"https:\/\/www.europesays.com\/fr\/wp-json\/wp\/v2\/users\/2"}],"replies":[{"embeddable":true,"href":"https:\/\/www.europesays.com\/fr\/wp-json\/wp\/v2\/comments?post=178701"}],"version-history":[{"count":0,"href":"https:\/\/www.europesays.com\/fr\/wp-json\/wp\/v2\/posts\/178701\/revisions"}],"wp:featuredmedia":[{"embeddable":true,"href":"https:\/\/www.europesays.com\/fr\/wp-json\/wp\/v2\/media\/178702"}],"wp:attachment":[{"href":"https:\/\/www.europesays.com\/fr\/wp-json\/wp\/v2\/media?parent=178701"}],"wp:term":[{"taxonomy":"category","embeddable":true,"href":"https:\/\/www.europesays.com\/fr\/wp-json\/wp\/v2\/categories?post=178701"},{"taxonomy":"post_tag","embeddable":true,"href":"https:\/\/www.europesays.com\/fr\/wp-json\/wp\/v2\/tags?post=178701"}],"curies":[{"name":"wp","href":"https:\/\/api.w.org\/{rel}","templated":true}]}}