{"id":178710,"date":"2025-06-15T16:05:09","date_gmt":"2025-06-15T16:05:09","guid":{"rendered":"https:\/\/www.europesays.com\/fr\/178710\/"},"modified":"2025-06-15T16:05:09","modified_gmt":"2025-06-15T16:05:09","slug":"le-festival-international-du-film-danimation-dannecy-couronne-arco-dugo-bienvenu-amelie-et-la-metaphysique-des-tubes-remporte-le-prix-du-public","status":"publish","type":"post","link":"https:\/\/www.europesays.com\/fr\/178710\/","title":{"rendered":"Le festival international du film d\u2019animation d\u2019Annecy couronne Arco d\u2019Ugo Bienvenu, Am\u00e9lie et la m\u00e9taphysique des tubes remporte le prix du public"},"content":{"rendered":"<p>Pour clore en beaut\u00e9 sa 49e \u00e9dition, le jury du festival a distingu\u00e9 des premi\u00e8res \u0153uvres innovantes et audacieuses qui portent des r\u00e9cits centr\u00e9s sur la jeunesse, la diversit\u00e9 et l\u2019acceptation de la diff\u00e9rence.<\/p>\n<p class=\"fig-paragraph\">Comme \u00e0 son habitude, le festival international du film d\u2019animation d\u2019Annecy a \u00e9t\u00e9 marqu\u00e9 par une s\u00e9lection tourn\u00e9e vers la jeunesse, l\u2019espace, la diversit\u00e9 et l\u2019acception de la diff\u00e9rence.\u00a0Ces tendances se retrouvent logiquement dans le palmar\u00e8s. Apr\u00e8s avoir salu\u00e9 d\u2019un Cristal d\u2019honneur\u00a0<a href=\"http:\/\/www.lefigaro.fr\/cinema\/le-festival-d-annecy-devoile-sa-programmation-avec-michel-gondry-en-invite-d-honneur-20250427\" data-fig-type=\"Article\" data-gtm-custom-categorie=\"navigation\" data-gtm-custom-action=\"crossclick\" data-gtm-custom-label=\"Contextuel\" data-gtm-event=\"customEventSPE\" data-fig-domain=\"LEFIGARO\" target=\"_blank\" rel=\"noopener\">Michel Gondry<\/a>\u00a0et\u00a0<a href=\"http:\/\/tvmag.lefigaro.fr\/programme-tv\/series\/futurama-l-autre-serie-culte-de-matt-groening-ressuscitee-sur-disney-20230724\" data-fig-type=\"Article\" data-gtm-custom-categorie=\"navigation\" data-gtm-custom-action=\"crossclick\" data-gtm-custom-label=\"Contextuel\" data-gtm-event=\"customEventSPE\" data-fig-domain=\"TVMAG\" target=\"_blank\" rel=\"noopener\">Matt Groening<\/a>, et pass\u00e9 sept jours d\u2019une \u00e9dition exceptionnelle r\u00e9unissant 18.200 accr\u00e9dit\u00e9s en provenance de 118 pays, le jury du rendez-vous mondial du cin\u00e9ma d\u2019animation a remis son palmar\u00e8s.<\/p>\n<p class=\"fig-paragraph\">Cette ann\u00e9e, le Cristal du meilleur film revient \u00e0 Arco, premier long-m\u00e9trage d\u2019Ugo Bienvenu. Bien connu du monde de la bande dessin\u00e9e, l\u2019auteur de Pr\u00e9f\u00e9rence syst\u00e8me, fils de diplomate ayant pass\u00e9 son enfance au Guatemala, raconte l\u2019histoire d\u2019une amiti\u00e9 entre deux enfants par-del\u00e0 le temps et l\u2019espace. Po\u00e9tique, flamboyant, d\u2019une beaut\u00e9 vibrante et portant des valeurs d\u2019espoir, ce film d\u2019anticipation magnifique rappelle par bien des aspects les films de Ren\u00e9 Laloux, de Plan\u00e8te Sauvage avec Roland Topor (1973) aux Ma\u00eetres du temps avec Moebius (1982).<\/p>\n<p class=\"fig-paragraph\">L\u2019intrigue d\u2019Arco commence par mettre en sc\u00e8ne un \u00e9trange arc-en-ciel. D\u2019ailleurs, et si les arcs-en-ciel \u00e9taient en r\u00e9alit\u00e9 des gens qui voyagent dans le temps\u00a0? Arco, 10 ans, vit dans un futur lointain. Lors de son premier vol dans sa combinaison multicolore, il perd le contr\u00f4le, sort de sa trajectoire et atterrit dans notre futur proche. Iris, une petite fille de son \u00e2ge, l\u2019a vu tomber du ciel. Elle va l\u2019aider par tous les moyens \u00e0 rentrer chez lui.<\/p>\n<p class=\"fig-paragraph\">Pr\u00e9sent\u00e9 en s\u00e9ance sp\u00e9ciale au dernier festival de Cannes, le film d\u2019Ugo Bienvenu produit par F\u00e9lix de Givry, Sophie Mas, Natalie Portman sortira en salle en France en 2025.<\/p>\n<p class=\"fig-paragraph\">L\u2019autre premier film d\u2019animation qui retient l\u2019attention de ce palmar\u00e8s \u00e9clectique et audacieux, est sans aucun doute Am\u00e9lie et la m\u00e9taphysique des tubes. R\u00e9alis\u00e9 par Mailys Vallade et Liane-Cho Han d\u2019apr\u00e8s le roman \u00e9ponyme d\u2019<a href=\"http:\/\/www.lefigaro.fr\/livres\/le-japon-eternel-d-amelie-nothomb-et-laureline-amanieux-pour-les-passionnes-du-pays-du-soleil-levant-20241211\" data-fig-type=\"Article\" data-gtm-custom-categorie=\"navigation\" data-gtm-custom-action=\"crossclick\" data-gtm-custom-label=\"Contextuel\" data-gtm-event=\"customEventSPE\" data-fig-domain=\"LEFIGARO\" target=\"_blank\" rel=\"noopener\">Am\u00e9lie Nothomb<\/a>, ce film d\u2019une grande beaut\u00e9 plastique et d\u2019une audace graphique \u00e9tonnante a \u00e9t\u00e9 longuement ovationn\u00e9 lors de sa projection au Centre Bonlieu.<\/p>\n<p class=\"fig-paragraph\">L\u2019intrigue se concentre sur les trois premi\u00e8res ann\u00e9es de la vie d\u2019Am\u00e9lie avec ses parents, son fr\u00e8re et sa s\u0153ur au Japon o\u00f9 le papa est diplomate. Le film suit la prime \u00e9volution d\u2019une toute petite h\u00e9ro\u00efne aux grands yeux verts, tour \u00e0 tour confront\u00e9e \u00e0 la disparition de sa grand-m\u00e8re ador\u00e9e et au d\u00e9part brutal de sa nounou japonaise avec laquelle elle entretenait une relation fusionnelle. Produit par la soci\u00e9t\u00e9 d\u2019Henri Magalon Maybe Films, ce premier long-m\u00e9trage devrait sortir en salles le 25 juin prochain.<\/p>\n<p><strong>LE PALMAR\u00c8S COMPLET<\/strong><\/p>\n<p class=\"fig-paragraph\"><strong>LONGS M\u00c9TRAGES<\/strong><\/p>\n<p class=\"fig-paragraph\"><strong>Arco<\/strong><\/p>\n<p class=\"fig-paragraph\">R\u00e9alis\u00e9 par Ugo Bienvenu (France)<\/p>\n<p class=\"fig-paragraph\"><strong>ChaO<\/strong><\/p>\n<p class=\"fig-paragraph\">R\u00e9alis\u00e9 par Yasuhiro Aoki (Japon).<\/p>\n<p class=\"fig-paragraph\"><strong>Endless Cookie<\/strong><\/p>\n<p class=\"fig-paragraph\">R\u00e9alis\u00e9 par Seth et Pete Scriver (Canada).<\/p>\n<p class=\"fig-paragraph\"><strong>Plan\u00e8tes<\/strong><\/p>\n<p class=\"fig-paragraph\">R\u00e9alis\u00e9 par Momoko Seto (France, Belgique)<\/p>\n<ul class=\"fig-list\">\n<li><strong>Prix Fondation Gan \u00e0 la Diffusion<\/strong><\/li>\n<\/ul>\n<p class=\"fig-paragraph\"><strong>Olivia et le Tremblement de terre invisible<\/strong><\/p>\n<p class=\"fig-paragraph\">R\u00e9alis\u00e9 par Irene Iborra Rizo (Espagne, France, Belgique, Chili, Suisse).<\/p>\n<p class=\"fig-paragraph\"><strong>Am\u00e9lie et la M\u00e9taphysique des tubes\u00a0<\/strong><\/p>\n<p class=\"fig-paragraph\">R\u00e9alis\u00e9 par Mailys Vallade et Liane-Cho Han d\u2019apr\u00e8s le roman \u00e9ponyme d\u2019Am\u00e9lie Nothomb (France).<\/p>\n<p class=\"fig-paragraph\"><strong>COURT M\u00c9TRAGE<\/strong><\/p>\n<ul class=\"fig-list\">\n<li><strong>Cristal du court m\u00e9trage<\/strong><\/li>\n<\/ul>\n<p class=\"fig-paragraph\"><strong>Les Bottes de la nuit\u00a0<\/strong><\/p>\n<p class=\"fig-paragraph\">R\u00e9alis\u00e9 par Pierre-Luc Granjon (France).<\/p>\n<p class=\"fig-paragraph\"><strong>CRISTAL POUR UNE PRODUCTION TV<\/strong><\/p>\n<p class=\"fig-paragraph\"><strong>Christo le Barbare Civilis\u00e9 \u00abPartie de chasse\u00bb<\/strong><\/p>\n<p class=\"fig-paragraph\">R\u00e9alis\u00e9 par Shaddy Safadi (\u00c9tats-Unis).<\/p>\n","protected":false},"excerpt":{"rendered":"Pour clore en beaut\u00e9 sa 49e \u00e9dition, le jury du festival a distingu\u00e9 des premi\u00e8res \u0153uvres innovantes et&hellip;\n","protected":false},"author":2,"featured_media":178711,"comment_status":"","ping_status":"","sticky":false,"template":"","format":"standard","meta":{"footnotes":""},"categories":[1354],"tags":[47,31568,1832,1350,1348,1345,650,251,58,59,1349,30554,1346,1011,27,1351,1360,873,252,1347,1352],"class_list":{"0":"post-178710","1":"post","2":"type-post","3":"status-publish","4":"format-standard","5":"has-post-thumbnail","7":"category-films","8":"tag-actualite","9":"tag-amelie-nothomb","10":"tag-animation","11":"tag-architecture","12":"tag-arts","13":"tag-cine","14":"tag-cinema","15":"tag-culture","16":"tag-divertissement","17":"tag-entertainment","18":"tag-expositions","19":"tag-festival-dannecy","20":"tag-films","21":"tag-fr","22":"tag-france","23":"tag-litterature","24":"tag-movies","25":"tag-musique","26":"tag-television","27":"tag-theatre","28":"tag-urbanisme"},"share_on_mastodon":{"url":"https:\/\/pubeurope.com\/@fr\/114688237454072351","error":""},"_links":{"self":[{"href":"https:\/\/www.europesays.com\/fr\/wp-json\/wp\/v2\/posts\/178710","targetHints":{"allow":["GET"]}}],"collection":[{"href":"https:\/\/www.europesays.com\/fr\/wp-json\/wp\/v2\/posts"}],"about":[{"href":"https:\/\/www.europesays.com\/fr\/wp-json\/wp\/v2\/types\/post"}],"author":[{"embeddable":true,"href":"https:\/\/www.europesays.com\/fr\/wp-json\/wp\/v2\/users\/2"}],"replies":[{"embeddable":true,"href":"https:\/\/www.europesays.com\/fr\/wp-json\/wp\/v2\/comments?post=178710"}],"version-history":[{"count":0,"href":"https:\/\/www.europesays.com\/fr\/wp-json\/wp\/v2\/posts\/178710\/revisions"}],"wp:featuredmedia":[{"embeddable":true,"href":"https:\/\/www.europesays.com\/fr\/wp-json\/wp\/v2\/media\/178711"}],"wp:attachment":[{"href":"https:\/\/www.europesays.com\/fr\/wp-json\/wp\/v2\/media?parent=178710"}],"wp:term":[{"taxonomy":"category","embeddable":true,"href":"https:\/\/www.europesays.com\/fr\/wp-json\/wp\/v2\/categories?post=178710"},{"taxonomy":"post_tag","embeddable":true,"href":"https:\/\/www.europesays.com\/fr\/wp-json\/wp\/v2\/tags?post=178710"}],"curies":[{"name":"wp","href":"https:\/\/api.w.org\/{rel}","templated":true}]}}