{"id":178722,"date":"2025-06-15T16:11:10","date_gmt":"2025-06-15T16:11:10","guid":{"rendered":"https:\/\/www.europesays.com\/fr\/178722\/"},"modified":"2025-06-15T16:11:10","modified_gmt":"2025-06-15T16:11:10","slug":"crash-du-boeing-787-dair-india-des-familles-se-plaignent-dun-manque-de-soutien-actualites","status":"publish","type":"post","link":"https:\/\/www.europesays.com\/fr\/178722\/","title":{"rendered":"Crash du Boeing 787 d&rsquo;Air India: des familles se plaignent d&rsquo;un manque de soutien : Actualit\u00e9s"},"content":{"rendered":"<p class=\"lead \">Des familles des 279 personnes d\u00e9c\u00e9d\u00e9es dans l&rsquo;accident du Boeing 787 d&rsquo;Air India attendaient d\u00e9sesp\u00e9r\u00e9ment dimanche \u00e0 Ahmedabad, dans le nord-ouest de l&rsquo;Inde, que les corps de leurs proches leurs soient rendus. <\/p>\n<p class=\"lead \">Imtiaz Ali, qui a donn\u00e9 d\u00e8s le jour du crash, jeudi, un \u00e9chantillon ADN pour que le corps de son fr\u00e8re Javed soit identifi\u00e9, est sans nouvelle des autorit\u00e9s hospitali\u00e8res.<\/p>\n<p class=\"lead \">Dimanche soir, 47 personnes avaient \u00e9t\u00e9 formellement identifi\u00e9es \u00e0 partir de l&rsquo;ADN de leurs proches.   <\/p>\n<p class=\"lead \">Seul un passager a surv\u00e9cu parmi les 242 personnes \u00e0 bord du Boeing 787 d&rsquo;Air India lorsqu&rsquo;il s&rsquo;est \u00e9cras\u00e9 jeudi au d\u00e9collage d&rsquo;Ahmedabad, selon le dernier bilan publi\u00e9 samedi.<\/p>\n<p class=\"lead \">Trente-huit habitants de la ville ont par ailleurs p\u00e9ri au sol quand l&rsquo;appareil a explos\u00e9 dans une boule de feu orange sur un quartier de la ville.<\/p>\n<p class=\"lead \">\u00ab\u00a0Air India m&rsquo;a contact\u00e9 seulement hier\u00a0\u00bb, a expliqu\u00e9 dimanche apr\u00e8s-midi M. Ali \u00e0 l&rsquo;AFP. <\/p>\n<p class=\"lead \">Son fr\u00e8re est d\u00e9c\u00e9d\u00e9 dans l&rsquo;accident aux c\u00f4t\u00e9s de son \u00e9pouse et de leurs deux enfants.<\/p>\n<p class=\"lead \">S&rsquo;il comprend que l&rsquo;identification des corps n\u00e9cessite du temps, il d\u00e9plore l&rsquo;absence de soutien de la compagnie a\u00e9rienne.<\/p>\n<p class=\"lead \">Dimanche soir, Air India a affirm\u00e9 sur X \u00ab\u00a0avoir \u00e9tabli un contact avec les proches et les familles de tous les passagers et membres d&rsquo;\u00e9quipage\u00a0\u00bb. <\/p>\n<p class=\"lead \">Selon la compagnie, plus de 400 membres de famille sont arriv\u00e9s \u00e0 Ahmedabad et sont assist\u00e9s par nos \u00e9quipes sur le terrain, pr\u00e9cisant qu&rsquo;un soignant a \u00e9t\u00e9 affect\u00e9 \u00e0 chaque famille. <\/p>\n<p class=\"lead \">Campbell Wilson, PDG d&rsquo;Air India, a publi\u00e9 samedi un message vid\u00e9o sur X, affirmant que \u00ab\u00a0plus de 200 aidants form\u00e9s sont d\u00e9sormais en place, chaque famille s&rsquo;\u00e9tant vue assign\u00e9e une aide d\u00e9di\u00e9e ainsi qu&rsquo;un acc\u00e8s au soutien psychologique et \u00e0 d&rsquo;autres services\u00a0\u00bb. <\/p>\n<p class=\"lead \">Alors que des obs\u00e8ques ont d\u00e9j\u00e0 eu lieu, la majorit\u00e9 des familles attendent que le corps de leurs proches leur soit rendu apr\u00e8s avoir \u00e9t\u00e9 formellement identifi\u00e9es \u00e0 partir de l&rsquo;ADN de leurs proches. <\/p>\n<p class=\"lead \">&#8211; \u00ab\u00a0Que va-t-il se passer?\u00a0\u00bb &#8211;<\/p>\n<p class=\"lead \">Rinal Christian, 23 ans,  en larmes, tout comme sa m\u00e8re et sa grand-m\u00e8re, dans leur modeste maison, ne cache pas son amertume. <\/p>\n<p class=\"lead \">Son fr\u00e8re Lawrence Christian, un trentenaire, faisait partie des passagers du Boeing787 d&rsquo;Air India devant reliant Ahmedabad \u00e0 l&rsquo;a\u00e9roport londonien de Gatwick. <\/p>\n<p class=\"lead \">\u00ab\u00a0Nous avons donn\u00e9 l&rsquo;\u00e9chantillon ADN, et m\u00eame quand nous sommes all\u00e9s l\u00e0-bas (\u00e0 l&rsquo;h\u00f4pital), ils ont dit que cela prendrait 48 heures. mais cela fait quatre jours et nous n&rsquo;avons re\u00e7u aucune r\u00e9ponse\u00a0\u00bb.<\/p>\n<p class=\"lead \">La famille s&rsquo;est rendue \u00e0 l&rsquo;h\u00f4pital 2 ou 3 fois, mais est revenue sans aucune r\u00e9ponse, explique-t-elle \u00e0 l&rsquo;AFP. <\/p>\n<p class=\"lead \">\u00ab\u00a0Ils continuent \u00e0 nous dire qu&rsquo;ils appelleront\u00a0\u00bb, affirme cette \u00e9tudiante pour qui son fr\u00e8re \u00e9tait, apr\u00e8s le d\u00e9c\u00e8s de leur p\u00e8re le 29 mai, d\u00e9sormais le seul \u00e0 pouvoir subvenir aux besoins de la famille, sa m\u00e8re ne travaillant pas. <\/p>\n<p class=\"lead \">Le groupe Tata, propri\u00e9taire de la compagnie, a indiqu\u00e9 pour sa part qu&rsquo;il d\u00e9bloquerait une aide financi\u00e8re de 110.000 euros pour les familles de chaque victime mais Rinal Christian n&rsquo;a pas eu de nouvelles de la compagnie a\u00e9rienne. <\/p>\n<p class=\"lead \">Lawrence Christian vivait avec sa femme \u00e0 Londres et travaillait chez Amazon. <\/p>\n<p class=\"lead \">\u00ab\u00a0Que va-t-il se passer maintenant?\u00a0\u00bb, s&rsquo;interroge-t-elle d\u00e9sesp\u00e9r\u00e9e, sans pouvoir retenir ses larmes.<\/p>\n<p class=\"lead \">Suresh Patni, chauffeur \u00e0 Ahmedabad, attend \u00e9galement que le corps de son fils soit identifi\u00e9. <\/p>\n<p class=\"lead \">Au moment de l&rsquo;accident, Suresh venait juste de d\u00e9poser l&rsquo;adolescent au stand de th\u00e9 que tenait son \u00e9pouse, qui gri\u00e8vement bless\u00e9e, est toujours hospitalis\u00e9e. <\/p>\n<p class=\"lead \">\u00ab\u00a0Si ma femme d\u00e9couvre (la mort de notre fils), elle ne pourra pas le supporter. Elle a de graves probl\u00e8mes nerveux \u00e0 cause des br\u00fblures, et si elle commence \u00e0 pleurer, cela pourrait entra\u00eener des complications\u00a0\u00bb. <\/p>\n<p class=\"lead \">\u00ab\u00a0J&rsquo;ai d\u00e9j\u00e0 perdu un enfant, je ne peux pas risquer de la perdre elle aussi\u00a0\u00bb.<\/p>\n<p class=\"small font-weight-bold text-gray3 \"> publi\u00e9 le 15 juin \u00e0 16h23, AFP<\/p>\n<p>                             Partager<\/p>\n","protected":false},"excerpt":{"rendered":"Des familles des 279 personnes d\u00e9c\u00e9d\u00e9es dans l&rsquo;accident du Boeing 787 d&rsquo;Air India attendaient d\u00e9sesp\u00e9r\u00e9ment dimanche \u00e0 Ahmedabad,&hellip;\n","protected":false},"author":2,"featured_media":178723,"comment_status":"","ping_status":"","sticky":false,"template":"","format":"standard","meta":{"footnotes":""},"categories":[5],"tags":[31569,119,11,7182,574,1011,27,6228,5595,693,14,12,6996,2803,28],"class_list":{"0":"post-178722","1":"post","2":"type-post","3":"status-publish","4":"format-standard","5":"has-post-thumbnail","7":"category-international","8":"tag-arospatiale","9":"tag-accident","10":"tag-actualites","11":"tag-aviation","12":"tag-canada","13":"tag-fr","14":"tag-france","15":"tag-gb","16":"tag-inde","17":"tag-industrie","18":"tag-international","19":"tag-news","20":"tag-portugal","21":"tag-transport","22":"tag-world"},"share_on_mastodon":{"url":"https:\/\/pubeurope.com\/@fr\/114688261053161121","error":""},"_links":{"self":[{"href":"https:\/\/www.europesays.com\/fr\/wp-json\/wp\/v2\/posts\/178722","targetHints":{"allow":["GET"]}}],"collection":[{"href":"https:\/\/www.europesays.com\/fr\/wp-json\/wp\/v2\/posts"}],"about":[{"href":"https:\/\/www.europesays.com\/fr\/wp-json\/wp\/v2\/types\/post"}],"author":[{"embeddable":true,"href":"https:\/\/www.europesays.com\/fr\/wp-json\/wp\/v2\/users\/2"}],"replies":[{"embeddable":true,"href":"https:\/\/www.europesays.com\/fr\/wp-json\/wp\/v2\/comments?post=178722"}],"version-history":[{"count":0,"href":"https:\/\/www.europesays.com\/fr\/wp-json\/wp\/v2\/posts\/178722\/revisions"}],"wp:featuredmedia":[{"embeddable":true,"href":"https:\/\/www.europesays.com\/fr\/wp-json\/wp\/v2\/media\/178723"}],"wp:attachment":[{"href":"https:\/\/www.europesays.com\/fr\/wp-json\/wp\/v2\/media?parent=178722"}],"wp:term":[{"taxonomy":"category","embeddable":true,"href":"https:\/\/www.europesays.com\/fr\/wp-json\/wp\/v2\/categories?post=178722"},{"taxonomy":"post_tag","embeddable":true,"href":"https:\/\/www.europesays.com\/fr\/wp-json\/wp\/v2\/tags?post=178722"}],"curies":[{"name":"wp","href":"https:\/\/api.w.org\/{rel}","templated":true}]}}