{"id":178724,"date":"2025-06-15T16:12:11","date_gmt":"2025-06-15T16:12:11","guid":{"rendered":"https:\/\/www.europesays.com\/fr\/178724\/"},"modified":"2025-06-15T16:12:11","modified_gmt":"2025-06-15T16:12:11","slug":"un-corps-retrouve-dans-les-bauges-apres-la-disparition-dun-lyonnais","status":"publish","type":"post","link":"https:\/\/www.europesays.com\/fr\/178724\/","title":{"rendered":"Un corps retrouv\u00e9 dans les Bauges apr\u00e8s la disparition d\u2019un Lyonnais"},"content":{"rendered":"<p>Le corps sans vie d\u2019un homme a \u00e9t\u00e9 d\u00e9couvert samedi 14 juin dans un secteur escarp\u00e9 de Savoie. Il pourrait s\u2019agir de Vincent Prat, un randonneur lyonnais disparu depuis cinq jours.<\/p>\n<p>Le corps a \u00e9t\u00e9 retrouv\u00e9 au pied d\u2019une barre rocheuse sur la commune de Drumettaz-Clarafond (Savoie), dans une zone difficilement accessible des Bauges.<\/p>\n<p>La d\u00e9couverte a \u00e9t\u00e9 faite peu apr\u00e8s 14 h par un groupe de volontaires, mobilis\u00e9s \u00e0 l\u2019appel de la famille de Vincent Prat, un p\u00e8re de famille originaire de Lyon, introuvable depuis le 9 juin apr\u00e8s \u00eatre parti seul en randonn\u00e9e.<\/p>\n<p>L\u2019intervention du peloton de gendarmerie de haute montagne (PGHM) a \u00e9t\u00e9 n\u00e9cessaire pour h\u00e9liporter la d\u00e9pouille. Les constatations ont \u00e9t\u00e9 r\u00e9alis\u00e9es sur place par la brigade d\u2019Aix-les-Bains, accompagn\u00e9e d\u2019un technicien en identification criminelle.<\/p>\n<p>M\u00eame si l\u2019identit\u00e9 du corps n\u2019est pas encore confirm\u00e9e, les enqu\u00eateurs estiment probable qu\u2019il s\u2019agisse de Vincent Prat. Des analyses ADN doivent d\u00e9sormais permettre de lever le doute. Aucune autre personne n&rsquo;\u00e9tait recherch\u00e9e dans ce secteur.<\/p>\n<p>D\u00e8s l\u2019aube, pr\u00e8s de 80 personnes s\u2019\u00e9taient mobilis\u00e9es pour participer aux battues, concentr\u00e9es sur les zones de M\u00e9ry, Mouxy et Drumettaz-Clarafond. C\u2019est dans l\u2019un de ces secteurs que la macabre d\u00e9couverte a eu lieu.<\/p>\n","protected":false},"excerpt":{"rendered":"Le corps sans vie d\u2019un homme a \u00e9t\u00e9 d\u00e9couvert samedi 14 juin dans un secteur escarp\u00e9 de Savoie.&hellip;\n","protected":false},"author":2,"featured_media":178725,"comment_status":"","ping_status":"","sticky":false,"template":"","format":"standard","meta":{"footnotes":""},"categories":[4],"tags":[1111,11,2813,2190,1109,251,1112,2811,118,1011,27,1922,1110,1114,2428,2810,12,241,316,25,2812,517,800],"class_list":{"0":"post-178724","1":"post","2":"type-post","3":"status-publish","4":"format-standard","5":"has-post-thumbnail","7":"category-france","8":"tag-actu","9":"tag-actualites","10":"tag-article","11":"tag-asvel","12":"tag-breves","13":"tag-culture","14":"tag-depeches","15":"tag-economique","16":"tag-faits-divers","17":"tag-fr","18":"tag-france","19":"tag-info","20":"tag-informations","21":"tag-infos","22":"tag-lyon","23":"tag-lyonmag","24":"tag-news","25":"tag-ol","26":"tag-politique","27":"tag-republique-francaise","28":"tag-sociale","29":"tag-sport","30":"tag-transports"},"share_on_mastodon":{"url":"https:\/\/pubeurope.com\/@fr\/114688264999581950","error":""},"_links":{"self":[{"href":"https:\/\/www.europesays.com\/fr\/wp-json\/wp\/v2\/posts\/178724","targetHints":{"allow":["GET"]}}],"collection":[{"href":"https:\/\/www.europesays.com\/fr\/wp-json\/wp\/v2\/posts"}],"about":[{"href":"https:\/\/www.europesays.com\/fr\/wp-json\/wp\/v2\/types\/post"}],"author":[{"embeddable":true,"href":"https:\/\/www.europesays.com\/fr\/wp-json\/wp\/v2\/users\/2"}],"replies":[{"embeddable":true,"href":"https:\/\/www.europesays.com\/fr\/wp-json\/wp\/v2\/comments?post=178724"}],"version-history":[{"count":0,"href":"https:\/\/www.europesays.com\/fr\/wp-json\/wp\/v2\/posts\/178724\/revisions"}],"wp:featuredmedia":[{"embeddable":true,"href":"https:\/\/www.europesays.com\/fr\/wp-json\/wp\/v2\/media\/178725"}],"wp:attachment":[{"href":"https:\/\/www.europesays.com\/fr\/wp-json\/wp\/v2\/media?parent=178724"}],"wp:term":[{"taxonomy":"category","embeddable":true,"href":"https:\/\/www.europesays.com\/fr\/wp-json\/wp\/v2\/categories?post=178724"},{"taxonomy":"post_tag","embeddable":true,"href":"https:\/\/www.europesays.com\/fr\/wp-json\/wp\/v2\/tags?post=178724"}],"curies":[{"name":"wp","href":"https:\/\/api.w.org\/{rel}","templated":true}]}}