{"id":178728,"date":"2025-06-15T16:14:11","date_gmt":"2025-06-15T16:14:11","guid":{"rendered":"https:\/\/www.europesays.com\/fr\/178728\/"},"modified":"2025-06-15T16:14:11","modified_gmt":"2025-06-15T16:14:11","slug":"en-images-lefvb-fait-le-plein-pour-ledition-2025","status":"publish","type":"post","link":"https:\/\/www.europesays.com\/fr\/178728\/","title":{"rendered":"En images. L&rsquo;EFVB fait le plein pour l&rsquo;\u00e9dition 2025"},"content":{"rendered":"<p>La pluie de ce dimanche, n\u2019a pas perturb\u00e9 le moral des 260 participants, qui sont pass\u00e9s, toujours dans une ambiance bon enfant et festive, de l\u2019ext\u00e9rieur \u00e0 jouer en salle. La difficult\u00e9 a \u00e9t\u00e9 pour les organisateurs, ce qu\u2019expliquait Alexis-Paviet Salomon\u00a0: \u00ab Nous passions de 16 terrains en ext\u00e9rieur \u00e0 8 en int\u00e9rieur. Il nous faut revoir l\u2019organisation pour que tout le monde joue. \u00bb<\/p>\n","protected":false},"excerpt":{"rendered":"La pluie de ce dimanche, n\u2019a pas perturb\u00e9 le moral des 260 participants, qui sont pass\u00e9s, toujours dans&hellip;\n","protected":false},"author":2,"featured_media":178729,"comment_status":"","ping_status":"","sticky":false,"template":"","format":"standard","meta":{"footnotes":""},"categories":[9653],"tags":[1111,11,17136,2430,7359,1777,674,1011,27,2798,9540,12,25,4001,17137,517,1632],"class_list":{"0":"post-178728","1":"post","2":"type-post","3":"status-publish","4":"format-standard","5":"has-post-thumbnail","7":"category-saint-etienne","8":"tag-actu","9":"tag-actualites","10":"tag-andrezieux-boutheon","11":"tag-auvergne-rhone-alpes","12":"tag-edition-loire-centre","13":"tag-eu","14":"tag-europe","15":"tag-fr","16":"tag-france","17":"tag-galerie-photo","18":"tag-galerie-sport","19":"tag-news","20":"tag-republique-francaise","21":"tag-saint-etienne","22":"tag-saint-galmier-bassin","23":"tag-sport","24":"tag-volley-ball"},"share_on_mastodon":{"url":"https:\/\/pubeurope.com\/@fr\/114688272908053520","error":""},"_links":{"self":[{"href":"https:\/\/www.europesays.com\/fr\/wp-json\/wp\/v2\/posts\/178728","targetHints":{"allow":["GET"]}}],"collection":[{"href":"https:\/\/www.europesays.com\/fr\/wp-json\/wp\/v2\/posts"}],"about":[{"href":"https:\/\/www.europesays.com\/fr\/wp-json\/wp\/v2\/types\/post"}],"author":[{"embeddable":true,"href":"https:\/\/www.europesays.com\/fr\/wp-json\/wp\/v2\/users\/2"}],"replies":[{"embeddable":true,"href":"https:\/\/www.europesays.com\/fr\/wp-json\/wp\/v2\/comments?post=178728"}],"version-history":[{"count":0,"href":"https:\/\/www.europesays.com\/fr\/wp-json\/wp\/v2\/posts\/178728\/revisions"}],"wp:featuredmedia":[{"embeddable":true,"href":"https:\/\/www.europesays.com\/fr\/wp-json\/wp\/v2\/media\/178729"}],"wp:attachment":[{"href":"https:\/\/www.europesays.com\/fr\/wp-json\/wp\/v2\/media?parent=178728"}],"wp:term":[{"taxonomy":"category","embeddable":true,"href":"https:\/\/www.europesays.com\/fr\/wp-json\/wp\/v2\/categories?post=178728"},{"taxonomy":"post_tag","embeddable":true,"href":"https:\/\/www.europesays.com\/fr\/wp-json\/wp\/v2\/tags?post=178728"}],"curies":[{"name":"wp","href":"https:\/\/api.w.org\/{rel}","templated":true}]}}