{"id":178732,"date":"2025-06-15T16:19:02","date_gmt":"2025-06-15T16:19:02","guid":{"rendered":"https:\/\/www.europesays.com\/fr\/178732\/"},"modified":"2025-06-15T16:19:02","modified_gmt":"2025-06-15T16:19:02","slug":"au-congres-de-nancy-le-parti-socialiste-cherche-son-unite","status":"publish","type":"post","link":"https:\/\/www.europesays.com\/fr\/178732\/","title":{"rendered":"Au Congr\u00e8s de Nancy, le Parti socialiste cherche son unit\u00e9"},"content":{"rendered":"<p>Le Parti socialiste, toujours aussi divis\u00e9 apr\u00e8s la victoire \u00e9triqu\u00e9e d&rsquo;Olivier Faure au poste de premier secr\u00e9taire, peut-il se rassembler? C&rsquo;est la question \u00e0 laquelle le 81e congr\u00e8s du PS, entam\u00e9 vendredi \u00e0 Nancy, va tenter de r\u00e9pondre.<\/p>\n<p>Les socialistes ont jusqu&rsquo;\u00e0 dimanche pour essayer de donner une image d&rsquo;apaisement et d&rsquo;unit\u00e9, malgr\u00e9 la courte victoire d&rsquo;Olivier Faure le 5 juin avec 50,9% des voix (chiffres provisoires qui seront actualis\u00e9s samedi), devant le maire de Rouen Nicolas Mayer-Rossignol.<\/p>\n<p>Juste avant d&rsquo;arriver en gare de Nancy, le premier secr\u00e9taire a d&rsquo;ailleurs \u00e9t\u00e9 f\u00e9licit\u00e9 de sa victoire par le contr\u00f4leur du TGV, qui a pris le micro pour annoncer sa pr\u00e9sence \u00e0 bord et lui souhaiter \u00ab\u00a0un bon congr\u00e8s\u00a0\u00bb.<\/p>\n<p>La question est notamment de savoir si celui qui a \u00e9t\u00e9 r\u00e9\u00e9lu pour la quatri\u00e8me fois, mais que ses opposants taxent d&rsquo;une \u00ab\u00a0gestion clanique\u00a0\u00bb, ouvrira la direction du parti \u00e0 ses concurrents.<\/p>\n<p>\u00ab\u00a0Je suis ouvert \u00e0 ce que la direction compte dans ses rangs des gens issus des diff\u00e9rents orientations. \u00c7a ne me g\u00eane absolument pas, \u00e0 une condition, c&rsquo;est que le d\u00e9bat tranch\u00e9 par le congr\u00e8s reste tranch\u00e9 par le congr\u00e8s. On ne rejoue pas le congr\u00e8s toutes les semaines\u00a0\u00bb, a pr\u00e9venu Olivier Faure, interrog\u00e9 par l&rsquo;AFP. <\/p>\n<p>Car l&rsquo;objectif est de ne pas r\u00e9\u00e9diter le catastrophique congr\u00e8s de Marseille en 2023, o\u00f9 les deux camps s&rsquo;\u00e9taient d\u00e9chir\u00e9s pendant plusieurs jours.<\/p>\n<p>\u00ab\u00a0L&rsquo;heure est au rassemblement\u00a0\u00bb, a proclam\u00e9 la maire de Nantes, Johanna Rolland, proche d&rsquo;Olivier Faure, affirmant que \u00ab\u00a0l&rsquo;\u00e9tat d&rsquo;esprit de la direction\u00a0\u00bb \u00e9tait de \u00ab\u00a0tendre la main\u00a0\u00bb.<\/p>\n<p>Mais Nicolas Mayer-Rossignol semble vouloir jouer le bras de fer, et ses partisans affirment que rien n&rsquo;est tranch\u00e9.<\/p>\n<p>\u00ab\u00a0En d\u00e9mocratie, la majorit\u00e9 c&rsquo;est 50 + 1\u00a0\u00bb, a r\u00e9torqu\u00e9 Johanna Rolland.<\/p>\n<p>Le maire de Rouen a pos\u00e9 ses exigences. Il r\u00e9clame une \u00ab\u00a0synth\u00e8se commune\u00a0\u00bb des trois textes d&rsquo;orientation qui se sont affront\u00e9s: celui d&rsquo;Olivier Faure, le sien et celui de Boris Vallaud, le chef des d\u00e9put\u00e9s socialistes, arriv\u00e9 troisi\u00e8me.<\/p>\n<p>Olivier Faure se montre sceptique: \u00ab\u00a0Faire la synth\u00e8se sur leur texte, \u00e7a n&rsquo;a pas de sens, sinon \u00e7a ne sert \u00e0 rien de faire une \u00e9lection\u00a0\u00bb, glisse-t-il en priv\u00e9.<\/p>\n<p>Nicolas Mayer-Rossignol exige aussi que le PS affirme qu&rsquo;il n&rsquo;y aura \u00ab\u00a0pas d&rsquo;alliance avec LFI, ni aux municipales, ni aux l\u00e9gislatives (m\u00eame en cas de dissolution), ni aux pr\u00e9sidentielles \u00e0 venir\u00a0\u00bb.<\/p>\n<p>Olivier Faure a assur\u00e9 jeudi que le PS n&rsquo;irait \u00ab\u00a0pas derri\u00e8re Jean-Luc M\u00e9lenchon \u00e0 la pr\u00e9sidentielle\u00a0\u00bb et qu&rsquo;il n&rsquo;y aurait pas d&rsquo;accord national aux municipales avec les Insoumis.<\/p>\n<p>Pas suffisant pour le maire de Rouen, qui estime que \u00ab\u00a0l&rsquo;ambigu\u00eft\u00e9 demeure\u00a0\u00bb.<\/p>\n<p>D&rsquo;autant qu&rsquo;en priv\u00e9, le premier secr\u00e9taire reconnait qu&rsquo;en cas de risque de majorit\u00e9 d&rsquo;extr\u00eame droite \u00e0 l&rsquo;Assembl\u00e9e, il pr\u00e9f\u00e9rera \u00ab\u00a0faire un accord avec M\u00e9lenchon que d&rsquo;avoir Bardella au pouvoir\u00a0\u00bb.<\/p>\n<p>&#8211; \u00catre \u00ab\u00a0audibles pour les Fran\u00e7ais\u00a0\u00bb &#8211;<\/p>\n<p>Partisan d&rsquo;une \u00ab\u00a0affirmation socialiste\u00a0\u00bb, pour 2027, Nicolas Mayer-Rossignol est r\u00e9ticent \u00e0 l&rsquo;\u00e9laboration d&rsquo;une primaire pour la pr\u00e9sidentielle, alors qu&rsquo;Olivier Faure d\u00e9fend une plateforme programmatique allant de Rapha\u00ebl Glucksmann \u00e0 Fran\u00e7ois Ruffin, en vue d&rsquo;une candidature commune.<\/p>\n<p>\u00ab\u00a0Sur la strat\u00e9gie, nous ne voulons pas choisir entre l&rsquo;union de la gauche et l&rsquo;affirmation\u00a0\u00bb, a pour sa part soulign\u00e9 Boris Vallaud, qui se veut garant de l&rsquo;unit\u00e9.<\/p>\n<p>Signe que le rassemblement est loin d&rsquo;\u00eatre fait, la pr\u00e9sidente d&rsquo;Occitanie Carole Delga, farouche opposante d&rsquo;Olivier Faure, a pr\u00e9venu qu&rsquo;elle ne serait pas \u00e0 Nancy. La maire de Paris Anne Hidalgo est \u00e9galement absente, tout comme Fran\u00e7ois Hollande qui avait appel\u00e9 \u00e0 un changement de direction.<\/p>\n<p>Pour rassembler le parti, Johanna Rolland a mis en avant trois enjeux: la bataille des municipales, qui est \u00ab\u00a0la bataille premi\u00e8re pour tous les socialistes\u00a0\u00bb; la r\u00e9novation et modernisation du parti (avec notamment la mise en place du vote \u00e9lectronique); et l&rsquo;objectif de redevenir \u00ab\u00a0audible pour les Fran\u00e7ais\u00a0\u00bb.<\/p>\n<p>Les socialistes devront par ailleurs tenter de se mettre d&rsquo;accord sur deux sujets: y aura-t-il des motions de censures du PS \u00e0 l&rsquo;issue du conclave sur les retraites et sur la pr\u00e9paration du budget?<\/p>\n<p>\u00ab\u00a0Nous ne sommes pas l&rsquo;assurance-vie de Fran\u00e7ois Bayrou\u00a0\u00bb, a d\u00e9j\u00e0 pr\u00e9venu Olivier Faure. Mais certains de ses opposants refusent de d\u00e9stabiliser davantage l&rsquo;ex\u00e9cutif. <\/p>\n<p>\u00ab\u00a0Le PS c&rsquo;est comme Ast\u00e9rix: on s&rsquo;est un peu bagarr\u00e9,\u00a0on s&rsquo;est mis quelques coups de poissons sur la t\u00eate, mais \u00e0 la fin on se retrouve autour du banquet\u00a0\u00bb, assure le d\u00e9put\u00e9 Arthur Delaporte.<\/p>\n<p>D&rsquo;ici le banquet, les discussions s&rsquo;annoncent serr\u00e9es. <\/p>\n<p>caz-leo\/jmt\/jco<\/p>\n","protected":false},"excerpt":{"rendered":"Le Parti socialiste, toujours aussi divis\u00e9 apr\u00e8s la victoire \u00e9triqu\u00e9e d&rsquo;Olivier Faure au poste de premier secr\u00e9taire, peut-il&hellip;\n","protected":false},"author":2,"featured_media":178733,"comment_status":"","ping_status":"","sticky":false,"template":"","format":"standard","meta":{"footnotes":""},"categories":[9635],"tags":[1111,11,31571,1777,674,1011,27,13621,775,6945,31570,1702,12,4393,3541,25],"class_list":{"0":"post-178732","1":"post","2":"type-post","3":"status-publish","4":"format-standard","5":"has-post-thumbnail","7":"category-nancy","8":"tag-actu","9":"tag-actualites","10":"tag-dolivier","11":"tag-eu","12":"tag-europe","13":"tag-fr","14":"tag-france","15":"tag-gare-de-nancy","16":"tag-grand-est","17":"tag-johanna-rolland","18":"tag-maire-de-rouen","19":"tag-nancy","20":"tag-news","21":"tag-olivier-faure","22":"tag-parti-socialiste","23":"tag-republique-francaise"},"share_on_mastodon":{"url":"https:\/\/pubeurope.com\/@fr\/114688292460071924","error":""},"_links":{"self":[{"href":"https:\/\/www.europesays.com\/fr\/wp-json\/wp\/v2\/posts\/178732","targetHints":{"allow":["GET"]}}],"collection":[{"href":"https:\/\/www.europesays.com\/fr\/wp-json\/wp\/v2\/posts"}],"about":[{"href":"https:\/\/www.europesays.com\/fr\/wp-json\/wp\/v2\/types\/post"}],"author":[{"embeddable":true,"href":"https:\/\/www.europesays.com\/fr\/wp-json\/wp\/v2\/users\/2"}],"replies":[{"embeddable":true,"href":"https:\/\/www.europesays.com\/fr\/wp-json\/wp\/v2\/comments?post=178732"}],"version-history":[{"count":0,"href":"https:\/\/www.europesays.com\/fr\/wp-json\/wp\/v2\/posts\/178732\/revisions"}],"wp:featuredmedia":[{"embeddable":true,"href":"https:\/\/www.europesays.com\/fr\/wp-json\/wp\/v2\/media\/178733"}],"wp:attachment":[{"href":"https:\/\/www.europesays.com\/fr\/wp-json\/wp\/v2\/media?parent=178732"}],"wp:term":[{"taxonomy":"category","embeddable":true,"href":"https:\/\/www.europesays.com\/fr\/wp-json\/wp\/v2\/categories?post=178732"},{"taxonomy":"post_tag","embeddable":true,"href":"https:\/\/www.europesays.com\/fr\/wp-json\/wp\/v2\/tags?post=178732"}],"curies":[{"name":"wp","href":"https:\/\/api.w.org\/{rel}","templated":true}]}}