{"id":178742,"date":"2025-06-15T16:24:09","date_gmt":"2025-06-15T16:24:09","guid":{"rendered":"https:\/\/www.europesays.com\/fr\/178742\/"},"modified":"2025-06-15T16:24:09","modified_gmt":"2025-06-15T16:24:09","slug":"reseau-astuce-yvonne-orages-retour-sur-les-informations-de-la-semaine-a-rouen","status":"publish","type":"post","link":"https:\/\/www.europesays.com\/fr\/178742\/","title":{"rendered":"R\u00e9seau Astuce, Yvonne, orages&#8230; Retour sur les informations de la semaine \u00e0 Rouen"},"content":{"rendered":"<p>            Par<br \/>\n        <strong><br \/>\n            <a href=\"https:\/\/actu.fr\/auteur\/yann-rivallan\" title=\"Consulter tous les articles de Yann Rivallan\" rel=\"nofollow noopener\" target=\"_blank\">Yann Rivallan<\/a><br \/>\n        <\/strong><\/p>\n<p>        Publi\u00e9 le<\/p>\n<p>            15 juin 2025 \u00e0 17h44        <\/p>\n<p>Commerces, orages, bons plans\u2026 Il y a eu de quoi dire dans l\u2019actualit\u00e9 locale de <a href=\"https:\/\/actu.fr\/normandie\/rouen_76540\" rel=\"nofollow noopener\" target=\"_blank\">Rouen<\/a> durant la semaine <strong>du 9 au 15\u00a0juin 2025<\/strong>. Peut-\u00eatre n\u2019avez-vous pas eu le temps de tout suivre\u2009? Aucun probl\u00e8me, le traditionnel r\u00e9cap\u2019 de l\u2019actu de 76actu est l\u00e0 pour vous r\u00e9sumer l\u2019essentiel.<\/p>\n<p>Les infos de la semaine<\/p>\n<p class=\"expresso-item wall-content\"><a title=\"Lire l&#039;article\" href=\"https:\/\/actu.fr\/normandie\/rouen_76540\/info-76actu-qui-sera-le-prochain-gestionnaire-du-reseau-astuce-a-rouen-un-favori-se-dessine-avant-le-vote_62763399.html\" rel=\"nofollow noopener\" target=\"_blank\"><strong>INFO 76ACTU. Qui sera le prochain gestionnaire du r\u00e9seau Astuce \u00e0 Rouen\u2009? Un favori se dessine avant le vote<\/strong><\/a><br \/>Les transports publics vont-ils changer de main dans l\u2019agglo de Rouen (Seine-Maritime)\u2009? Le prochain d\u00e9l\u00e9gataire doit \u00eatre officialis\u00e9 ce 30\u00a0juin. Mais un favori se d\u00e9tache.<\/p>\n<p class=\"expresso-item wall-content\"><a title=\"Lire l&#039;article\" href=\"https:\/\/actu.fr\/societe\/incendies-trains-stoppes-facade-effondree-les-orages-ont-fait-des-degats-en-seine-maritime_62773245.html\" rel=\"nofollow noopener\" target=\"_blank\"><strong>Incendies, trains stopp\u00e9s, fa\u00e7ade effondr\u00e9e\u2026 Les orages ont fait des d\u00e9g\u00e2ts en Seine-Maritime<\/strong><\/a><br \/>Au total, les pompiers ont r\u00e9alis\u00e9 141 interventions en Seine-Maritime \u00e0 la suite des violents orages qui ont touch\u00e9 le d\u00e9partement ce vendredi 13\u00a0juin 2025. On fait le bilan.<\/p>\n<p class=\"expresso-item wall-content\"><a title=\"Lire l&#039;article\" href=\"https:\/\/actu.fr\/normandie\/saint-etienne-du-rouvray_76575\/des-aliments-impropres-a-la-consommation-humaine-un-supermarche-de-l-agglo-de-rouen-pointe-du-doigt_62767380.html\" rel=\"nofollow noopener\" target=\"_blank\"><strong>\u00ab\u2009Des aliments impropres \u00e0 la consommation humaine\u2009\u00bb\u2009: un supermarch\u00e9 de l\u2019agglo de Rouen point\u00e9 du doigt<\/strong><\/a><br \/>Un supermarch\u00e9 de l\u2019agglo de Rouen doit en partie fermer. Une visite sanitaire r\u00e9alis\u00e9e ce mardi 10\u00a0juin a r\u00e9v\u00e9l\u00e9 de lourds manquements dans le domaine de l\u2019hygi\u00e8ne. Les d\u00e9tails.<\/p>\n<p class=\"expresso-item wall-content\"><a title=\"Lire l&#039;article\" href=\"https:\/\/actu.fr\/normandie\/rouen_76540\/fondees-a-rouen-les-boulangeries-patisseries-yvonne-sont-en-grande-difficulte-voici-pourquoi_62749557.html\" rel=\"nofollow noopener\" target=\"_blank\"><strong>Fond\u00e9es \u00e0 Rouen, les boulangeries-p\u00e2tisseries Yvonne sont en grande difficult\u00e9\u2009: voici pourquoi<\/strong><\/a><br \/>Bien connues des Rouennais, les boulangeries-p\u00e2tisseries Yvonne sont en grande difficult\u00e9 financi\u00e8re. L\u2019enseigne a \u00e9t\u00e9 plac\u00e9e en redressement judiciaire. On vous explique pourquoi.<\/p>\n<p class=\"expresso-item wall-content\"><a title=\"Lire l&#039;article\" href=\"https:\/\/actu.fr\/normandie\/rouen_76540\/un-restaurant-de-la-place-du-vieux-marche-a-rouen-ferme-ses-portes-du-jour-au-lendemain_62755526.html\" rel=\"nofollow noopener\" target=\"_blank\"><strong>Un restaurant de la place du Vieux-March\u00e9, \u00e0 Rouen, ferme ses portes du jour au lendemain<\/strong><\/a><br \/>Un restaurant de la place du Vieux-March\u00e9 a ferm\u00e9 ses portes ce mercredi 11\u00a0juin 2025. Il s\u2019agit du Big Fernand, ouvert il y a trois ans qui stoppe d\u00e9j\u00e0 son aventure.<\/p>\n<p class=\"expresso-item wall-content\"><a title=\"Lire l&#039;article\" href=\"https:\/\/actu.fr\/normandie\/rouen_76540\/comment-va-le-commerce-rue-saint-hilaire-a-rouen-un-potentiel-interessant-dans-un-quartier-en-mutation_62761190.html\" rel=\"nofollow noopener\" target=\"_blank\"><strong>Comment va le commerce rue Saint-Hilaire \u00e0 Rouen\u2009? Un potentiel int\u00e9ressant dans un quartier en mutation<\/strong><\/a><br \/>La rue Saint-Hilaire est une rue de l\u2019Est de Rouen, en prolongement de la place de la Croix-de-Pierre, dans un quartier en pleine mutation et au potentiel commercial int\u00e9ressant.<\/p>\n<p>Bon \u00e0 savoir \u00e0 Rouen<\/p>\n<p class=\"expresso-item wall-content\"><a title=\"Lire l&#039;article\" href=\"https:\/\/actu.fr\/normandie\/rouen_76540\/ophtalmo-cardiologue-dentiste-une-quinzaine-de-specialistes-de-la-sante-s-installent-a-rouen_62757182.html\" rel=\"nofollow noopener\" target=\"_blank\"><strong>Ophtalmo, cardiologue, dentiste\u2026 Une quinzaine de sp\u00e9cialistes de la sant\u00e9 s\u2019installent \u00e0 Rouen<\/strong><\/a><br \/>Alors que les m\u00e9decins manquent \u00e0 bien des endroits, un tout nouveau p\u00f4le m\u00e9dical d\u2019une quinzaine de sp\u00e9cialistes s\u2019installe \u00e0 Rouen (Seine-Maritime). Explications.<\/p>\n<p class=\"expresso-item wall-content\"><a title=\"Lire l&#039;article\" href=\"https:\/\/actu.fr\/normandie\/rouen_76540\/nouveau-dans-le-quartier-des-antiquaires-a-rouen-un-atelier-boutique-de-sculptures-et-d-artisanat-d-art_62720988.html\" rel=\"nofollow noopener\" target=\"_blank\"><strong>Nouveau dans le quartier des antiquaires \u00e0 Rouen\u2009: un atelier-boutique de sculptures et d\u2019artisanat d\u2019art<\/strong><\/a><br \/>Un atelier d\u2019artisanat d\u2019art et de sculptures, Djef-Art, a ouvert rue Damiette \u00e0 Rouen (Seine-Maritime). Il pr\u00e9sente des cr\u00e9ations uniques et des mod\u00e8les artisanaux reproduisibles.<\/p>\n<p class=\"expresso-item wall-content\"><a title=\"Lire l&#039;article\" href=\"https:\/\/actu.fr\/normandie\/rouen_76540\/vous-voulez-apprendre-a-jouer-de-la-guitare-a-rouen-dorian-propose-des-cours-collectifs_62761208.html\" rel=\"nofollow noopener\" target=\"_blank\"><strong>Vous voulez apprendre \u00e0 jouer de la guitare\u2009? \u00c0 Rouen, Dorian propose des cours collectifs<\/strong><\/a><br \/>Depuis le 30\u00a0avril 2025, l\u2019\u00c9cole de Do est lanc\u00e9e par Dorian, un jeune Rouennais passionn\u00e9 de guitare. Rencontre.<\/p>\n<p class=\"expresso-item wall-content\"><a title=\"Lire l&#039;article\" href=\"https:\/\/actu.fr\/normandie\/rouen_76540\/nature-sport-gastronomie-notre-liste-sur-mesure-pour-sortir-cet-ete-a-rouen-et-aux-alentours_62739641.html\" rel=\"nofollow noopener\" target=\"_blank\"><strong>Nature, sport, gastronomie\u2026 Notre liste sur-mesure pour sortir cet \u00e9t\u00e9 \u00e0 Rouen et aux alentours<\/strong><\/a><br \/>Votre type c\u2019est la nature\u2009? Le sport\u2009? L\u2019histoire\u2009? La gastronomie\u2026\u2009? Voici un choix d\u2019activit\u00e9 \u00e0 faire cet \u00e9t\u00e9, \u00e0 Rouen et aux alentours, en fonction de votre personnalit\u00e9.<\/p>\n<p>Suivez l\u2019actualit\u00e9 de Rouen sur <a href=\"https:\/\/www.whatsapp.com\/channel\/0029VaKfnf99hXF2ddApFB1D\" rel=\"nofollow noopener\" target=\"_blank\">notre cha\u00eene WhatsApp<\/a> et sur <a href=\"https:\/\/www.tiktok.com\/@76actu.fr?lang=fr\" rel=\"nofollow noopener\" target=\"_blank\">notre compte TikTok<\/a><\/p>\n<p class=\" wall-content\">Suivez toute l\u2019actualit\u00e9 de vos villes et m\u00e9dias favoris en vous inscrivant \u00e0 <a href=\"https:\/\/moncompte.actu.fr\" title=\"D\u00e9couvez Mon Actu\" rel=\"nofollow noopener\" data-trk=\"{&quot;cta&quot;:{&quot;action&quot;:&quot;https:\\\/\\\/moncompte.actu.fr&quot;,&quot;category&quot;:&quot;mon compte&quot;,&quot;from&quot;:&quot;article footer&quot;,&quot;name&quot;:&quot;Mon actu&quot;,&quot;type&quot;:&quot;cta&quot;}}\" target=\"_blank\">Mon Actu<\/a>.<\/p>\n<p>                    <script async src=\"\/\/www.tiktok.com\/embed.js\"><\/script><\/p>\n","protected":false},"excerpt":{"rendered":"Par Yann Rivallan Publi\u00e9 le 15 juin 2025 \u00e0 17h44 Commerces, orages, bons plans\u2026 Il y a eu&hellip;\n","protected":false},"author":2,"featured_media":178743,"comment_status":"","ping_status":"","sticky":false,"template":"","format":"standard","meta":{"footnotes":""},"categories":[9587],"tags":[1111,11,9086,1777,674,1011,27,12,5161,25,9590,104],"class_list":{"0":"post-178742","1":"post","2":"type-post","3":"status-publish","4":"format-standard","5":"has-post-thumbnail","7":"category-rouen","8":"tag-actu","9":"tag-actualites","10":"tag-bon-plan-a-rouen","11":"tag-eu","12":"tag-europe","13":"tag-fr","14":"tag-france","15":"tag-news","16":"tag-normandie","17":"tag-republique-francaise","18":"tag-rouen","19":"tag-societe"},"share_on_mastodon":{"url":"https:\/\/pubeurope.com\/@fr\/114688312232162717","error":""},"_links":{"self":[{"href":"https:\/\/www.europesays.com\/fr\/wp-json\/wp\/v2\/posts\/178742","targetHints":{"allow":["GET"]}}],"collection":[{"href":"https:\/\/www.europesays.com\/fr\/wp-json\/wp\/v2\/posts"}],"about":[{"href":"https:\/\/www.europesays.com\/fr\/wp-json\/wp\/v2\/types\/post"}],"author":[{"embeddable":true,"href":"https:\/\/www.europesays.com\/fr\/wp-json\/wp\/v2\/users\/2"}],"replies":[{"embeddable":true,"href":"https:\/\/www.europesays.com\/fr\/wp-json\/wp\/v2\/comments?post=178742"}],"version-history":[{"count":0,"href":"https:\/\/www.europesays.com\/fr\/wp-json\/wp\/v2\/posts\/178742\/revisions"}],"wp:featuredmedia":[{"embeddable":true,"href":"https:\/\/www.europesays.com\/fr\/wp-json\/wp\/v2\/media\/178743"}],"wp:attachment":[{"href":"https:\/\/www.europesays.com\/fr\/wp-json\/wp\/v2\/media?parent=178742"}],"wp:term":[{"taxonomy":"category","embeddable":true,"href":"https:\/\/www.europesays.com\/fr\/wp-json\/wp\/v2\/categories?post=178742"},{"taxonomy":"post_tag","embeddable":true,"href":"https:\/\/www.europesays.com\/fr\/wp-json\/wp\/v2\/tags?post=178742"}],"curies":[{"name":"wp","href":"https:\/\/api.w.org\/{rel}","templated":true}]}}