{"id":178745,"date":"2025-06-15T16:26:19","date_gmt":"2025-06-15T16:26:19","guid":{"rendered":"https:\/\/www.europesays.com\/fr\/178745\/"},"modified":"2025-06-15T16:26:19","modified_gmt":"2025-06-15T16:26:19","slug":"grenoble-dans-les-ecoles-un-coup-de-pouce-pour-aider-ceux-qui-ne-prennent-pas-la-parole-en-classe","status":"publish","type":"post","link":"https:\/\/www.europesays.com\/fr\/178745\/","title":{"rendered":"Grenoble. Dans les \u00e9coles, un \u201cCoup de pouce\u201d pour aider \u00ab ceux qui ne prennent pas la parole en classe \u00bb"},"content":{"rendered":"<p>La cloche vient de sonner la fin de la journ\u00e9e \u00e0 l\u2019\u00e9cole maternelle du Verderet au Village olympique. Mais, contrairement \u00e0 leurs petits camarades qui prennent le chemin de chez eux, trois \u00e9l\u00e8ves de grande section s\u2019appr\u00eatent \u00e0 retourner dans l\u2019une des salles. \u00ab\u00a0D\u00e9corer\u00a0\u00bb, glissent-ils tous les trois \u00e0 l\u2019oreille d\u2019Ana\u00efs Dulcey. Le mot de passe du jour pour rejoindre le club langage qu\u2019anime l\u2019enseignante. Comme chaque soir, pendant une heure, les \u00e9coliers de grande section ne vont faire que parler, jouer, inventer des histoires\u2026<\/p>\n<p>Ces clubs sont un dispositif port\u00e9 par <a href=\"https:\/\/www.ledauphine.com\/education\/2024\/04\/11\/isere-voiron-au-club-coup-de-pouce-on-apprend-en-s-amusant\" target=\"_blank\" rel=\"nofollow noopener\">l\u2019association Coup de pouce<\/a> , \u00ab\u00a0qui en met en place depuis&#8230;<\/p>\n","protected":false},"excerpt":{"rendered":"La cloche vient de sonner la fin de la journ\u00e9e \u00e0 l\u2019\u00e9cole maternelle du Verderet au Village olympique.&hellip;\n","protected":false},"author":2,"featured_media":178746,"comment_status":"","ping_status":"","sticky":false,"template":"","format":"standard","meta":{"footnotes":""},"categories":[9566],"tags":[1111,11,2430,112,1057,1777,674,1011,27,2731,2732,108,10425,12,25],"class_list":{"0":"post-178745","1":"post","2":"type-post","3":"status-publish","4":"format-standard","5":"has-post-thumbnail","7":"category-grenoble","8":"tag-actu","9":"tag-actualites","10":"tag-auvergne-rhone-alpes","11":"tag-edition-grenoble-agglomeration","12":"tag-education","13":"tag-eu","14":"tag-europe","15":"tag-fr","16":"tag-france","17":"tag-grenoble","18":"tag-grenoble-bassin","19":"tag-isere","20":"tag-maternelle-elementaire","21":"tag-news","22":"tag-republique-francaise"},"share_on_mastodon":{"url":"https:\/\/pubeurope.com\/@fr\/114688320175180152","error":""},"_links":{"self":[{"href":"https:\/\/www.europesays.com\/fr\/wp-json\/wp\/v2\/posts\/178745","targetHints":{"allow":["GET"]}}],"collection":[{"href":"https:\/\/www.europesays.com\/fr\/wp-json\/wp\/v2\/posts"}],"about":[{"href":"https:\/\/www.europesays.com\/fr\/wp-json\/wp\/v2\/types\/post"}],"author":[{"embeddable":true,"href":"https:\/\/www.europesays.com\/fr\/wp-json\/wp\/v2\/users\/2"}],"replies":[{"embeddable":true,"href":"https:\/\/www.europesays.com\/fr\/wp-json\/wp\/v2\/comments?post=178745"}],"version-history":[{"count":0,"href":"https:\/\/www.europesays.com\/fr\/wp-json\/wp\/v2\/posts\/178745\/revisions"}],"wp:featuredmedia":[{"embeddable":true,"href":"https:\/\/www.europesays.com\/fr\/wp-json\/wp\/v2\/media\/178746"}],"wp:attachment":[{"href":"https:\/\/www.europesays.com\/fr\/wp-json\/wp\/v2\/media?parent=178745"}],"wp:term":[{"taxonomy":"category","embeddable":true,"href":"https:\/\/www.europesays.com\/fr\/wp-json\/wp\/v2\/categories?post=178745"},{"taxonomy":"post_tag","embeddable":true,"href":"https:\/\/www.europesays.com\/fr\/wp-json\/wp\/v2\/tags?post=178745"}],"curies":[{"name":"wp","href":"https:\/\/api.w.org\/{rel}","templated":true}]}}