{"id":178769,"date":"2025-06-15T16:38:11","date_gmt":"2025-06-15T16:38:11","guid":{"rendered":"https:\/\/www.europesays.com\/fr\/178769\/"},"modified":"2025-06-15T16:38:11","modified_gmt":"2025-06-15T16:38:11","slug":"pres-de-toulouse-percute-le-garcon-de-3-ans-sengouffre-sous-une-voiture-en-pleine-manoeuvre","status":"publish","type":"post","link":"https:\/\/www.europesays.com\/fr\/178769\/","title":{"rendered":"Pr\u00e8s de Toulouse. Percut\u00e9, le gar\u00e7on de 3 ans s&rsquo;engouffre sous une voiture en pleine man\u0153uvre"},"content":{"rendered":"<p>            Par<br \/>\n        <strong><br \/>\n            <a href=\"https:\/\/actu.fr\/auteur\/mareva-laville-actu-fr\" title=\"Consulter tous les articles de Mar\u00e9va Laville\" rel=\"nofollow noopener\" target=\"_blank\">Mar\u00e9va Laville<\/a><br \/>\n        <\/strong><\/p>\n<p>        Publi\u00e9 le<\/p>\n<p>            15 juin 2025 \u00e0 18h24        <\/p>\n<p>Plus de peur que de mal, \u00e0 nouveau. \u00c0 proximit\u00e9 d\u2019un h\u00f4tel de la route de Seilh \u00e0 <a href=\"https:\/\/actu.fr\/occitanie\/cornebarrieu_31150\" rel=\"nofollow noopener\" target=\"_blank\">Cornebarrieu<\/a>, au nord-ouest de <a href=\"http:\/\/www.actu.fr\/toulouse\" rel=\"nofollow noopener\" target=\"_blank\">Toulouse<\/a>, un <strong>petit gar\u00e7on de 3\u00a0ans<\/strong> a manqu\u00e9 de peu d\u2019\u00eatre \u00e9cras\u00e9 par une voiture, vers 16\u00a0heures, ce dimanche 15\u00a0juin 2025.<\/p>\n<p>    <a href=\"https:\/\/www.google.com\/maps\/embed?pb=!1m18!1m12!1m3!1d721.6743020668002!2d1.330468334959416!3d43.65446769352271!2m3!1f0!2f0!3f0!3m2!1i1024!2i768!4f13.1!3m3!1m2!1s0x12aeafb3ee47d68f%3A0xb9dea1f39e1451aa!2s35%20Rte%20de%20Seilh%2C%2031700%20Cornebarrieu!5e0!3m2!1sfr!2sfr!4v1750003960406!5m2!1sfr!2sfr\" title=\"Ouvrie le lien\" rel=\"nofollow noopener\" target=\"_blank\">Cliquez ici pour visualiser le contenu<\/a><\/p>\n<p>L\u2019enfant percut\u00e9 par la voiture<\/p>\n<p class=\" wall-content\">\u00ab\u2009Cela s\u2019est pass\u00e9 au cours d\u2019une <strong>man\u0153uvre en marche arri\u00e8re.<\/strong> Le conducteur n\u2019avait pas vu le petit gar\u00e7on qui a \u00e9t\u00e9 percut\u00e9 et s\u2019est retrouv\u00e9 <strong>coinc\u00e9 sous la voiture<\/strong>\u2009\u00bb, explique la gendarmerie de Haute-Garonne \u00e0 Actu Toulouse.<\/p>\n<p class=\" wall-content\">\u00c0 l\u2019arriv\u00e9e des secours, l\u2019enfant pr\u00e9sentait des <strong>\u00e9raflures<\/strong>. Il a \u00e9t\u00e9 <strong>\u00e9vacu\u00e9 par les pompiers<\/strong>, accompagn\u00e9 de sa m\u00e8re pour un contr\u00f4le de sant\u00e9. \u00ab\u2009Il va bien\u2009\u00bb, rassurent les gendarmes.<\/p>\n<p>Deux personnes en garde \u00e0 vue<\/p>\n<p class=\" wall-content\">Une femme de 30\u00a0ans a \u00e9t\u00e9 plac\u00e9e<strong> en garde \u00e0 vue<\/strong>, apr\u00e8s s\u2019\u00eatre d\u00e9clar\u00e9e conductrice. Mais les premi\u00e8res investigations des militaires ont mis la lumi\u00e8re sur une \u00ab\u2009fausse d\u00e9claration\u2009\u00bb.<\/p>\n<p>Vid\u00e9os : en ce moment sur Actu<\/p>\n<p class=\" wall-content\">Le v\u00e9ritable conducteur \u00e9tait un homme \u00e2g\u00e9 de 38\u00a0ans. Ce dernier a \u00e9t\u00e9 contr\u00f4l\u00e9 positif \u00e0 l\u2019alcool. Les deux individus restent en garde \u00e0 vue. <strong>Une enqu\u00eate est en cours.<\/strong><\/p>\n<p class=\" wall-content\">Suivez toute l\u2019actualit\u00e9 de vos villes et m\u00e9dias favoris en vous inscrivant \u00e0 <a href=\"https:\/\/moncompte.actu.fr\" title=\"D\u00e9couvez Mon Actu\" rel=\"nofollow noopener\" data-trk=\"{&quot;cta&quot;:{&quot;action&quot;:&quot;https:\\\/\\\/moncompte.actu.fr&quot;,&quot;category&quot;:&quot;mon compte&quot;,&quot;from&quot;:&quot;article footer&quot;,&quot;name&quot;:&quot;Mon actu&quot;,&quot;type&quot;:&quot;cta&quot;}}\" target=\"_blank\">Mon Actu<\/a>.<\/p>\n","protected":false},"excerpt":{"rendered":"Par Mar\u00e9va Laville Publi\u00e9 le 15 juin 2025 \u00e0 18h24 Plus de peur que de mal, \u00e0 nouveau.&hellip;\n","protected":false},"author":2,"featured_media":38925,"comment_status":"","ping_status":"","sticky":false,"template":"","format":"standard","meta":{"footnotes":""},"categories":[2816],"tags":[119,1111,11,1777,674,118,1011,27,3381,12,2680,25,2312],"class_list":{"0":"post-178769","1":"post","2":"type-post","3":"status-publish","4":"format-standard","5":"has-post-thumbnail","7":"category-toulouse","8":"tag-accident","9":"tag-actu","10":"tag-actualites","11":"tag-eu","12":"tag-europe","13":"tag-faits-divers","14":"tag-fr","15":"tag-france","16":"tag-gendarmerie","17":"tag-news","18":"tag-occitanie","19":"tag-republique-francaise","20":"tag-toulouse"},"share_on_mastodon":{"url":"https:\/\/pubeurope.com\/@fr\/114688367293021067","error":""},"_links":{"self":[{"href":"https:\/\/www.europesays.com\/fr\/wp-json\/wp\/v2\/posts\/178769","targetHints":{"allow":["GET"]}}],"collection":[{"href":"https:\/\/www.europesays.com\/fr\/wp-json\/wp\/v2\/posts"}],"about":[{"href":"https:\/\/www.europesays.com\/fr\/wp-json\/wp\/v2\/types\/post"}],"author":[{"embeddable":true,"href":"https:\/\/www.europesays.com\/fr\/wp-json\/wp\/v2\/users\/2"}],"replies":[{"embeddable":true,"href":"https:\/\/www.europesays.com\/fr\/wp-json\/wp\/v2\/comments?post=178769"}],"version-history":[{"count":0,"href":"https:\/\/www.europesays.com\/fr\/wp-json\/wp\/v2\/posts\/178769\/revisions"}],"wp:featuredmedia":[{"embeddable":true,"href":"https:\/\/www.europesays.com\/fr\/wp-json\/wp\/v2\/media\/38925"}],"wp:attachment":[{"href":"https:\/\/www.europesays.com\/fr\/wp-json\/wp\/v2\/media?parent=178769"}],"wp:term":[{"taxonomy":"category","embeddable":true,"href":"https:\/\/www.europesays.com\/fr\/wp-json\/wp\/v2\/categories?post=178769"},{"taxonomy":"post_tag","embeddable":true,"href":"https:\/\/www.europesays.com\/fr\/wp-json\/wp\/v2\/tags?post=178769"}],"curies":[{"name":"wp","href":"https:\/\/api.w.org\/{rel}","templated":true}]}}