{"id":178770,"date":"2025-06-15T16:39:09","date_gmt":"2025-06-15T16:39:09","guid":{"rendered":"https:\/\/www.europesays.com\/fr\/178770\/"},"modified":"2025-06-15T16:39:09","modified_gmt":"2025-06-15T16:39:09","slug":"immense-soiree-techno-machines-en-action-concerts-ce-que-reserve-le-festival-pink-paradize-a-toulouse","status":"publish","type":"post","link":"https:\/\/www.europesays.com\/fr\/178770\/","title":{"rendered":"\u00ab\u00a0Immense soir\u00e9e techno\u00a0\u00bb, machines en action, concerts&#8230; Ce que r\u00e9serve le festival Pink Paradize \u00e0 Toulouse"},"content":{"rendered":"<p>            Par<br \/>\n        <strong><br \/>\n            <a href=\"https:\/\/actu.fr\/auteur\/ancelin-emeryhenriot\" title=\"Consulter tous les articles de Ancelin Emery-Henriot\" target=\"_blank\" rel=\"noopener\">Ancelin Emery-Henriot<\/a><br \/>\n        <\/strong><\/p>\n<p>        Publi\u00e9 le<\/p>\n<p>            15 juin 2025 \u00e0 18h24        <\/p>\n<p>C\u2019est un retour qui risque de faire beaucoup de bruit. Le <strong>festival Pink Paradize<\/strong> a annonc\u00e9 la programmation compl\u00e8te de son week-end d\u2019ouverture, le Mecanik Paradize. Ses organisateurs, les <strong>Productions du Possible<\/strong>, en ont \u00e9galement profit\u00e9 pour d\u00e9voiler les <strong>10 dates<\/strong> qui constitueront son \u201cpr\u00e9-opening\u201d.<\/p>\n<p>28 artistes<\/p>\n<p class=\" wall-content\">Car, en effet, le Poney Club, de Toulouse accueillera <strong>une vingtaine d\u2019artistes<\/strong> entre le 12\u00a0juin et le 28\u00a0ao\u00fbt 2025. <strong>Petit Biscuit<\/strong>, <strong>Carl Cox<\/strong> ou encore <strong>Kaytranada<\/strong> seront par exemple de la partie. Les organisateurs avancent un calendrier qui m\u00ealera house, techno, pop et les diff\u00e9rentes facettes de l\u2019\u00e9lectro.<\/p>\n<p class=\" wall-content\">Du c\u00f4t\u00e9 du week-end d\u2019ouverture, la <strong>programmation compl\u00e8te<\/strong> est enfin connue apr\u00e8s des annonces ici et l\u00e0 depuis mars. Le Mecanik Paradize s\u2019\u00e9talera du 2 au 4\u00a0octobre et prendra traditionnellement place \u00e0 la <strong>Halle des Machines<\/strong>. Alors que sept artistes animeront les deux premiers jours, les Productions du Possible ont promis une \u201c<strong>immense soir\u00e9e techno<\/strong>\u201d en conclusion. En t\u00eate d\u2019affiche\u2009: <strong>Nina Kraviz<\/strong> et <strong>I hate models<\/strong>, respectivement suivis par 2,1 et 1\u00a0millions d\u2019abonn\u00e9s sur Instagram.<\/p>\n<p>Et des machines vivantes<\/p>\n<p class=\" wall-content\">S\u2019il a de nouveau rassembl\u00e9 plusieurs milliers de personnes en 2024, le festival s\u2019\u00e9tait particuli\u00e8rement illustr\u00e9 l\u2019ann\u00e9e pr\u00e9c\u00e9dente, accueillant environ <strong>21\u2009000\u00a0visiteurs<\/strong>.<\/p>\n<p class=\" wall-content\">Pr\u00e9cisons \u00e9galement que les organisateurs ont pris soin d\u2019<strong>\u00e9toffer la programmation<\/strong>. Une \u00ab<strong>\u2009after-party<\/strong>\u2009\u00bb techno a \u00e9t\u00e9 d\u00e9voil\u00e9e, avec Tony Romera, Popof et Romain Garcia en t\u00eate d\u2019affiche. De plus, comme chaque ann\u00e9e, <strong>les machines seront mises<\/strong> en marche pour compl\u00e9ter les trois jours de spectacle.<\/p>\n<p><strong>Infos pratiques<br \/><\/strong>La billetterie est d\u2019ores et d\u00e9j\u00e0 ouverte sur <a href=\"https:\/\/shotgun.live\/fr\/venues\/pink-paradize-les-productions-du-possible?fbclid=PAZXh0bgNhZW0CMTEAAafGa0ad134d3NB6bVftqhb7LDArm7MrdkX9nc16u4q6EJvMcgxvBkapVyU8iA_aem_Q4CBwoNHEs9-rjPm0vnFCQ\" target=\"_blank\" rel=\"noopener\">Shotgun<\/a>Vid\u00e9os : en ce moment sur Actu<\/p>\n<p class=\" wall-content\">Suivez toute l\u2019actualit\u00e9 de vos villes et m\u00e9dias favoris en vous inscrivant \u00e0 <a href=\"https:\/\/moncompte.actu.fr\" title=\"D\u00e9couvez Mon Actu\" rel=\"nofollow noopener\" data-trk=\"{&quot;cta&quot;:{&quot;action&quot;:&quot;https:\\\/\\\/moncompte.actu.fr&quot;,&quot;category&quot;:&quot;mon compte&quot;,&quot;from&quot;:&quot;article footer&quot;,&quot;name&quot;:&quot;Mon actu&quot;,&quot;type&quot;:&quot;cta&quot;}}\" target=\"_blank\">Mon Actu<\/a>.<\/p>\n<ul class=\"ac-article-tag wall-content\">\n<li><a href=\"https:\/\/actu.fr\/tag\/halle-de-la-machine\" data-trk=\"{&quot;cta&quot;:{&quot;action&quot;:&quot;Halle de la Machine&quot;,&quot;category&quot;:&quot;tag&quot;,&quot;from&quot;:&quot;article footer&quot;,&quot;name&quot;:&quot;Halle de la Machine&quot;,&quot;type&quot;:&quot;cta&quot;}}\" target=\"_blank\" rel=\"noopener\">#Halle de la Machine<\/a><\/li>\n<li><a href=\"https:\/\/actu.fr\/tag\/musique\" data-trk=\"{&quot;cta&quot;:{&quot;action&quot;:&quot;Musique&quot;,&quot;category&quot;:&quot;tag&quot;,&quot;from&quot;:&quot;article footer&quot;,&quot;name&quot;:&quot;Musique&quot;,&quot;type&quot;:&quot;cta&quot;}}\" target=\"_blank\" rel=\"noopener\">#Musique<\/a><\/li>\n<\/ul>\n","protected":false},"excerpt":{"rendered":"Par Ancelin Emery-Henriot Publi\u00e9 le 15 juin 2025 \u00e0 18h24 C\u2019est un retour qui risque de faire beaucoup&hellip;\n","protected":false},"author":2,"featured_media":178771,"comment_status":"","ping_status":"","sticky":false,"template":"","format":"standard","meta":{"footnotes":""},"categories":[2816],"tags":[1111,11,1777,674,1011,27,7496,1652,873,12,2680,25,2312],"class_list":{"0":"post-178770","1":"post","2":"type-post","3":"status-publish","4":"format-standard","5":"has-post-thumbnail","7":"category-toulouse","8":"tag-actu","9":"tag-actualites","10":"tag-eu","11":"tag-europe","12":"tag-fr","13":"tag-france","14":"tag-halle-de-la-machine","15":"tag-loisirs-culture","16":"tag-musique","17":"tag-news","18":"tag-occitanie","19":"tag-republique-francaise","20":"tag-toulouse"},"share_on_mastodon":{"url":"https:\/\/pubeurope.com\/@fr\/114688371199622139","error":""},"_links":{"self":[{"href":"https:\/\/www.europesays.com\/fr\/wp-json\/wp\/v2\/posts\/178770","targetHints":{"allow":["GET"]}}],"collection":[{"href":"https:\/\/www.europesays.com\/fr\/wp-json\/wp\/v2\/posts"}],"about":[{"href":"https:\/\/www.europesays.com\/fr\/wp-json\/wp\/v2\/types\/post"}],"author":[{"embeddable":true,"href":"https:\/\/www.europesays.com\/fr\/wp-json\/wp\/v2\/users\/2"}],"replies":[{"embeddable":true,"href":"https:\/\/www.europesays.com\/fr\/wp-json\/wp\/v2\/comments?post=178770"}],"version-history":[{"count":0,"href":"https:\/\/www.europesays.com\/fr\/wp-json\/wp\/v2\/posts\/178770\/revisions"}],"wp:featuredmedia":[{"embeddable":true,"href":"https:\/\/www.europesays.com\/fr\/wp-json\/wp\/v2\/media\/178771"}],"wp:attachment":[{"href":"https:\/\/www.europesays.com\/fr\/wp-json\/wp\/v2\/media?parent=178770"}],"wp:term":[{"taxonomy":"category","embeddable":true,"href":"https:\/\/www.europesays.com\/fr\/wp-json\/wp\/v2\/categories?post=178770"},{"taxonomy":"post_tag","embeddable":true,"href":"https:\/\/www.europesays.com\/fr\/wp-json\/wp\/v2\/tags?post=178770"}],"curies":[{"name":"wp","href":"https:\/\/api.w.org\/{rel}","templated":true}]}}