{"id":178789,"date":"2025-06-15T16:49:12","date_gmt":"2025-06-15T16:49:12","guid":{"rendered":"https:\/\/www.europesays.com\/fr\/178789\/"},"modified":"2025-06-15T16:49:12","modified_gmt":"2025-06-15T16:49:12","slug":"orages-blessee-a-paris-apres-la-chute-dune-branche-darbre-la-jeune-femme-agee-de-20-ans-est-decedee","status":"publish","type":"post","link":"https:\/\/www.europesays.com\/fr\/178789\/","title":{"rendered":"Orages : bless\u00e9e \u00e0 Paris apr\u00e8s la chute d&rsquo;une branche d&rsquo;arbre, la jeune femme \u00e2g\u00e9e de 20 ans est d\u00e9c\u00e9d\u00e9e"},"content":{"rendered":"<ul class=\"jsx-862013697 ArticleChapo__List\">\n<li class=\"jsx-862013697 ArticleChapo__List_Item flex\">Une jeune femme n\u00e9e en 2004 a \u00e9t\u00e9 bless\u00e9e vendredi par la chute d&rsquo;une branche d&rsquo;arbre.<\/li>\n<li class=\"jsx-862013697 ArticleChapo__List_Item flex\">La victime, gri\u00e8vement bless\u00e9e et qui avait \u00e9t\u00e9 hospitalis\u00e9e, a succomb\u00e9 \u00e0 ses blessures.<\/li>\n<li class=\"jsx-862013697 ArticleChapo__List_Item flex\">Cela porte \u00e0 deux le nombre de morts suite aux violents orages qui ont frapp\u00e9 la France.<\/li>\n<\/ul>\n<p data-module=\"article-paragraph\" class=\"jsx-3046738180 Paragraph Paragraph__End\">Malgr\u00e9 les soins prodigu\u00e9s, elle n&rsquo;a pas surv\u00e9cu. La jeune femme bless\u00e9e vendredi soir vers 23 heures <a href=\"https:\/\/www.tf1info.fr\/meteo\/video-reportage-tf1-j-ai-rarement-vu-des-grelons-aussi-enormes-les-degats-spectaculaires-des-orages-dans-le-sud-ouest-2376992.html\" target=\"_blank\" rel=\"noopener\">pendant les orages <\/a>\u00e0 Paris est d\u00e9c\u00e9d\u00e9e, a indiqu\u00e9 dimanche le parquet de Paris \u00e0 LCI-TF1, <a href=\"https:\/\/www.tf1info.fr\/justice-faits-divers\/info-tf1-lci-orages-en-france-au-moins-une-personne-est-decedee-et-une-a-ete-gravement-blessee-apres-des-chutes-d-arbres-2376961.html\" target=\"_blank\" rel=\"noopener\">portant \u00e0 deux le nombre de morts<\/a>.<\/p>\n<p data-module=\"article-paragraph\" class=\"jsx-3046738180 Paragraph Paragraph__End\">N\u00e9e en 2004, la victime se trouvait au moment de l&rsquo;accident avec des amis sur le quai Saint-Bernard, au pied de Jussieu, dans le 5e arrondissement, quand l&rsquo;arbre sous lequel elle se trouvait a \u00e9t\u00e9 frapp\u00e9 par la foudre, provoquant la chute d&rsquo;une branche qui l&rsquo;a touch\u00e9e \u00e0 la t\u00eate, selon la brigade des sapeurs-pompiers de Paris.<\/p>\n<p>Une enqu\u00eate a \u00e9t\u00e9 ouverte<\/p>\n<p data-module=\"article-paragraph\" class=\"jsx-3046738180 Paragraph\">Une enqu\u00eate en \u00ab\u00a0recherche des causes de la mort\u00a0\u00bb a \u00e9t\u00e9 ouverte par le parquet de Paris. Elle a \u00e9t\u00e9 confi\u00e9e au commissariat des 5e et 6e arrondissements.<\/p>\n<p data-module=\"article-paragraph\" class=\"jsx-3046738180 Paragraph Paragraph__End\">Vendredi soir, \u00e0 Grandchamp dans les Yvelines, un homme \u00e2g\u00e9 de 68 ans \u00e9tait d\u00e9c\u00e9d\u00e9 apr\u00e8s qu&rsquo;un arbre, frapp\u00e9 par la foudre, s&rsquo;est effondr\u00e9 sur le pavillon de chasse dans lequel il s&rsquo;\u00e9tait r\u00e9fugi\u00e9 avec six personnes. L\u00e0 aussi, une enqu\u00eate a \u00e9t\u00e9 ouverte par le parquet de Versailles.\u00a0<\/p>\n<p>A.S avec Marie Belot<\/p>\n","protected":false},"excerpt":{"rendered":"Une jeune femme n\u00e9e en 2004 a \u00e9t\u00e9 bless\u00e9e vendredi par la chute d&rsquo;une branche d&rsquo;arbre. La victime,&hellip;\n","protected":false},"author":2,"featured_media":178790,"comment_status":"","ping_status":"","sticky":false,"template":"","format":"standard","meta":{"footnotes":""},"categories":[1888],"tags":[1111,1928,11,1927,1921,1777,674,6017,1011,27,1922,303,2954,12,1926,626,1925,1072,25,199,133,2953],"class_list":{"0":"post-178789","1":"post","2":"type-post","3":"status-publish","4":"format-standard","5":"has-post-thumbnail","7":"category-paris","8":"tag-actu","9":"tag-actu-paris","10":"tag-actualites","11":"tag-actualites-paris","12":"tag-article-video","13":"tag-eu","14":"tag-europe","15":"tag-fait-divers","16":"tag-fr","17":"tag-france","18":"tag-info","19":"tag-justice","20":"tag-justice-et-faits-divers","21":"tag-news","22":"tag-news-paris","23":"tag-paris","24":"tag-paris-news","25":"tag-police","26":"tag-republique-francaise","27":"tag-tf1","28":"tag-video","29":"tag-video-police"},"share_on_mastodon":{"url":"https:\/\/pubeurope.com\/@fr\/114688410516015604","error":""},"_links":{"self":[{"href":"https:\/\/www.europesays.com\/fr\/wp-json\/wp\/v2\/posts\/178789","targetHints":{"allow":["GET"]}}],"collection":[{"href":"https:\/\/www.europesays.com\/fr\/wp-json\/wp\/v2\/posts"}],"about":[{"href":"https:\/\/www.europesays.com\/fr\/wp-json\/wp\/v2\/types\/post"}],"author":[{"embeddable":true,"href":"https:\/\/www.europesays.com\/fr\/wp-json\/wp\/v2\/users\/2"}],"replies":[{"embeddable":true,"href":"https:\/\/www.europesays.com\/fr\/wp-json\/wp\/v2\/comments?post=178789"}],"version-history":[{"count":0,"href":"https:\/\/www.europesays.com\/fr\/wp-json\/wp\/v2\/posts\/178789\/revisions"}],"wp:featuredmedia":[{"embeddable":true,"href":"https:\/\/www.europesays.com\/fr\/wp-json\/wp\/v2\/media\/178790"}],"wp:attachment":[{"href":"https:\/\/www.europesays.com\/fr\/wp-json\/wp\/v2\/media?parent=178789"}],"wp:term":[{"taxonomy":"category","embeddable":true,"href":"https:\/\/www.europesays.com\/fr\/wp-json\/wp\/v2\/categories?post=178789"},{"taxonomy":"post_tag","embeddable":true,"href":"https:\/\/www.europesays.com\/fr\/wp-json\/wp\/v2\/tags?post=178789"}],"curies":[{"name":"wp","href":"https:\/\/api.w.org\/{rel}","templated":true}]}}