{"id":178799,"date":"2025-06-15T16:54:12","date_gmt":"2025-06-15T16:54:12","guid":{"rendered":"https:\/\/www.europesays.com\/fr\/178799\/"},"modified":"2025-06-15T16:54:12","modified_gmt":"2025-06-15T16:54:12","slug":"interdiction-de-lentree-aux-usa-a-36-autres-pays","status":"publish","type":"post","link":"https:\/\/www.europesays.com\/fr\/178799\/","title":{"rendered":"Interdiction de l&rsquo;entr\u00e9e aux USA \u00e0 36 autres pays"},"content":{"rendered":"<p>  \u00a0La note, obtenue par le Washington Post, et relay\u00e9e par Anadolu, a \u00e9t\u00e9 sign\u00e9e par le secr\u00e9taire d&rsquo;\u00c9tat Marco Rubio et dat\u00e9e de samedi. Elle fixe un d\u00e9lai de 60 jours pour que les pays concern\u00e9s respectent une s\u00e9rie de crit\u00e8res am\u00e9ricains, sous peine de se voir interdire totalement ou partiellement l&rsquo;acc\u00e8s au territoire am\u00e9ricain. <\/p>\n<p>La liste comprend 25 pays africains, des partenaires cl\u00e9s des \u00c9tats-Unis tels que l&rsquo;\u00c9gypte, l&rsquo;\u00c9thiopie et Djibouti, ainsi que des pays d&rsquo;Asie centrale, des Cara\u00efbes et du Pacifique. Parmi les autres pays cit\u00e9s, on trouve la Syrie, le Cambodge, le Kirghizstan et le Vanuatu. <\/p>\n<p>Selon la note, les pays concern\u00e9s ne produisent pas de documents d&rsquo;identit\u00e9 fiables, sont victimes de fraudes g\u00e9n\u00e9ralis\u00e9es dans les registres de l&rsquo;\u00e9tat civil ou ont un nombre \u00e9lev\u00e9 de visas p\u00e9rim\u00e9s. <\/p>\n<p>Parmi les autres raisons invoqu\u00e9es, figurent la possibilit\u00e9 d&rsquo;obtenir la citoyennet\u00e9 am\u00e9ricaine par le biais d&rsquo;investissements sans r\u00e9sidence et les all\u00e9gations d'\u00a0\u00bbactivit\u00e9s antis\u00e9mites et antiam\u00e9ricaines aux \u00c9tats-Unis\u00a0\u00bb. <\/p>\n<p>Les pays peuvent \u00e9viter les sanctions en pr\u00e9sentant un plan d&rsquo;action d&rsquo;ici mercredi \u00e0 8 heures, et \u00e9ventuellement en acceptant d&rsquo;expulser des ressortissants de pays tiers ou en concluant un accord avec des \u00ab\u00a0pays tiers s\u00fbr\u00a0\u00bb. Cette mesure fait suite \u00e0 un d\u00e9cret pr\u00e9sidentiel du 4 juin qui a restreint totalement l&rsquo;acc\u00e8s aux Etats-Unis aux ressortissants de 13 pays, dont l&rsquo;Afghanistan, l&rsquo;Iran et la Somalie, et partiellement les voyages en provenance de sept autres pays. Cette derni\u00e8re proposition marquerait un d\u00e9veloppement spectaculaire dans la politique d&rsquo;immigration de l&rsquo;administration am\u00e9ricaine. <br \/>\u00a0 <br \/>\u00a0\n\t\t\t\t <\/p>\n","protected":false},"excerpt":{"rendered":"\u00a0La note, obtenue par le Washington Post, et relay\u00e9e par Anadolu, a \u00e9t\u00e9 sign\u00e9e par le secr\u00e9taire d&rsquo;\u00c9tat&hellip;\n","protected":false},"author":2,"featured_media":178800,"comment_status":"","ping_status":"","sticky":false,"template":"","format":"standard","meta":{"footnotes":""},"categories":[1589],"tags":[11,5024,5025,5026,258,5028,1659,5029,5027,251,33,2518,73,1866,1283,1757,1393,985,12,316,104,517,5030,1864,1865,1863,308],"class_list":{"0":"post-178799","1":"post","2":"type-post","3":"status-publish","4":"format-standard","5":"has-post-thumbnail","7":"category-etats-unis","8":"tag-actualites","9":"tag-actualites-et-infos-au-maroc","10":"tag-actualites-et-infos-mondiale","11":"tag-actualites-marocaines-du-jour","12":"tag-alimentation","13":"tag-analyses","14":"tag-art-de-vivre","15":"tag-chronique","16":"tag-consommation-et-bien-etre","17":"tag-culture","18":"tag-economie","19":"tag-edito","20":"tag-etats-unis","21":"tag-etats-unis-damerique","22":"tag-etudes","23":"tag-insolite","24":"tag-loisirs","25":"tag-mode","26":"tag-news","27":"tag-politique","28":"tag-societe","29":"tag-sport","30":"tag-tribune","31":"tag-united-states","32":"tag-united-states-of-america","33":"tag-us","34":"tag-usa"},"share_on_mastodon":{"url":"https:\/\/pubeurope.com\/@fr\/114688430248643865","error":""},"_links":{"self":[{"href":"https:\/\/www.europesays.com\/fr\/wp-json\/wp\/v2\/posts\/178799","targetHints":{"allow":["GET"]}}],"collection":[{"href":"https:\/\/www.europesays.com\/fr\/wp-json\/wp\/v2\/posts"}],"about":[{"href":"https:\/\/www.europesays.com\/fr\/wp-json\/wp\/v2\/types\/post"}],"author":[{"embeddable":true,"href":"https:\/\/www.europesays.com\/fr\/wp-json\/wp\/v2\/users\/2"}],"replies":[{"embeddable":true,"href":"https:\/\/www.europesays.com\/fr\/wp-json\/wp\/v2\/comments?post=178799"}],"version-history":[{"count":0,"href":"https:\/\/www.europesays.com\/fr\/wp-json\/wp\/v2\/posts\/178799\/revisions"}],"wp:featuredmedia":[{"embeddable":true,"href":"https:\/\/www.europesays.com\/fr\/wp-json\/wp\/v2\/media\/178800"}],"wp:attachment":[{"href":"https:\/\/www.europesays.com\/fr\/wp-json\/wp\/v2\/media?parent=178799"}],"wp:term":[{"taxonomy":"category","embeddable":true,"href":"https:\/\/www.europesays.com\/fr\/wp-json\/wp\/v2\/categories?post=178799"},{"taxonomy":"post_tag","embeddable":true,"href":"https:\/\/www.europesays.com\/fr\/wp-json\/wp\/v2\/tags?post=178799"}],"curies":[{"name":"wp","href":"https:\/\/api.w.org\/{rel}","templated":true}]}}