{"id":178812,"date":"2025-06-15T17:00:10","date_gmt":"2025-06-15T17:00:10","guid":{"rendered":"https:\/\/www.europesays.com\/fr\/178812\/"},"modified":"2025-06-15T17:00:10","modified_gmt":"2025-06-15T17:00:10","slug":"traite-de-salopard-antisemite-par-le-socialiste-jerome-guedj-jean-luc-melenchon-demande-des-excuses-au-ps","status":"publish","type":"post","link":"https:\/\/www.europesays.com\/fr\/178812\/","title":{"rendered":"Trait\u00e9 de \u00absalopard antis\u00e9mite\u00bb par le socialiste J\u00e9r\u00f4me Guedj, Jean-Luc M\u00e9lenchon demande des excuses au PS"},"content":{"rendered":"<p>Le coordinateur national de La France insoumise Manuel Bompard a \u00e9galement exig\u00e9 ce dimanche \u00abdes excuses publiques sur ces propos inacceptables\u00bb.<\/p>\n<p class=\"fig-paragraph\">Un \u00e9pisode de plus qui illustre la guerre des gauches irr\u00e9conciliables. Jean-Luc M\u00e9lenchon a demand\u00e9 dimanche des excuses au PS apr\u00e8s que le d\u00e9put\u00e9 socialiste J\u00e9r\u00f4me Guedj l&rsquo;a trait\u00e9, la veille, de\u00a0<a href=\"http:\/\/www.lefigaro.fr\/politique\/au-congres-du-ps-jerome-guedj-qualifie-jean-luc-melenchon-de-salopard-antisemite-20250614\" data-fig-type=\"NewsFlash\" data-gtm-custom-categorie=\"navigation\" data-gtm-custom-action=\"crossclick\" data-gtm-custom-label=\"Contextuel\" data-gtm-event=\"customEventSPE\" data-fig-domain=\"LEFIGARO\" target=\"_blank\" rel=\"noopener\">\u00absalopard antis\u00e9mite\u00bb<\/a>, faute de quoi le parti devra \u00abassumer\u00bb. \u00abJe mets au d\u00e9fi J\u00e9r\u00f4me Guedj et quiconque de ceux qui l&rsquo;ont applaudi (au congr\u00e8s du PS \u00e0 Nancy, NDLR) de trouver dans mes \u00e9crits ou discours une seule fois au cours des quarante derni\u00e8res ann\u00e9es les expressions qu&rsquo;il m&rsquo;attribue\u00bb, a lanc\u00e9 le\u00a0<a href=\"http:\/\/www.lefigaro.fr\/politique\/la-republique-c-est-elle-quand-jean-luc-melenchon-salue-rima-hassan-toujours-retenue-en-israel-20250611\" data-fig-type=\"NewsFlash\" data-gtm-custom-categorie=\"navigation\" data-gtm-custom-action=\"crossclick\" data-gtm-custom-label=\"Contextuel\" data-gtm-event=\"customEventSPE\" data-fig-domain=\"LEFIGARO\" target=\"_blank\" rel=\"noopener\">tribun insoumis<\/a>\u00a0sur le r\u00e9seau social X. Un peu plus t\u00f4t, le coordinateur national de La France insoumise\u00a0<a href=\"http:\/\/www.lefigaro.fr\/presidentielle-2027-manuel-bompard-lfi-ferme-la-porte-a-une-primaire-de-la-gauche-20250525\" data-fig-type=\"Article\" data-gtm-custom-categorie=\"navigation\" data-gtm-custom-action=\"crossclick\" data-gtm-custom-label=\"Contextuel\" data-gtm-event=\"customEventSPE\" data-fig-domain=\"LEFIGARO\" target=\"_blank\" rel=\"noopener\">Manuel Bompard<\/a>\u00a0avait aussi exig\u00e9 sur BFMTV \u00abdes excuses publiques sur ces propos inacceptables\u00bb.<\/p>\n<p class=\"fig-paragraph\">Tout est parti d&rsquo;une d\u00e9claration de J\u00e9r\u00f4me Guedj, samedi, \u00e0 la tribune du congr\u00e8s du Parti socialiste, visant directement le tribun insoumis. D\u00e9non\u00e7ant les \u00abpropos\u00bb de Jean-Luc M\u00e9lenchon \u00e0 son endroit qui \u00absont absolument insupportables\u00bb, sur fond d\u2019importation en France du conflit entre Isra\u00ebl et le Hamas en, le d\u00e9put\u00e9 socialiste, d\u2019origine juive, dit avoir \u00abune meurtrissure terrible\u00bb \u00e0 qualifier d\u2019antis\u00e9mite \u00abl\u2019homme qu\u2019(il) aim\u00e9 profond\u00e9ment\u00bb. Et d&rsquo;ajouter qu\u2019il est \u00abdevenu le \u201csioniste g\u00e9nocidaire\u201d pour Jean-Luc M\u00e9lenchon et les siens\u00bb.<\/p>\n<p>Guedj et LFI, la rupture<\/p>\n<p class=\"fig-paragraph\">Grand partisan de l&rsquo;alliance de gauche Nupes apr\u00e8s la pr\u00e9sidentielle de 2022 et ancien proche de Jean-Luc M\u00e9lenchon,\u00a0<a href=\"http:\/\/www.lefigaro.fr\/flash-actu\/c-est-trop-facile-de-faire-des-excuses-apres-avoir-dit-des-horreurs-jerome-guedj-repond-a-marine-tondelier-20250512\" data-fig-type=\"NewsFlash\" data-gtm-custom-categorie=\"navigation\" data-gtm-custom-action=\"crossclick\" data-gtm-custom-label=\"Contextuel\" data-gtm-event=\"customEventSPE\" data-fig-domain=\"LEFIGARO\" target=\"_blank\" rel=\"noopener\">J\u00e9r\u00f4me Guedj<\/a>\u00a0a rompu avec LFI apr\u00e8s les attaques du 7-Octobre. Le leader insoumis a tenu depuis des propos tr\u00e8s durs et ambigus \u00e0 son encontre, le qualifiant notamment de \u00abl\u00e2che de cette vari\u00e9t\u00e9 humaine que l&rsquo;on conna\u00eet tous, les d\u00e9lateurs\u00bb. \u00abL&rsquo;int\u00e9ressant est de le voir s&rsquo;agiter autour du piquet o\u00f9 le retient la laisse de ses adh\u00e9sions\u00bb, a-t-il \u00e9galement d\u00e9clar\u00e9.<\/p>\n<p class=\"fig-paragraph\">Les \u00e9lus de La France insoumise ont tr\u00e8s mal pris la d\u00e9claration de J\u00e9r\u00f4me Guedj. \u00abJe me languis de le croiser \u00e0 l&rsquo;Assembl\u00e9e&#8230;\u00bb, a notamment \u00e9crit sur X le d\u00e9put\u00e9 des Bouches-du-Rh\u00f4ne S\u00e9bastien Delogu. \u00abLa violence qui a \u00e9t\u00e9 engag\u00e9e par Jean-Luc M\u00e9lenchon, aujourd&rsquo;hui, entra\u00eene d&rsquo;autres violences. Les termes sont tr\u00e8s forts. L&rsquo;exacerbation des relations entre les Fran\u00e7ais, entre les partis politiques n&rsquo;est pas une bonne chose\u00bb, a estim\u00e9 \u00e0 ce sujet la porte-parole du gouvernement, Sophie Primas, dimanche sur LCI.<\/p>\n","protected":false},"excerpt":{"rendered":"Le coordinateur national de La France insoumise Manuel Bompard a \u00e9galement exig\u00e9 ce dimanche \u00abdes excuses publiques sur&hellip;\n","protected":false},"author":2,"featured_media":178813,"comment_status":"","ping_status":"","sticky":false,"template":"","format":"standard","meta":{"footnotes":""},"categories":[2],"tags":[11,6155,426,427,422,423,1011,27,418,424,425,3081,420,421,12,419,3541,316,429,25,428],"class_list":{"0":"post-178812","1":"post","2":"type-post","3":"status-publish","4":"format-standard","5":"has-post-thumbnail","7":"category-actualites","8":"tag-actualites","9":"tag-antisemitisme","10":"tag-candidat","11":"tag-candidats","12":"tag-depute","13":"tag-deputes","14":"tag-fr","15":"tag-france","16":"tag-gouvernement","17":"tag-institution","18":"tag-institutions","19":"tag-jean-luc-melenchon","20":"tag-loi","21":"tag-lois","22":"tag-news","23":"tag-opposition","24":"tag-parti-socialiste","25":"tag-politique","26":"tag-ps","27":"tag-republique-francaise","28":"tag-ump"},"share_on_mastodon":{"url":"https:\/\/pubeurope.com\/@fr\/114688453777125677","error":""},"_links":{"self":[{"href":"https:\/\/www.europesays.com\/fr\/wp-json\/wp\/v2\/posts\/178812","targetHints":{"allow":["GET"]}}],"collection":[{"href":"https:\/\/www.europesays.com\/fr\/wp-json\/wp\/v2\/posts"}],"about":[{"href":"https:\/\/www.europesays.com\/fr\/wp-json\/wp\/v2\/types\/post"}],"author":[{"embeddable":true,"href":"https:\/\/www.europesays.com\/fr\/wp-json\/wp\/v2\/users\/2"}],"replies":[{"embeddable":true,"href":"https:\/\/www.europesays.com\/fr\/wp-json\/wp\/v2\/comments?post=178812"}],"version-history":[{"count":0,"href":"https:\/\/www.europesays.com\/fr\/wp-json\/wp\/v2\/posts\/178812\/revisions"}],"wp:featuredmedia":[{"embeddable":true,"href":"https:\/\/www.europesays.com\/fr\/wp-json\/wp\/v2\/media\/178813"}],"wp:attachment":[{"href":"https:\/\/www.europesays.com\/fr\/wp-json\/wp\/v2\/media?parent=178812"}],"wp:term":[{"taxonomy":"category","embeddable":true,"href":"https:\/\/www.europesays.com\/fr\/wp-json\/wp\/v2\/categories?post=178812"},{"taxonomy":"post_tag","embeddable":true,"href":"https:\/\/www.europesays.com\/fr\/wp-json\/wp\/v2\/tags?post=178812"}],"curies":[{"name":"wp","href":"https:\/\/api.w.org\/{rel}","templated":true}]}}