{"id":178814,"date":"2025-06-15T17:01:12","date_gmt":"2025-06-15T17:01:12","guid":{"rendered":"https:\/\/www.europesays.com\/fr\/178814\/"},"modified":"2025-06-15T17:01:12","modified_gmt":"2025-06-15T17:01:12","slug":"a-pluguffan-les-alphajets-de-la-patrouille-de-france-ont-fait-le-bonheur-des-passants","status":"publish","type":"post","link":"https:\/\/www.europesays.com\/fr\/178814\/","title":{"rendered":"\u00c0 Pluguffan, les alphajets de la Patrouille de France ont fait le bonheur des passants"},"content":{"rendered":"<p>Les alphajets de la Patrouille de France sont arriv\u00e9s samedi 14 juin en fin d\u2019apr\u00e8s-midi sur le site de l\u2019a\u00e9roport Quimper-Bretagne, attendus par une assistance post\u00e9e \u00e0 diff\u00e9rents endroits \u00e0 l\u2019espace de loisirs et sportif du Cosquer. Le parc comporte un belv\u00e9d\u00e8re avec vue directe sur le site de l\u2019a\u00e9roport. Les photographes avec un t\u00e9l\u00e9objectif ont aussi su faire des murs de l\u2019enceinte du parc, des promontoires pour capter la meilleure image possible. Les avions sont parfaitement align\u00e9s. Le sujet fascine. Chacun veut garder une image de ce passage exceptionnel.<\/p>\n","protected":false},"excerpt":{"rendered":"Les alphajets de la Patrouille de France sont arriv\u00e9s samedi 14 juin en fin d\u2019apr\u00e8s-midi sur le site&hellip;\n","protected":false},"author":2,"featured_media":178815,"comment_status":"","ping_status":"","sticky":false,"template":"","format":"standard","meta":{"footnotes":""},"categories":[4],"tags":[11,1011,27,12,31578,3319,25],"class_list":{"0":"post-178814","1":"post","2":"type-post","3":"status-publish","4":"format-standard","5":"has-post-thumbnail","7":"category-france","8":"tag-actualites","9":"tag-fr","10":"tag-france","11":"tag-news","12":"tag-pluguffan","13":"tag-quimper","14":"tag-republique-francaise"},"share_on_mastodon":{"url":"https:\/\/pubeurope.com\/@fr\/114688457747467019","error":""},"_links":{"self":[{"href":"https:\/\/www.europesays.com\/fr\/wp-json\/wp\/v2\/posts\/178814","targetHints":{"allow":["GET"]}}],"collection":[{"href":"https:\/\/www.europesays.com\/fr\/wp-json\/wp\/v2\/posts"}],"about":[{"href":"https:\/\/www.europesays.com\/fr\/wp-json\/wp\/v2\/types\/post"}],"author":[{"embeddable":true,"href":"https:\/\/www.europesays.com\/fr\/wp-json\/wp\/v2\/users\/2"}],"replies":[{"embeddable":true,"href":"https:\/\/www.europesays.com\/fr\/wp-json\/wp\/v2\/comments?post=178814"}],"version-history":[{"count":0,"href":"https:\/\/www.europesays.com\/fr\/wp-json\/wp\/v2\/posts\/178814\/revisions"}],"wp:featuredmedia":[{"embeddable":true,"href":"https:\/\/www.europesays.com\/fr\/wp-json\/wp\/v2\/media\/178815"}],"wp:attachment":[{"href":"https:\/\/www.europesays.com\/fr\/wp-json\/wp\/v2\/media?parent=178814"}],"wp:term":[{"taxonomy":"category","embeddable":true,"href":"https:\/\/www.europesays.com\/fr\/wp-json\/wp\/v2\/categories?post=178814"},{"taxonomy":"post_tag","embeddable":true,"href":"https:\/\/www.europesays.com\/fr\/wp-json\/wp\/v2\/tags?post=178814"}],"curies":[{"name":"wp","href":"https:\/\/api.w.org\/{rel}","templated":true}]}}