{"id":178830,"date":"2025-06-15T17:11:17","date_gmt":"2025-06-15T17:11:17","guid":{"rendered":"https:\/\/www.europesays.com\/fr\/178830\/"},"modified":"2025-06-15T17:11:17","modified_gmt":"2025-06-15T17:11:17","slug":"caroline-anglade-emue-en-evoquant-le-deces-de-son-pere-dans-un-dimanche-a-la-campagne","status":"publish","type":"post","link":"https:\/\/www.europesays.com\/fr\/178830\/","title":{"rendered":"Caroline Anglade \u00e9mue en \u00e9voquant le d\u00e9c\u00e8s de son p\u00e8re dans Un dimanche \u00e0 la campagne"},"content":{"rendered":"<p>Ce 15 juin, Fr\u00e9d\u00e9ric Lopez a convi\u00e9 trois invit\u00e9s \u00e0 le rejoindre pour Un dimanche \u00e0 la campagne. Parmi eux, la com\u00e9dienne Caroline Anglade s&rsquo;est confi\u00e9e sur le d\u00e9c\u00e8s de son papa survenu r\u00e9cemment mais qu&rsquo;elle a peu connu durant son enfance.<\/p>\n<p>Apr\u00e8s deux semaines de d\u00e9programmation <a href=\"https:\/\/www.programme-tv.net\/news\/tv\/380418-deprogrammation-d-un-dimanche-a-la-campagne-pourquoi-lemission-de-frederic-lopez-n-est-pas-diffusee-le-8-juin\/\" data-api-deeplink=\"teleloisirs:\/\/news\/380418\" target=\"_blank\" rel=\"noopener\">en raison du tournoi de Roland-Garros<\/a>,<a href=\"https:\/\/www.programme-tv.net\/news\/tv\/375425-un-dimanche-a-la-campagne-frederic-lopez-revele-cette-concession-qu-il-est-pret-a-faire-pour-avoir-certains-invites\/\" data-api-deeplink=\"teleloisirs:\/\/news\/375425\" target=\"_blank\" rel=\"noopener\"> Un dimanche \u00e0 la campagne<\/a> \u00e9tait de retour sur France 2 ce dimanche 15\u00a0juin. Fr\u00e9d\u00e9ric Lopez recevait l&rsquo;animateur <a href=\"https:\/\/www.programme-tv.net\/biographie\/534-ruquier-laurent\/\" data-link-people=\"dd4ff7d1-a72b-4b67-a7ba-3f07ccd164cd\" target=\"_blank\" rel=\"noopener\">Laurent Ruquier<\/a>, la chanteuse <a href=\"https:\/\/www.programme-tv.net\/biographie\/141092-gardot-melody\/\" data-link-people=\"de78c1da-20d7-4a04-a8f1-d8eb089dfb91\" target=\"_blank\" rel=\"noopener\">Melody Gardot<\/a> et la com\u00e9dienne Caroline Anglade. En d\u00e9but d&rsquo;\u00e9mission, dans la s\u00e9quence de la grange, cette derni\u00e8re s&rsquo;est confi\u00e9e sur son enfance pass\u00e9e \u00e0 Ch\u00e2lons-en-Champagne avec sa maman. \u00ab\u00a0<b>Mon papa est parti assez t\u00f4t, il a quitt\u00e9 la maison \u00e0 2 ans<\/b>. Je me suis retrouv\u00e9e tr\u00e8s vite qu&rsquo;avec ma maman et c&rsquo;est un chemin \u00e0 deux qu&rsquo;on a b\u00e2ti tant bien que mal. On n&rsquo;est que toutes les deux, on a l&rsquo;absence du p\u00e8re \u00e0 la maison et je le ressens fort. Il me manque beaucoup\u00a0\u00bb, dit-elle en se rem\u00e9morant cette p\u00e9riode de sa vie.<\/p>\n<p>\u00ab\u00a0C&rsquo;est un d\u00e9part qui me bouleverse beaucoup\u00a0\u00bb\u00a0: Caroline Anglade se confie sur son enfance pass\u00e9e sans p\u00e8re dans Un dimanche \u00e0 la campagne<\/p>\n<p>Caroline Anglade explique ensuite que c&rsquo;est un d\u00e9part qui l&rsquo;a boulevers\u00e9e, d&rsquo;autant plus qu&rsquo;elle ne savait pas la raison pour laquelle il s&rsquo;est \u00e9loign\u00e9 de sa famille. \u00ab\u00a0Il s&rsquo;en va, on avance sans savoir. Il va aux quatre coins du monde, il voyage, il a des femmes tout autour de lui. Mais en gros, il choisit toutes les autres femmes sauf nous\u00a0\u00bb, d\u00e9plore celle qui assure tout de m\u00eame avoir eu une vie saine et \u00e9quilibr\u00e9e avec sa maman, qu&rsquo;elle consid\u00e8re comme sa confidente. <b>Plus tard dans l&rsquo;\u00e9mission, lors du brunch, l&rsquo;actrice de <\/b><a href=\"https:\/\/www.programme-tv.net\/news\/series-tv\/287966-sauver-lisa-m6-caroline-anglade-rose-keller-reagit-au-final-de-la-serie\/\" data-api-deeplink=\"teleloisirs:\/\/news\/287966\" target=\"_blank\" rel=\"noopener\"><b>la s\u00e9rie <\/b><b>Sauver Lisa<\/b><b> diffus\u00e9e sur M6<\/b><\/a><b> s&rsquo;est livr\u00e9e sur ce p\u00e8re qu&rsquo;elle a fini par retrouver<\/b>. \u00ab\u00a0Il a eu le temps de s&rsquo;excuser beaucoup aupr\u00e8s de moi et de ma petite s\u0153ur Laura parce qu&rsquo;apr\u00e8s il a eu un enfant avec une femme sicilienne, il est parti aussi donc elle a \u00e9t\u00e9 abandonn\u00e9e aussi quand elle avait 2 ans\u00a0\u00bb, t\u00e9moigne-t-elle en retenant ses larmes.<\/p>\n<p>                        \u00ab\u00a0Tout va vite\u00a0\u00bb\u00a0: face \u00e0 Fr\u00e9d\u00e9ric Lopez, Caroline Anglade se confie sur la mort de son p\u00e8re sur France 2<\/p>\n<p>Face \u00e0 Fr\u00e9d\u00e9ric Lopez, Caroline Anglade souligne un signe du destin puisqu&rsquo;au moment de son deuil, elle re\u00e7oit un appel du r\u00e9alisateur Nabil Aitakkaouali pour un r\u00f4le dans un film nomm\u00e9 Sur la route de papa. \u00ab\u00a0C&rsquo;est incroyable parce que je viens de perdre mon p\u00e8re. L\u00e0, \u00e7a fait deux ans qu&rsquo;il est parti. \u00c0 ce moment-l\u00e0, je l&rsquo;ai perdu depuis dix jours. <b>Tout va vite, il est mort en cinq jours<\/b>. Mais il nous a dit qu&rsquo;il nous aimait, il a eu le temps de pleurer, on a eu le temps de faire un No\u00ebl tous ensemble \u00e0 la maison avec Laura, se dire qu&rsquo;on s&rsquo;aimait. Il a vu mes deux enfants et il les a aim\u00e9s tr\u00e8s fort en peu de temps\u00a0\u00bb, explique-t-elle. Devant ce concours de circonstances, la com\u00e9dienne accepte de jouer dans ce long-m\u00e9trage qui lui rappelle son histoire et dont la sortie en salles est pr\u00e9vue mercredi prochain.<\/p>\n","protected":false},"excerpt":{"rendered":"Ce 15 juin, Fr\u00e9d\u00e9ric Lopez a convi\u00e9 trois invit\u00e9s \u00e0 le rejoindre pour Un dimanche \u00e0 la campagne.&hellip;\n","protected":false},"author":2,"featured_media":178831,"comment_status":"","ping_status":"","sticky":false,"template":"","format":"standard","meta":{"footnotes":""},"categories":[1359],"tags":[31579,244,58,59,1011,27,594,12294,973,12295],"class_list":{"0":"post-178830","1":"post","2":"type-post","3":"status-publish","4":"format-standard","5":"has-post-thumbnail","7":"category-people","8":"tag-caroline-anglade","9":"tag-commentaire","10":"tag-divertissement","11":"tag-entertainment","12":"tag-fr","13":"tag-france","14":"tag-france-2","15":"tag-fru00e9du00e9ric-lopez","16":"tag-people","17":"tag-un-dimanche-u00e0-la-campagne"},"share_on_mastodon":{"url":"https:\/\/pubeurope.com\/@fr\/114688496994989534","error":""},"_links":{"self":[{"href":"https:\/\/www.europesays.com\/fr\/wp-json\/wp\/v2\/posts\/178830","targetHints":{"allow":["GET"]}}],"collection":[{"href":"https:\/\/www.europesays.com\/fr\/wp-json\/wp\/v2\/posts"}],"about":[{"href":"https:\/\/www.europesays.com\/fr\/wp-json\/wp\/v2\/types\/post"}],"author":[{"embeddable":true,"href":"https:\/\/www.europesays.com\/fr\/wp-json\/wp\/v2\/users\/2"}],"replies":[{"embeddable":true,"href":"https:\/\/www.europesays.com\/fr\/wp-json\/wp\/v2\/comments?post=178830"}],"version-history":[{"count":0,"href":"https:\/\/www.europesays.com\/fr\/wp-json\/wp\/v2\/posts\/178830\/revisions"}],"wp:featuredmedia":[{"embeddable":true,"href":"https:\/\/www.europesays.com\/fr\/wp-json\/wp\/v2\/media\/178831"}],"wp:attachment":[{"href":"https:\/\/www.europesays.com\/fr\/wp-json\/wp\/v2\/media?parent=178830"}],"wp:term":[{"taxonomy":"category","embeddable":true,"href":"https:\/\/www.europesays.com\/fr\/wp-json\/wp\/v2\/categories?post=178830"},{"taxonomy":"post_tag","embeddable":true,"href":"https:\/\/www.europesays.com\/fr\/wp-json\/wp\/v2\/tags?post=178830"}],"curies":[{"name":"wp","href":"https:\/\/api.w.org\/{rel}","templated":true}]}}