{"id":178842,"date":"2025-06-15T17:17:10","date_gmt":"2025-06-15T17:17:10","guid":{"rendered":"https:\/\/www.europesays.com\/fr\/178842\/"},"modified":"2025-06-15T17:17:10","modified_gmt":"2025-06-15T17:17:10","slug":"a-partir-de-cette-temperature-le-corps-entre-en-surchauffe","status":"publish","type":"post","link":"https:\/\/www.europesays.com\/fr\/178842\/","title":{"rendered":"A partir de cette temp\u00e9rature, le corps entre en surchauffe"},"content":{"rendered":"<p class=\"app_entry_lead\">\n                                    <a title=\"\u00a0\u00a9\u00a0123RF\" href=\"https:\/\/www.europesays.com\/fr\/wp-content\/uploads\/2025\/06\/76315049.jpg\" class=\"fancy\"><\/p>\n<p>                            <img loading=\"lazy\" decoding=\"async\" src=\"https:\/\/www.europesays.com\/fr\/wp-content\/uploads\/2025\/06\/76315049.jpg\" alt=\"A partir de cette temp\u00e9rature, le corps entre en surchauffe - elle est plus basse que ce qu'on pensait\" width=\"1500\" height=\"1000\"\/><\/p>\n<p>                    <\/a><br \/>\n                    A partir de quelle temp\u00e9rature le corps n&rsquo;arrive-t-il plus \u00e0 se r\u00e9guler\u00a0?\n            <\/p>\n<p>Le monde se r\u00e9chauffe \u00e0 une vitesse inqui\u00e9tante. Les experts pr\u00e9voient que des temp\u00e9ratures d\u00e9passant les limites humaines seront de plus en plus fr\u00e9quentes dans le monde. \u00ab\u00a0Des projections r\u00e9centes sugg\u00e8rent que de vastes zones g\u00e9ographiques conna\u00eetront bient\u00f4t une chaleur et une humidit\u00e9 d\u00e9passant les limites de la thermor\u00e9gulation humaine\u00a0\u00bb, notent des chercheurs canadiens.\u00a0Ils ont justement d\u00e9couvert que\u00a0cette limite pourrait avoir \u00e9t\u00e9 sur-estim\u00e9e.\u00a0<\/p>\n<p>Ils affirment en effet dans un communiqu\u00e9 que les \u00ab\u00a0limites de la thermor\u00e9gulation humaine &#8211; notre capacit\u00e9 \u00e0 maintenir une temp\u00e9rature corporelle stable en cas de chaleur extr\u00eame &#8211; sont moins \u00e9lev\u00e9es qu&rsquo;on ne le pensait\u00a0\u00bb. Pour le d\u00e9couvrir, les auteurs de <a href=\"https:\/\/www.pnas.org\/doi\/10.1073\/pnas.2421281122\" rel=\"nofollow noopener\" target=\"_blank\">l&rsquo;\u00e9tude<\/a>\u00a0ont expos\u00e9 12 personnes \u00e0 diff\u00e9rentes conditions de chaleur et d&rsquo;humidit\u00e9 pour identifier \u00e0 partir de quel moment le corps n&rsquo;arrive plus \u00e0 r\u00e9guler sa propre temp\u00e9rature.<\/p>\n<p><img decoding=\"async\" alt=\"\" src=\"https:\/\/www.europesays.com\/fr\/wp-content\/uploads\/2025\/06\/76363108.jpg\"\/><br \/>\n\u00a9\u00a0123RF<\/p>\n<p>Les chercheurs ont ainsi d\u00e9couvert que \u00ab\u00a0les humains ne peuvent pas thermor\u00e9guler efficacement\u00a0\u00bb \u00e0 partir de 26\u00a0\u00e0 31\u00b0 C avec un air satur\u00e9 en humidit\u00e9.\u00a0C&rsquo;est bien moins que le \u00ab\u00a0seuil th\u00e9orique de 35\u00b0 C\u00a0\u00bb qui avait \u00e9t\u00e9 \u00e9tabli. Plus l&rsquo;air est humide, moins la transpiration peut s&rsquo;\u00e9vaporer.\u00a0Sauf que c&rsquo;est justement gr\u00e2ce \u00e0 la transpiration que le corps humain parvient \u00e0 r\u00e9guler sa temp\u00e9rature interne pour la maintenir \u00e0 37\u00b0 C ! Au-del\u00e0, le corps est en hyperthermie, ce qui peut avoir des cons\u00e9quences graves pour la sant\u00e9, voire fatales.<\/p>\n<p>Bien s\u00fbr, cette limite th\u00e9orique est une g\u00e9n\u00e9ralit\u00e9.\u00a0Certaines personnes fragiles, notamment les personnes \u00e2g\u00e9es, ne supporteront pas une temp\u00e9rature plus haute\u00a0que les personnes plus jeunes et en bonne sant\u00e9. En cas de grosses chaleurs, il est essentiel de s&rsquo;hydrater suffisamment, d&rsquo;\u00e9viter le soleil et l&rsquo;activit\u00e9 physique intense ; et de consulter un professionnel de sant\u00e9 en cas de sympt\u00f4mes indiquant un coup de chaleur : malaise, vertiges, maux de t\u00eate, fi\u00e8vre, soif intense, naus\u00e9es ou vomissements, acc\u00e9l\u00e9ration du pouls et de la respiration&#8230;\u00a0<\/p>\n","protected":false},"excerpt":{"rendered":"A partir de quelle temp\u00e9rature le corps n&rsquo;arrive-t-il plus \u00e0 se r\u00e9guler\u00a0? Le monde se r\u00e9chauffe \u00e0 une&hellip;\n","protected":false},"author":2,"featured_media":178843,"comment_status":"","ping_status":"","sticky":false,"template":"","format":"standard","meta":{"footnotes":""},"categories":[10],"tags":[1011,27,72,71],"class_list":{"0":"post-178842","1":"post","2":"type-post","3":"status-publish","4":"format-standard","5":"has-post-thumbnail","7":"category-sante","8":"tag-fr","9":"tag-france","10":"tag-health","11":"tag-sante"},"share_on_mastodon":{"url":"https:\/\/pubeurope.com\/@fr\/114688520979647823","error":""},"_links":{"self":[{"href":"https:\/\/www.europesays.com\/fr\/wp-json\/wp\/v2\/posts\/178842","targetHints":{"allow":["GET"]}}],"collection":[{"href":"https:\/\/www.europesays.com\/fr\/wp-json\/wp\/v2\/posts"}],"about":[{"href":"https:\/\/www.europesays.com\/fr\/wp-json\/wp\/v2\/types\/post"}],"author":[{"embeddable":true,"href":"https:\/\/www.europesays.com\/fr\/wp-json\/wp\/v2\/users\/2"}],"replies":[{"embeddable":true,"href":"https:\/\/www.europesays.com\/fr\/wp-json\/wp\/v2\/comments?post=178842"}],"version-history":[{"count":0,"href":"https:\/\/www.europesays.com\/fr\/wp-json\/wp\/v2\/posts\/178842\/revisions"}],"wp:featuredmedia":[{"embeddable":true,"href":"https:\/\/www.europesays.com\/fr\/wp-json\/wp\/v2\/media\/178843"}],"wp:attachment":[{"href":"https:\/\/www.europesays.com\/fr\/wp-json\/wp\/v2\/media?parent=178842"}],"wp:term":[{"taxonomy":"category","embeddable":true,"href":"https:\/\/www.europesays.com\/fr\/wp-json\/wp\/v2\/categories?post=178842"},{"taxonomy":"post_tag","embeddable":true,"href":"https:\/\/www.europesays.com\/fr\/wp-json\/wp\/v2\/tags?post=178842"}],"curies":[{"name":"wp","href":"https:\/\/api.w.org\/{rel}","templated":true}]}}