{"id":178846,"date":"2025-06-15T17:19:12","date_gmt":"2025-06-15T17:19:12","guid":{"rendered":"https:\/\/www.europesays.com\/fr\/178846\/"},"modified":"2025-06-15T17:19:12","modified_gmt":"2025-06-15T17:19:12","slug":"apres-la-polemique-edouard-philippe-et-francois-hollande-unissent-leurs-voix-pour-la-belle-et-la-bete-de-jul","status":"publish","type":"post","link":"https:\/\/www.europesays.com\/fr\/178846\/","title":{"rendered":"Apr\u00e8s la pol\u00e9mique, \u00c9douard Philippe et Fran\u00e7ois Hollande unissent leurs voix pour La Belle et la B\u00eate de Jul"},"content":{"rendered":"<p>Alors que le conte dont l\u2019\u00c9ducation nationale avait annul\u00e9 la commande s\u2019appr\u00eate \u00e0 para\u00eetre, son auteur diffuse une vid\u00e9o rassemblant acteurs ou hommes politiques.<\/p>\n<p class=\"fig-paragraph\">Jul avait bien une id\u00e9e de bandeau\u00a0: \u00ab\u00a0D\u00e9j\u00e0 900.000 exemplaires non-vendus\u00a0\u00bb. On reconna\u00eet l\u00e0 le sens de l\u2019humour de l\u2019auteur de Silex and the City et Luck Luke, qui a vu le minist\u00e8re de l\u2019\u00c9ducation nationale annuler, en mars, la distribution aux CM2 de son adaptation de La Belle et la B\u00eate. L\u2019affaire avait\u00a0<a href=\"http:\/\/www.lefigaro.fr\/culture\/elisabeth-borne-juge-les-propos-de-jul-diffamatoires-apres-la-polemique-la-belle-et-la-bete-20250324\" target=\"_blank\" data-fig-type=\"NewsFlash\" rel=\"noopener nofollow\" data-gtm-custom-categorie=\"navigation\" data-gtm-custom-action=\"crossclick\" data-gtm-custom-label=\"Contextuel\" data-gtm-event=\"customEventSPE\" data-fig-domain=\"LEFIGARO\">vir\u00e9 au feuilleton<\/a>. Alors que le livre s\u2019appr\u00eate \u00e0 sortir en librairie, le 18\u00a0juin, Jul se f\u00e9licite\u00a0: \u00ab\u00a0Les lecteurs vont pouvoir lire et juger enfin par eux-m\u00eames.\u00a0\u00bb<\/p>\n<p class=\"fig-paragraph\">Avant la d\u00e9cision d\u2019\u00c9lisabeth Borne, 900.000 enfants devaient recevoir cette relecture contemporaine de l\u2019\u0153uvre de 1757 dans le cadre de l\u2019op\u00e9ration \u00ab\u00a0Un livre pour les vacances\u00a0\u00bb. Pour justifier l\u2019annulation, la ministre a \u00e9pingl\u00e9 une \u00ab\u00a0ironie pas compr\u00e9hensible pour les enfants de dix ans\u00a0\u00bb. Jul a d\u00e9nonc\u00e9, en retour, une \u00ab\u00a0censure\u00a0\u00bb de la part de l\u2019ancienne premi\u00e8re ministre. M\u00fbri sous Gabriel Attal, le projet avait \u00e9t\u00e9 poursuivi par Nicole Belloubet et Anne Genetet, avant d\u2019\u00eatre enterr\u00e9.<\/p>\n<p class=\"fig-body-link\">\n            \u00c0 lire aussi<br \/>\n        <a class=\"fig-body-link__link\" href=\"http:\/\/www.lefigaro.fr\/culture\/la-nouvelle-version-de-la-belle-et-la-bete-n-est-pas-adaptee-aux-eleves-de-dix-ans-selon-elisabeth-borne-20250320\" target=\"_blank\" data-fig-type=\"Article\" rel=\"noopener nofollow\" data-gtm-custom-categorie=\"navigation\" data-gtm-custom-action=\"crossclick\" data-gtm-custom-label=\"Contextuel\" data-gtm-event=\"customEventSPE\" data-fig-domain=\"LEFIGARO\">Elisabeth Borne et le minist\u00e8re de l\u2019Education se d\u00e9fendent de toute \u00ab\u00a0censure\u00a0\u00bb de l\u2019album de Jul<br \/>\n    <\/a>\n<\/p>\n<blockquote class=\"fig-quote&#10;    \">\n<p class=\"fig-quote__text\">Beaucoup de b\u00eatises ont \u00e9t\u00e9 dites \u00e0 propos du contenu du livre par \u00c9lisabeth Borne<\/p>\n<p>            Jul\n    <\/p><\/blockquote>\n<p class=\"fig-paragraph\">\u00c0 la veille de la sortie du livre, Jul se f\u00e9licite de nouvelles marques de sympathie. Une vid\u00e9o &#8211; dont il est \u00e0 l\u2019initiative &#8211; \u00e0 laquelle participent des personnalit\u00e9s de divers horizons\u00a0: les actrices Anna Mouglalis, Golshifteh Farahani et Judith Godr\u00e8che, les \u00e9crivains Am\u00e9lie Nothomb et\u00a0<a href=\"http:\/\/www.lefigaro.fr\/histoire\/dans-les-piliers-de-la-mer-sylvain-tesson-explore-les-stacks-20250529\" target=\"_blank\" data-fig-type=\"Article\" rel=\"noopener nofollow\" data-gtm-custom-categorie=\"navigation\" data-gtm-custom-action=\"crossclick\" data-gtm-custom-label=\"Contextuel\" data-gtm-event=\"customEventSPE\" data-fig-domain=\"LEFIGARO\">Sylvain Tesson<\/a>, les animateurs St\u00e9phane Bern et Augustin Trapenard. Parmi les personnalit\u00e9s politiques, Fran\u00e7ois Hollande, \u00c9douard Philippe, Fran\u00e7ois Ruffin ou&#8230; Nicole Belloubet, l\u2019ancienne ministre de l\u2019\u00c9ducation nationale. Tous lisent de courts extraits de La Belle et la B\u00eate, depuis une chambre ou leur salon.<\/p>\n<p class=\"fig-paragraph\">\u00ab\u00a0Nous avons enregistr\u00e9 un film en mati\u00e8re de soutien avec une trentaine de personnalit\u00e9s d\u2019univers antagonistes, qui partagent la valeur sacr\u00e9e de la cr\u00e9ation et savent l\u2019importance de l\u2019\u00e9ducation\u00a0\u00bb, indique Jul, de son vrai nom Julien Berjeaut. Qui a diffus\u00e9 la vid\u00e9o sur ses r\u00e9seaux sociaux avec une l\u00e9gende \u00e9loquente\u00a0: \u00ab\u00a0Censurer La Belle et la B\u00eate\u00a0?\u00a0\u00bb.<\/p>\n<p>Un tirage \u00e0 20.000 exemplaires<\/p>\n<p class=\"fig-paragraph\">L\u2019agr\u00e9g\u00e9 d\u2019histoire, auteur de BD et dessinateur de presse, estime ainsi que l\u2019affaire de La Belle et la B\u00eate pourrait avoir un tome\u00a02. \u00ab\u00a0Il y aura s\u00fbrement d\u2019autres rebondissements politiques. Mon r\u00f4le est d\u2019\u00eatre dessinateur, de faire rire, et je n\u2019ai pas envie d\u2019endosser un costume de chevalier. Mais j\u2019appr\u00e9cie que d\u2019autres s\u2019emparent du sujet. Ce texte de la culture classique le m\u00e9rite\u00a0\u00bb, r\u00e9sume le dessinateur qui avait notamment re\u00e7u, au c\u0153ur de la pol\u00e9mique, le soutien de\u00a0<a href=\"http:\/\/www.lefigaro.fr\/politique\/n-est-pas-sarkozy-qui-veut-la-lourde-charge-de-xavier-bertrand-contre-edouard-philippe-et-gabriel-attal-20250604\" target=\"_blank\" data-fig-type=\"NewsFlash\" rel=\"noopener nofollow\" data-gtm-custom-categorie=\"navigation\" data-gtm-custom-action=\"crossclick\" data-gtm-custom-label=\"Contextuel\" data-gtm-event=\"customEventSPE\" data-fig-domain=\"LEFIGARO\">Gabriel Attal<\/a>.<\/p>\n<p class=\"fig-paragraph\">\u00ab\u00a0Beaucoup de b\u00eatises ont \u00e9t\u00e9 dites \u00e0 propos du contenu du livre par \u00c9lisabeth Borne, en parlant, par exemple, d\u2019un p\u00e8re alcoolique. Cela ne refl\u00e8te en rien l\u2019album, il y a eu une extrapolation de la r\u00e9alit\u00e9 des dessins\u00a0\u00bb, temp\u00eate Jul. Qui poursuit\u00a0: \u00ab\u00a0Les p\u00e9dagogues savent que les enfants ont un degr\u00e9 de sophistication bien sup\u00e9rieur \u00e0 celui que leur pr\u00eatent les sph\u00e8res administratives de l\u2019\u00c9ducation nationale.\u00a0\u00bb<\/p>\n<p class=\"fig-paragraph\">La Belle et la B\u00eate a \u00e9t\u00e9 tir\u00e9 \u00e0 vingt mille exemplaires environ, par la maison d\u2019\u00e9dition GrandPalais-RMN. Une solide mise en place pour un ouvrage jeunesse, qui reste certes incomparable avec les centaines de milliers d\u2019exemplaires pr\u00e9vus. Une mention pr\u00e9cise dans le dossier de presse de l\u2019\u00e9diteur que celui-ci est conseill\u00e9 \u00ab \u00e0 partir de dix ans\u00a0\u00bb. L\u2019\u00e2ge d\u2019un \u00e9l\u00e8ve de CM2, donc&#8230;<\/p>\n<p>    Couverture de La Belle et la B\u00eate, conte illustr\u00e9 par le dessinateur Jul.<br \/>\n                GrandPalais RMN\u00c9ditions<\/p>\n","protected":false},"excerpt":{"rendered":"Alors que le conte dont l\u2019\u00c9ducation nationale avait annul\u00e9 la commande s\u2019appr\u00eate \u00e0 para\u00eetre, son auteur diffuse une&hellip;\n","protected":false},"author":2,"featured_media":178847,"comment_status":"","ping_status":"","sticky":false,"template":"","format":"standard","meta":{"footnotes":""},"categories":[8],"tags":[47,1350,1348,1345,650,251,58,3080,59,1349,1346,1011,27,3082,1279,1351,873,31580,252,1347,1352],"class_list":{"0":"post-178846","1":"post","2":"type-post","3":"status-publish","4":"format-standard","5":"has-post-thumbnail","7":"category-divertissement","8":"tag-actualite","9":"tag-architecture","10":"tag-arts","11":"tag-cine","12":"tag-cinema","13":"tag-culture","14":"tag-divertissement","15":"tag-edouard-philippe","16":"tag-entertainment","17":"tag-expositions","18":"tag-films","19":"tag-fr","20":"tag-france","21":"tag-francois-hollande","22":"tag-jul","23":"tag-litterature","24":"tag-musique","25":"tag-sylvain-tesson","26":"tag-television","27":"tag-theatre","28":"tag-urbanisme"},"share_on_mastodon":{"url":"https:\/\/pubeurope.com\/@fr\/114688528708427317","error":""},"_links":{"self":[{"href":"https:\/\/www.europesays.com\/fr\/wp-json\/wp\/v2\/posts\/178846","targetHints":{"allow":["GET"]}}],"collection":[{"href":"https:\/\/www.europesays.com\/fr\/wp-json\/wp\/v2\/posts"}],"about":[{"href":"https:\/\/www.europesays.com\/fr\/wp-json\/wp\/v2\/types\/post"}],"author":[{"embeddable":true,"href":"https:\/\/www.europesays.com\/fr\/wp-json\/wp\/v2\/users\/2"}],"replies":[{"embeddable":true,"href":"https:\/\/www.europesays.com\/fr\/wp-json\/wp\/v2\/comments?post=178846"}],"version-history":[{"count":0,"href":"https:\/\/www.europesays.com\/fr\/wp-json\/wp\/v2\/posts\/178846\/revisions"}],"wp:featuredmedia":[{"embeddable":true,"href":"https:\/\/www.europesays.com\/fr\/wp-json\/wp\/v2\/media\/178847"}],"wp:attachment":[{"href":"https:\/\/www.europesays.com\/fr\/wp-json\/wp\/v2\/media?parent=178846"}],"wp:term":[{"taxonomy":"category","embeddable":true,"href":"https:\/\/www.europesays.com\/fr\/wp-json\/wp\/v2\/categories?post=178846"},{"taxonomy":"post_tag","embeddable":true,"href":"https:\/\/www.europesays.com\/fr\/wp-json\/wp\/v2\/tags?post=178846"}],"curies":[{"name":"wp","href":"https:\/\/api.w.org\/{rel}","templated":true}]}}