{"id":178852,"date":"2025-06-15T17:22:09","date_gmt":"2025-06-15T17:22:09","guid":{"rendered":"https:\/\/www.europesays.com\/fr\/178852\/"},"modified":"2025-06-15T17:22:09","modified_gmt":"2025-06-15T17:22:09","slug":"les-deux-boites-noires-du-boeing-787-desormais-recuperees","status":"publish","type":"post","link":"https:\/\/www.europesays.com\/fr\/178852\/","title":{"rendered":"les deux bo\u00eetes noires du Boeing 787 d\u00e9sormais r\u00e9cup\u00e9r\u00e9es"},"content":{"rendered":"<p>Trois jours apr\u00e8s le crash du Boeing 787 d\u2019Air India \u00e0 Ahmedabad, dans le nord-ouest de l\u2019Inde, les autorit\u00e9s ont annonc\u00e9 dimanche avoir retrouv\u00e9 la deuxi\u00e8me bo\u00eete noire de l\u2019appareil, celle contenant les enregistrements audio du cockpit. La premi\u00e8re avait \u00e9t\u00e9 r\u00e9cup\u00e9r\u00e9e d\u00e8s vendredi.<\/p>\n<p class=\"fig-paragraph\">La deuxi\u00e8me bo\u00eete noire du<a href=\"http:\/\/www.lefigaro.fr\/international\/crash-du-boeing-787-d-air-india-une-des-boites-noires-retrouvees-20250613\" data-fig-type=\"NewsFlash\" data-gtm-custom-categorie=\"navigation\" data-gtm-custom-action=\"crossclick\" data-gtm-custom-label=\"Contextuel\" data-gtm-event=\"customEventSPE\" data-fig-domain=\"LEFIGARO\" rel=\"nofollow noopener\" target=\"_blank\">\u00a0Boeing 787<\/a>\u00a0d&rsquo;Air India qui s&rsquo;est \u00e9cras\u00e9 jeudi \u00e0 Ahmedabad, dans le nord-ouest de l&rsquo;Inde, a \u00e9t\u00e9 retrouv\u00e9e dimanche, ont annonc\u00e9 les autorit\u00e9s indiennes.<\/p>\n<p class=\"fig-paragraph\">\u00abLa bo\u00eete noire (Cockpit voice recorder)\u00bb, qui enregistre les discussions dans le cockpit a \u00e9t\u00e9 trouv\u00e9e, a annonc\u00e9 dans un communiqu\u00e9 Dr P. K. Mishra, le principal secr\u00e9taire du premier ministre indien Narendra Modi. La premi\u00e8re avait \u00e9t\u00e9 r\u00e9cup\u00e9r\u00e9e vendredi, au lendemain de l&rsquo;accident.<\/p>\n<p class=\"fig-paragraph\">L\u2019avion s\u2019est \u00e9cras\u00e9 jeudi moins d\u2019une minute apr\u00e8s son d\u00e9collage \u00e0 13h39 (10h09 heure fran\u00e7aise) \u00e0 destination de l\u2019a\u00e9roport londonien de Gatwick, selon l\u2019aviation civile indienne. Il avait \u00e9mis un appel de d\u00e9tresse presque aussit\u00f4t apr\u00e8s avoir quitt\u00e9 le sol, avant de s\u2019\u00e9craser au-del\u00e0 de l\u2019a\u00e9roport. La queue de l\u2019appareil \u00e9tait toujours visible vendredi, encastr\u00e9 dans le deuxi\u00e8me \u00e9tage d\u2019une r\u00e9sidence occup\u00e9e par le personnel m\u00e9dical d\u2019un h\u00f4pital voisin.<\/p>\n<p class=\"fig-paragraph\">Selon le dernier bilan fourni par un responsable de la police locale, Kanan Desai, les sauveteurs ont extrait 265 corps des d\u00e9bris de l\u2019avion et des b\u00e2timents sur lesquels il s\u2019est \u00e9cras\u00e9. Au moins 24 personnes ont \u00e9t\u00e9 tu\u00e9es au sol quand l\u2019appareil s\u2019est fracass\u00e9 sur la r\u00e9sidence de m\u00e9decins, d\u2019apr\u00e8s le d\u00e9compte de la police.<\/p>\n","protected":false},"excerpt":{"rendered":"Trois jours apr\u00e8s le crash du Boeing 787 d\u2019Air India \u00e0 Ahmedabad, dans le nord-ouest de l\u2019Inde, les&hellip;\n","protected":false},"author":2,"featured_media":178853,"comment_status":"","ping_status":"","sticky":false,"template":"","format":"standard","meta":{"footnotes":""},"categories":[5],"tags":[259,11,260,37,888,4098,1011,27,14,261,12,262,28],"class_list":{"0":"post-178852","1":"post","2":"type-post","3":"status-publish","4":"format-standard","5":"has-post-thumbnail","7":"category-international","8":"tag-actualite-internationale","9":"tag-actualites","10":"tag-affaires-etrangeres","11":"tag-avion","12":"tag-boeing","13":"tag-crash","14":"tag-fr","15":"tag-france","16":"tag-international","17":"tag-ministere-des-affaires-etrangeres","18":"tag-news","19":"tag-politique-etrangere","20":"tag-world"},"share_on_mastodon":{"url":"https:\/\/pubeurope.com\/@fr\/114688540299041331","error":""},"_links":{"self":[{"href":"https:\/\/www.europesays.com\/fr\/wp-json\/wp\/v2\/posts\/178852","targetHints":{"allow":["GET"]}}],"collection":[{"href":"https:\/\/www.europesays.com\/fr\/wp-json\/wp\/v2\/posts"}],"about":[{"href":"https:\/\/www.europesays.com\/fr\/wp-json\/wp\/v2\/types\/post"}],"author":[{"embeddable":true,"href":"https:\/\/www.europesays.com\/fr\/wp-json\/wp\/v2\/users\/2"}],"replies":[{"embeddable":true,"href":"https:\/\/www.europesays.com\/fr\/wp-json\/wp\/v2\/comments?post=178852"}],"version-history":[{"count":0,"href":"https:\/\/www.europesays.com\/fr\/wp-json\/wp\/v2\/posts\/178852\/revisions"}],"wp:featuredmedia":[{"embeddable":true,"href":"https:\/\/www.europesays.com\/fr\/wp-json\/wp\/v2\/media\/178853"}],"wp:attachment":[{"href":"https:\/\/www.europesays.com\/fr\/wp-json\/wp\/v2\/media?parent=178852"}],"wp:term":[{"taxonomy":"category","embeddable":true,"href":"https:\/\/www.europesays.com\/fr\/wp-json\/wp\/v2\/categories?post=178852"},{"taxonomy":"post_tag","embeddable":true,"href":"https:\/\/www.europesays.com\/fr\/wp-json\/wp\/v2\/tags?post=178852"}],"curies":[{"name":"wp","href":"https:\/\/api.w.org\/{rel}","templated":true}]}}