{"id":178854,"date":"2025-06-15T17:23:09","date_gmt":"2025-06-15T17:23:09","guid":{"rendered":"https:\/\/www.europesays.com\/fr\/178854\/"},"modified":"2025-06-15T17:23:09","modified_gmt":"2025-06-15T17:23:09","slug":"trump-rechauffement-climatique-ce-que-le-president-francais-a-dit","status":"publish","type":"post","link":"https:\/\/www.europesays.com\/fr\/178854\/","title":{"rendered":"Trump, r\u00e9chauffement climatique\u2026 Ce que le pr\u00e9sident fran\u00e7ais a dit"},"content":{"rendered":"<p>Il est le premier chef d\u2019\u00c9tat \u00e9tranger \u00e0 mettre un pied l\u00e0-bas depuis les <a href=\"https:\/\/www.20minutes.fr\/monde\/etats-unis\/4155464-20250526-etats-unis-donald-trump-kim-kardashian-politique-mauvais-negociateur\" class=\"color-ultramarine c-link\" target=\"_blank\" rel=\"noopener\">menaces d\u2019annexion de Donald Trump<\/a>. Ce dimanche, <a href=\"https:\/\/www.20minutes.fr\/monde\/etats-unis\/4158565-20250615-groenland-macron-rend-place-soutenir-territoire-convoite-donald-trump?at_medium=display&amp;at_campaign=149\" class=\"color-ultramarine c-link\" target=\"_blank\" rel=\"noopener\">Emmanuel Macron est arriv\u00e9 au Groenland<\/a>. Un territoire grand comme quatre fois la France et couvert \u00e0 80\u00a0% de glace mais qui int\u00e9resse au plus haut point les Etats-Unis. Un espace autonome mais qui est sous la houlette du Danemark. Pourquoi le pr\u00e9sident fran\u00e7ais \u00e9tait-il pr\u00e9sent\u00a0? Comment a-t-il \u00e9t\u00e9 re\u00e7u\u00a0? Et qu\u2019a-t-il dit\u00a0? 20 Minutes vous fait le r\u00e9cap.<\/p>\n<p>Pourquoi Macron \u00e9tait-il au Groenland\u00a0?<\/p>\n<p>Il est arriv\u00e9 ce dimanche \u00e0 Nuuk peu avant 11h30. Il s\u2019y rend \u00e0 l\u2019invitation de la Premi\u00e8re ministre danoise Mette Frederiksen et du chef du gouvernement groenlandais, Jens-Frederik Nielsen. Un \u00ab\u00a0t\u00e9moignage concret de l\u2019unit\u00e9 europ\u00e9enne\u00a0\u00bb a soulign\u00e9 Mette Frederiksen. Le pr\u00e9sident fran\u00e7ais a pr\u00e9vu trois s\u00e9quences pour porter trois messages\u00a0: le soutien europ\u00e9en \u00e0 \u00ab\u00a0la souverainet\u00e9 et l\u2019int\u00e9grit\u00e9 territoriale\u00a0\u00bb du Groenland, \u00e0 son d\u00e9veloppement \u00e9conomique et la mobilisation contre la \u00ab\u00a0fonte alarmante des glaciers\u00a0\u00bb, indique l\u2019Elys\u00e9e. Un territoire \u00ab\u00a0qui n\u2019est pas \u00e0 vendre\u00a0\u00bb, <a href=\"https:\/\/www.20minutes.fr\/planete\/4157612-20250609-conference-oceans-abysses-groenland-antarctique-vendre-rappelle-macron\" class=\"color-ultramarine c-link\" target=\"_blank\" rel=\"noopener\">avait d\u00e9clar\u00e9 le pr\u00e9sident fran\u00e7ais<\/a> lors du sommet des oc\u00e9ans.<\/p>\n<p>Comment a-t-il \u00e9t\u00e9 accueilli\u00a0?<\/p>\n<p>Bien mieux que le vice-pr\u00e9sident am\u00e9ricain JD. Vance fin mars\u00a0! Des dizaines de Groenlandais l\u2019attendaient \u00e0 sa descente d\u2019avion en agitant un drapeau du Groenland. Le pr\u00e9sident fran\u00e7ais a imm\u00e9diatement exprim\u00e9 son d\u00e9saccord avec la volont\u00e9 de Donald Trump de s\u2019emparer du territoire autonome, estimant que \u00ab\u00a0ce n\u2019est pas ce qui se fait entre alli\u00e9s\u00a0\u00bb. La population de 57.000 habitants et majoritairement inuite, rejette toute perspective de devenir am\u00e9ricaine. Le Danemark mart\u00e8le aussi que le Groenland \u00ab\u00a0n\u2019est pas \u00e0 vendre\u00a0\u00bb. Alors forc\u00e9ment, un soutien clair comme celui de la France, c\u2019est plut\u00f4t bien re\u00e7u.<\/p>\n<p>Qu\u2019a dit Emmanuel Macron\u00a0?<\/p>\n<p>Le pr\u00e9sident fran\u00e7ais Emmanuel Macron a critiqu\u00e9 dimanche la volont\u00e9 de Donald Trump d\u2019annexer le Groenland et exprim\u00e9 la \u00ab\u00a0solidarit\u00e9 europ\u00e9enne\u00a0\u00bb pour ce territoire autonome danois lors de sa visite de l\u2019\u00eele arctique. \u00ab\u00a0Je viens dire la solidarit\u00e9 de la France et de l\u2019Union europ\u00e9enne pour la souverainet\u00e9 et l\u2019int\u00e9grit\u00e9 territoriale de ce territoire et pour relever les d\u00e9fis qui sont les siens qui sont ceux de la croissance \u00e9conomique, de l\u2019urgence climatique, de l\u2019\u00e9ducation\u00a0\u00bb, a dit le chef d\u2019\u00c9tat.<\/p>\n<\/p>\n<p>La base de Pituffik, qui se situe sur la trajectoire la plus courte des missiles entre la Russie et les Etats-Unis, constitue un maillon crucial de la d\u00e9fense antimissile am\u00e9ricaine. L\u2019Arctique devient aussi un enjeu de s\u00e9curit\u00e9 dans la course aux terres rares et aux nouvelles routes maritimes rendues possibles par le r\u00e9chauffement climatique.<\/p>\n<p class=\"mb-m@xs text-l@xs\">En cliquant sur\u00ab J\u2019accepte \u00bb, vous acceptez le d\u00e9p\u00f4t de cookies par des services externes et aurez ainsi acc\u00e8s aux contenus de nos partenaires.<\/p>\n<p class=\"mb-xl@xs text-s@xs\">Plus d\u2019informations sur la page<a href=\"https:\/\/www.20minutes.fr\/gestion-cookies\" class=\"mx-xxs@xs color-ultramarine\" target=\"_blank\" rel=\"noopener\">Politique de gestion des cookies<\/a><\/p>\n<p>J\u2019accepte<\/p>\n<p>Si les conditions m\u00e9t\u00e9o le permettent, Emmanuel Macron doit se rendre compte par lui-m\u00eame de l\u2019impact grandissant du r\u00e9chauffement climatique sur un glacier du mont Nunatarsuaq, \u00e0 une trentaine de kilom\u00e8tres de Nuuk. La glace <a href=\"https:\/\/www.20minutes.fr\/planete\/4157910-20250611-climat-groenland-glace-fondu-17-fois-plus-vite-moyenne-mai\" class=\"color-ultramarine c-link\" target=\"_blank\" rel=\"noopener\">a fondu 17 fois plus vite que la moyenne historique<\/a> entre le 15 et le 21\u00a0mai au Groenland, r\u00e9sultat d\u2019une vague de chaleur record. La France entend \u00ab\u00a0r\u00e9investir massivement dans les connaissances de ces \u00e9cosyst\u00e8mes\u00a0\u00bb, dans la tradition de l\u2019explorateur Paul-\u00c9mile Victor, qui effectua de multiples exp\u00e9ditions sur l\u2019\u00eele, souligne l\u2019Elys\u00e9e.<\/p>\n","protected":false},"excerpt":{"rendered":"Il est le premier chef d\u2019\u00c9tat \u00e9tranger \u00e0 mettre un pied l\u00e0-bas depuis les menaces d\u2019annexion de Donald&hellip;\n","protected":false},"author":2,"featured_media":178855,"comment_status":"","ping_status":"","sticky":false,"template":"","format":"standard","meta":{"footnotes":""},"categories":[4],"tags":[47,11,20931,145,75,1073,73,1011,27,146,12,316,5140,25],"class_list":{"0":"post-178854","1":"post","2":"type-post","3":"status-publish","4":"format-standard","5":"has-post-thumbnail","7":"category-france","8":"tag-actualite","9":"tag-actualites","10":"tag-arctique","11":"tag-danemark","12":"tag-donald-trump","13":"tag-emmanuel-macron","14":"tag-etats-unis","15":"tag-fr","16":"tag-france","17":"tag-groenland","18":"tag-news","19":"tag-politique","20":"tag-rechauffement-climatique","21":"tag-republique-francaise"},"share_on_mastodon":{"url":"https:\/\/pubeurope.com\/@fr\/114688544220647969","error":""},"_links":{"self":[{"href":"https:\/\/www.europesays.com\/fr\/wp-json\/wp\/v2\/posts\/178854","targetHints":{"allow":["GET"]}}],"collection":[{"href":"https:\/\/www.europesays.com\/fr\/wp-json\/wp\/v2\/posts"}],"about":[{"href":"https:\/\/www.europesays.com\/fr\/wp-json\/wp\/v2\/types\/post"}],"author":[{"embeddable":true,"href":"https:\/\/www.europesays.com\/fr\/wp-json\/wp\/v2\/users\/2"}],"replies":[{"embeddable":true,"href":"https:\/\/www.europesays.com\/fr\/wp-json\/wp\/v2\/comments?post=178854"}],"version-history":[{"count":0,"href":"https:\/\/www.europesays.com\/fr\/wp-json\/wp\/v2\/posts\/178854\/revisions"}],"wp:featuredmedia":[{"embeddable":true,"href":"https:\/\/www.europesays.com\/fr\/wp-json\/wp\/v2\/media\/178855"}],"wp:attachment":[{"href":"https:\/\/www.europesays.com\/fr\/wp-json\/wp\/v2\/media?parent=178854"}],"wp:term":[{"taxonomy":"category","embeddable":true,"href":"https:\/\/www.europesays.com\/fr\/wp-json\/wp\/v2\/categories?post=178854"},{"taxonomy":"post_tag","embeddable":true,"href":"https:\/\/www.europesays.com\/fr\/wp-json\/wp\/v2\/tags?post=178854"}],"curies":[{"name":"wp","href":"https:\/\/api.w.org\/{rel}","templated":true}]}}