{"id":178873,"date":"2025-06-15T17:33:09","date_gmt":"2025-06-15T17:33:09","guid":{"rendered":"https:\/\/www.europesays.com\/fr\/178873\/"},"modified":"2025-06-15T17:33:09","modified_gmt":"2025-06-15T17:33:09","slug":"attention-il-va-faire-chaud-le-point-sur-la-meteo-de-la-semaine-en-seine-maritime","status":"publish","type":"post","link":"https:\/\/www.europesays.com\/fr\/178873\/","title":{"rendered":"Attention, il va faire chaud ! Le point sur la m\u00e9t\u00e9o de la semaine en Seine-Maritime"},"content":{"rendered":"<p>            Par<br \/>\n        <strong><br \/>\n            <a href=\"https:\/\/actu.fr\/auteur\/yann-rivallan\" title=\"Consulter tous les articles de Yann Rivallan\" rel=\"nofollow noopener\" target=\"_blank\">Yann Rivallan<\/a><br \/>\n        <\/strong><\/p>\n<p>        Publi\u00e9 le<\/p>\n<p>            15 juin 2025 \u00e0 17h16        <\/p>\n<p>Retour progressif de la chaleur, grand ciel bleu\u2026 Une chose est s\u00fbre\u2009: <strong>le soleil va dominer<\/strong> tout au long de la semaine \u00e0 venir en <a href=\"https:\/\/actu.fr\/normandie\/seine-maritime_76\" rel=\"nofollow noopener\" target=\"_blank\">Seine-Maritime<\/a>, entre le 16 et le 22\u00a0juin 2025. On fait le point avec les pr\u00e9visions de <a href=\"https:\/\/meteofrance.com\/\" rel=\"nofollow noopener\" target=\"_blank\">M\u00e9t\u00e9o France<\/a>.<\/p>\n<p>Temp\u00e9ratures supportables en d\u00e9but de semaine<\/p>\n<p class=\" wall-content\">En d\u00e9but de semaine, les temp\u00e9ratures vont rester largement supportables. \u00c0 l\u2019image du dimanche 15\u00a0juin, le soleil va rayonner et le thermom\u00e8tre ne devrait pas d\u00e9passer <strong>la barre des 25\u00a0\u00b0C<\/strong>. Il faut s\u2019attendre \u00e0 \u00e7a au moins entre lundi et mercredi.<\/p>\n<p class=\" wall-content\">Mais jeudi, on pourra ais\u00e9ment faire tomber la chemise. Le thermom\u00e8tre va grimper jusqu\u2019\u00e0 <strong>approcher les 29\u00a0\u00b0C<\/strong> dans certaines parties du d\u00e9partement.<\/p>\n<p>\u00c7a chauffe le week-end\u2009!<\/p>\n<p class=\" wall-content\">Vendredi, le ciel devrait se couvrir un peu. Mais \u00e7a ne jouera en rien sur les temp\u00e9ratures. Cette fois, <strong>la barre des 30\u00a0\u00b0C<\/strong> devrait \u00eatre franchie. Et ce sera peu ou prou la m\u00eame chose le week-end, avec le soleil et un beau ciel bleu en prime.<\/p>\n<p class=\" wall-content\">Avec des temp\u00e9ratures estivales, on ne peut que vous recommander de vous armer de vos meilleures lunettes de soleil\u2009!<\/p>\n<p class=\" wall-content\">Suivez toute l\u2019actualit\u00e9 de vos villes et m\u00e9dias favoris en vous inscrivant \u00e0 <a href=\"https:\/\/moncompte.actu.fr\" title=\"D\u00e9couvez Mon Actu\" rel=\"nofollow noopener\" data-trk=\"{&quot;cta&quot;:{&quot;action&quot;:&quot;https:\\\/\\\/moncompte.actu.fr&quot;,&quot;category&quot;:&quot;mon compte&quot;,&quot;from&quot;:&quot;article footer&quot;,&quot;name&quot;:&quot;Mon actu&quot;,&quot;type&quot;:&quot;cta&quot;}}\" target=\"_blank\">Mon Actu<\/a>.<\/p>\n<ul class=\"ac-article-tag wall-content\">\n<li><a href=\"https:\/\/actu.fr\/tag\/meteo-france\" data-trk=\"{&quot;cta&quot;:{&quot;action&quot;:&quot;M\\u00e9t\\u00e9o France&quot;,&quot;category&quot;:&quot;tag&quot;,&quot;from&quot;:&quot;article footer&quot;,&quot;name&quot;:&quot;M\\u00e9t\\u00e9o France&quot;,&quot;type&quot;:&quot;cta&quot;}}\" rel=\"nofollow noopener\" target=\"_blank\">#M\u00e9t\u00e9o France<\/a><\/li>\n<li><a href=\"https:\/\/actu.fr\/tag\/vague-de-chaleur\" data-trk=\"{&quot;cta&quot;:{&quot;action&quot;:&quot;Vague de chaleur&quot;,&quot;category&quot;:&quot;tag&quot;,&quot;from&quot;:&quot;article footer&quot;,&quot;name&quot;:&quot;Vague de chaleur&quot;,&quot;type&quot;:&quot;cta&quot;}}\" rel=\"nofollow noopener\" target=\"_blank\">#Vague de chaleur<\/a><\/li>\n<\/ul>\n","protected":false},"excerpt":{"rendered":"Par Yann Rivallan Publi\u00e9 le 15 juin 2025 \u00e0 17h16 Retour progressif de la chaleur, grand ciel bleu\u2026&hellip;\n","protected":false},"author":2,"featured_media":178874,"comment_status":"","ping_status":"","sticky":false,"template":"","format":"standard","meta":{"footnotes":""},"categories":[9587],"tags":[1111,11,1777,674,1011,27,2487,2357,12,5161,25,9590,15637],"class_list":{"0":"post-178873","1":"post","2":"type-post","3":"status-publish","4":"format-standard","5":"has-post-thumbnail","7":"category-rouen","8":"tag-actu","9":"tag-actualites","10":"tag-eu","11":"tag-europe","12":"tag-fr","13":"tag-france","14":"tag-meteo","15":"tag-meteo-france","16":"tag-news","17":"tag-normandie","18":"tag-republique-francaise","19":"tag-rouen","20":"tag-vague-de-chaleur"},"share_on_mastodon":{"url":"https:\/\/pubeurope.com\/@fr\/114688583454661778","error":""},"_links":{"self":[{"href":"https:\/\/www.europesays.com\/fr\/wp-json\/wp\/v2\/posts\/178873","targetHints":{"allow":["GET"]}}],"collection":[{"href":"https:\/\/www.europesays.com\/fr\/wp-json\/wp\/v2\/posts"}],"about":[{"href":"https:\/\/www.europesays.com\/fr\/wp-json\/wp\/v2\/types\/post"}],"author":[{"embeddable":true,"href":"https:\/\/www.europesays.com\/fr\/wp-json\/wp\/v2\/users\/2"}],"replies":[{"embeddable":true,"href":"https:\/\/www.europesays.com\/fr\/wp-json\/wp\/v2\/comments?post=178873"}],"version-history":[{"count":0,"href":"https:\/\/www.europesays.com\/fr\/wp-json\/wp\/v2\/posts\/178873\/revisions"}],"wp:featuredmedia":[{"embeddable":true,"href":"https:\/\/www.europesays.com\/fr\/wp-json\/wp\/v2\/media\/178874"}],"wp:attachment":[{"href":"https:\/\/www.europesays.com\/fr\/wp-json\/wp\/v2\/media?parent=178873"}],"wp:term":[{"taxonomy":"category","embeddable":true,"href":"https:\/\/www.europesays.com\/fr\/wp-json\/wp\/v2\/categories?post=178873"},{"taxonomy":"post_tag","embeddable":true,"href":"https:\/\/www.europesays.com\/fr\/wp-json\/wp\/v2\/tags?post=178873"}],"curies":[{"name":"wp","href":"https:\/\/api.w.org\/{rel}","templated":true}]}}