{"id":178883,"date":"2025-06-15T17:40:23","date_gmt":"2025-06-15T17:40:23","guid":{"rendered":"https:\/\/www.europesays.com\/fr\/178883\/"},"modified":"2025-06-15T17:40:23","modified_gmt":"2025-06-15T17:40:23","slug":"8-festivals-et-soirees-pour-finir-juin-avec-le-sourire","status":"publish","type":"post","link":"https:\/\/www.europesays.com\/fr\/178883\/","title":{"rendered":"8 festivals et soir\u00e9es pour finir juin avec le sourire"},"content":{"rendered":"<p><b>Chaleur, bonheur, sueur. Tu as surv\u00e9cu \u00e0 ce week-end et \u00e0 ses nombreux \u00e9v\u00e9nements ? Bravo. Maintenant, on rouvre l\u2019agenda strasbourgeois, car c\u2019est reparti pour deux semaines bien bien remplies. En plus du <a href=\"https:\/\/pokaa.fr\/2025\/06\/08\/cest-bientot-lete-le-festival-contre-temps-va-faire-danser-strasbourg-pendant-11-jours\/\" target=\"_blank\" rel=\"noopener\">Contre-temps festival<\/a>, tu trouveras ici d\u2019autres id\u00e9es, et concernant la F\u00eate de la musique, pas de panique : on te reparle bient\u00f4t du 21 juin !<\/b><\/p>\n<p>Les teufs et festivals<\/p>\n<p>Wolfi Jazz Festival #15 au fort Kl\u00e9ber \u00e0 Wolfisheim<\/p>\n<p>On ne le pr\u00e9sente plus, depuis le temps\u00a0: le<b> Wolfi Jazz Festival f\u00eate d\u2019ailleurs ses 15 ans<\/b>\u00a0! Pour cette \u00e9dition, il nous donne rendez-vous<b> du 25 au 29 juin dans l\u2019incroyable fort Kl\u00e9ber \u00e0 Wolfisheim<\/b>. \u00ab\u00a0Quinze ann\u00e9es de musique, de rencontres et de moments suspendus, o\u00f9 <b>le jazz dialogue avec ce lieu charg\u00e9 d\u2019histoire.<\/b> \u00bb<\/p>\n<p>\u00c0 retrouver toute la semaine du mercredi au samedi\u00a0? Robert Finley, V\u00e9ronique Gayot, Thomas Dutronc, C\u00e9lia Kameni, Chucho Vald\u00e9s, Ma\u00eb Defays, Tigran Hamasyan, Cimafunk, Gallowstreet, Ang\u00e9lique Kidjo et Mangane.<\/p>\n<p>Et en acc\u00e8s libre\u00a0: Sar\u0101b et [Na], le samedi\u00a0; et le dimanche\u00a0: Elie Martin Charri\u00e8re, Balaphonic &amp; Mary May, et Dudes of Groove Society. Ainsi qu\u2019un \u00ab\u00a0Village des P\u2019tits Loups\u00a0\u00bb avec des<b> animations pour les enfants<\/b>, des <b>spectacles jeune public<\/b>, le week-end.<\/p>\n<p align=\"CENTER\"><b>Quand et o\u00f9\u00a0?<br \/><\/b>Du mercredi 25 au dimanche 29 juin<br \/>Au fort Kl\u00e9ber \u00e0 Wolfisheim<br \/><a href=\"https:\/\/fb.me\/e\/2FI9Yadrj\" target=\"_blank\" rel=\"noopener\">L\u2019\u00e9v\u00e9nement Facebook<\/a><\/p>\n<p>                <a href=\"https:\/\/pokaa.fr\/2025\/05\/30\/vieilles-pierres-et-80-kilometres-a-velo-on-a-arpente-la-piste-des-forts-autour-de-strasbourg\/\" target=\"_blank\" rel=\"noopener\"><br \/>\n                    <img width=\"450\" height=\"270\" src=\"https:\/\/www.europesays.com\/fr\/wp-content\/uploads\/2025\/06\/dsc-0267-450x270.jpg\" class=\"attachment-card-horizontal--same-subject size-card-horizontal--same-subject wp-post-image\" alt=\"\" decoding=\"async\" loading=\"lazy\"\/>                <\/a><\/p>\n<p>                <img width=\"750\" height=\"500\" src=\"https:\/\/www.europesays.com\/fr\/wp-content\/uploads\/2025\/06\/img_0937.jpeg\" class=\"attachment-gallery size-gallery\" alt=\"Wolfi Jazz\" data-full-url=\"https:\/\/www.europesays.com\/fr\/wp-content\/uploads\/2025\/06\/img_0937.jpeg\" decoding=\"async\" loading=\"lazy\"  \/>            <\/p>\n<p>                <img width=\"750\" height=\"500\" src=\"https:\/\/www.europesays.com\/fr\/wp-content\/uploads\/2025\/06\/img_0955.jpeg\" class=\"attachment-gallery size-gallery\" alt=\"Wolfi JAzz\" data-full-url=\"https:\/\/www.europesays.com\/fr\/wp-content\/uploads\/2025\/06\/img_0955.jpeg\" decoding=\"async\" loading=\"lazy\"  \/>            <\/p>\n<p>                <img width=\"750\" height=\"500\" src=\"https:\/\/www.europesays.com\/fr\/wp-content\/uploads\/2025\/05\/dsc-0272-750x500.jpg\" class=\"attachment-gallery size-gallery\" alt=\"Piste des Forts \u2013 Fort Kl\u00e9ber, Wolfisheim\" data-full-url=\"https:\/\/pokaa.fr\/wp-content\/uploads\/2025\/04\/26\/dsc-0272.jpg\" decoding=\"async\" loading=\"lazy\"  \/>            <\/p>\n<p>                    1. 2. Wolfi Jazz 2021. \u00a9 Bastien Pietronave \/ Pokaa ; 3. Fort Kl\u00e9ber. \u00a9 Martin Savail \/ Pokaa<\/p>\n<p>Festival des dipl\u00f4mes\u00a0: \u00ab\u00a0Hear and Now\u00a0\u00bb \u00e0 la Hear<\/p>\n<p>Comme \u00e0 chaque mois de juin, la<b> Hear <\/b>(Haute \u00e9cole des arts du Rhin) s\u2019agite pour <b>pr\u00e9senter le travail de ses dipl\u00f4m\u00e9(e)s pendant son festival annuel<\/b>. Pendant trois jours, ce sera la f\u00eate dans les diff\u00e9rents espaces qui y sont rattach\u00e9s. \u00c0 la Hear, \u00e9videmment, mais aussi \u00e0 la Manufacture des tabacs.<\/p>\n<p>\u00ab<b>\u00a0Performances<\/b>, installations immersives, <b>concerts<\/b>, formes hybrides, images en mouvement\u00a0: un foisonnement de propositions graphiques, plastiques et musicales\u00a0\u00bb, \u00e0 retrouver <b>du 27 au 29 juin \u00e0 la Krutenau<\/b>. Avec notamment le <b>PSSST\u00a0!, les projets des dipl\u00f4m\u00e9(e)s en sc\u00e9no.<\/b><\/p>\n<p>Sans compter<b> les afters \u00e0 Karmen Camina les vendredis et samedis<\/b> jusqu\u2019au bout de la nuit. Et la projection en plein air en partenariat avec le cin\u00e9ma Cosmos le samedi 28.<\/p>\n<p align=\"CENTER\"><b>Quand et o\u00f9\u00a0?<br \/><\/b>Du vendredi 27 au dimanche 29 juin<br \/>\u00c0 la Hear \u2013 Haute \u00e9cole des arts du Rhin<br \/><a href=\"https:\/\/fb.me\/e\/7Iaf8xpGI\" target=\"_blank\" rel=\"noopener\">L\u2019\u00e9v\u00e9nement Facebook<\/a><br \/><a href=\"https:\/\/www.hear.fr\/agenda\/festival-diplomes-2025-hear-now\/\" target=\"_blank\" rel=\"noopener\">+ d\u2019infos<\/a><\/p>\n<p>                <img width=\"750\" height=\"500\" src=\"https:\/\/www.europesays.com\/fr\/wp-content\/uploads\/2025\/05\/10-pokaa-126-750x500.jpg\" class=\"attachment-gallery size-gallery\" alt=\"10 ans Pokaa \u00e9v\u00e9nement anniversaire\" data-full-url=\"https:\/\/pokaa.fr\/wp-content\/uploads\/2024\/09\/30\/10-pokaa-126.jpg\" decoding=\"async\" loading=\"lazy\"  \/>            <\/p>\n<p>                <img width=\"375\" height=\"500\" src=\"https:\/\/www.europesays.com\/fr\/wp-content\/uploads\/2025\/06\/img-4951-375x500.jpg\" class=\"attachment-gallery size-gallery\" alt=\"Karmen Camina\" data-full-url=\"https:\/\/pokaa.fr\/wp-content\/uploads\/2025\/01\/12\/img-4951.jpg\" decoding=\"async\" loading=\"lazy\"  \/>            <\/p>\n<p>                <img width=\"750\" height=\"500\" src=\"https:\/\/www.europesays.com\/fr\/wp-content\/uploads\/2025\/06\/dsc01949-750x500.jpg\" class=\"attachment-gallery size-gallery\" alt=\"Karmen Camina\" data-full-url=\"https:\/\/pokaa.fr\/wp-content\/uploads\/2025\/01\/07\/dsc01949.jpg\" decoding=\"async\" loading=\"lazy\"  \/>            <\/p>\n<p>                    1. \u00a9 David Lev\u00eaque \/ Pokaa ; 2. \u00a9 Simon Fath \/ Document remis ; 3. \u00a9 Maison Monnot \/ Document remis <\/p>\n<p>Miro Festival au Miro<\/p>\n<p>\u00c9v\u00e9nement estival aussi musical que gourmand, le <b>Miro Festival fait son retour du 27 au 29 juin<\/b>. L\u2019open air annuel du Miro (restaurant \u00e0 Ostwald), pour les \u00e9picurien(ne)s et m\u00e9lomanes.<\/p>\n<p>Pour les bonnes choses\u00a0: <b>18 masterclasses culinaires \u2013 avec des chef(fes) reconnu(e)s et plusieurs \u00e9toil\u00e9s \u2013<\/b>\u00a0et <b>14 exposant(e)s<\/b> (du fleuriste \u00e0 la c\u00e9ramiste, en passant par le caf\u00e9, le th\u00e9 et les massages). Pour le son \u00e0 \u00e9couter dans le gazon\u00a0? 10 DJ sets (avec <b>les collectifs Merci Beaucoup et Spectr Takeover<\/b>) et des lives.<\/p>\n<p align=\"CENTER\"><b>Quand et o\u00f9\u00a0?<br \/><\/b>Du vendredi 27 au dimanche 29 juin<br \/>Au Miro \u00e0 Ostwald<br \/><a href=\"https:\/\/fb.me\/e\/2tW8gwm7t\" target=\"_blank\" rel=\"noopener\">L\u2019\u00e9v\u00e9nement Facebook<\/a><\/p>\n<p>    <img width=\"800\" height=\"533\" src=\"https:\/\/www.europesays.com\/fr\/wp-content\/uploads\/2025\/06\/miro-festival-2022-rob-zetto-e1724977962132-800x533.jpg\" class=\"attachment-image-size-L size-image-size-L\" alt=\"Miro Festival\" decoding=\"async\" loading=\"lazy\"  \/>         Miro Festival 2022. \u00a9 Rob Zetto \/ Document remis <\/p>\n<p>Festival Tiny Moon \u00e0 M33<\/p>\n<p>Les <b>vendredi 27 et samedi 28 juin<\/b>\u00a0: \u00ab\u00a0deux soir\u00e9es intenses\u00a0\u00bb de <b>concerts, de performances, de DJ sets et des expositions<\/b>. \u00ab Un vaisseau. Des sons venus d\u2019ailleurs. Viens d\u00e9river \u00bb qu\u2019on nous dit.<\/p>\n<p><b>Le vendredi, on nous promet une soir\u00e9e noise, electro funk et cosmic disco <\/b>avec Semblance et Ben Coyte (violoncelliste de Semblance) de Paris, et de Strasbourg\u00a0: Almost Rose et un DJ set de Diskonica. <b>Le samedi, ambiance<\/b><b> \u00ab\u00a0pianos jouets, Stoner spatial &amp; House organique\u00a0\u00bb<\/b> avec The Interstring Project (de For\u00eat-Noire) et de Strasbourg\u00a0: L\u2019Imaginaire, Yojimbo, et le collectif Polytone pour un DJ set en cl\u00f4ture.<\/p>\n<p align=\"CENTER\"><b>Quand et o\u00f9\u00a0?<br \/><\/b>Vendredi 27 et samedi 28 juin de 18h30 \u00e0 2h<br \/>\u00c0 l\u2019Atelier M33<br \/><a href=\"https:\/\/fb.me\/e\/2oTv9RYO0\" target=\"_blank\" rel=\"noopener\">L\u2019\u00e9v\u00e9nement Facebook<\/a><\/p>\n<\/p>\n<p>Soir\u00e9es originales et spectacles<br \/>\nLe Grand d\u00e9fil\u00e9 de mode pour f\u00eater l&rsquo;\u00e9t\u00e9 au Moul&rsquo;1<\/p>\n<p>Parmi les curiosit\u00e9s de cet agenda\u2026 <b>Un premier rendez-vous du Moul\u20191<\/b>, restaurant \u00e0 Duppigheim. Il organise <b>le jeudi 19 juin un <\/b><b>\u00ab\u00a0grand d\u00e9fil\u00e9 de mode pour f\u00eater l\u2019\u00e9t\u00e9\u00a0\u00bb<\/b> avec en direction artistique Roland Garcia pour la Maison Marga. \u00ab Une soir\u00e9e exceptionnelle o\u00f9 \u00e9l\u00e9gance, style et art de vivre se rencontrent dans un cadre chic et chaleureux. \u00bb<\/p>\n<p>On y verra d\u00e9filer la Maison Savayana, des <b>happenings mode et coiffure en live<\/b>, puis un <b>cocktail d\u00eenatoire<\/b> (du champagne, des bouch\u00e9es sal\u00e9es et des douceurs sucr\u00e9es, et autres mets raffin\u00e9s) avant que le <b>DJ Mike Drope <\/b>prenne la main sur les platines.<\/p>\n<p align=\"CENTER\"><b>Quand et o\u00f9\u00a0?<br \/><\/b>Jeudi 19 juin \u00e0 partir de 19h<br \/>Au Moul\u20191, restaurant \u00e0 Duppigheim<br \/><a href=\"https:\/\/bookings.zenchef.com\/results?rid=370332&amp;pid=1001&amp;shxpid=63915\u2013\" target=\"_blank\" rel=\"noopener\">+ d\u2019infos et r\u00e9servations<\/a><\/p>\n<p>                <a href=\"https:\/\/pokaa.fr\/2025\/03\/22\/nouvelle-cuisine-et-soirees-a-foison-le-moul1-continue-son-evolution-a-15-minutes-de-strasbourg\/\" target=\"_blank\" rel=\"noopener\"><br \/>\n                    <img width=\"450\" height=\"270\" src=\"https:\/\/www.europesays.com\/fr\/wp-content\/uploads\/2025\/06\/restaurant-le-moul1-duppigheim-nouveau20-450x270.jpeg\" class=\"attachment-card-horizontal--same-subject size-card-horizontal--same-subject wp-post-image\" alt=\"\" decoding=\"async\" loading=\"lazy\"\/>                <\/a><\/p>\n<p>                <img width=\"749\" height=\"500\" src=\"https:\/\/www.europesays.com\/fr\/wp-content\/uploads\/2025\/06\/s0nho-749x500.jpeg\" class=\"attachment-gallery size-gallery\" alt=\"Le Moul\u20191 restaurant\" data-full-url=\"https:\/\/pokaa.fr\/wp-content\/uploads\/2024\/09\/25\/s0nho-1500x1001.jpeg\" decoding=\"async\" loading=\"lazy\"  \/>            <\/p>\n<p>                <img width=\"334\" height=\"500\" src=\"https:\/\/www.europesays.com\/fr\/wp-content\/uploads\/2025\/06\/jgthb-334x500.jpeg\" class=\"attachment-gallery size-gallery\" alt=\"Le Moul\u20191 restaurant\" data-full-url=\"https:\/\/pokaa.fr\/wp-content\/uploads\/2024\/09\/25\/jgthb.jpeg\" decoding=\"async\" loading=\"lazy\"  \/>            <\/p>\n<p>                <img width=\"500\" height=\"500\" src=\"https:\/\/www.europesays.com\/fr\/wp-content\/uploads\/2025\/06\/le-moul1img-0042-500x500.jpg\" class=\"attachment-gallery size-gallery\" alt=\"Le Moul\u20191IMG_0042\" data-full-url=\"https:\/\/pokaa.fr\/wp-content\/uploads\/2025\/03\/21\/le-moul1img-0042.jpg\" decoding=\"async\" loading=\"lazy\"  \/>            <\/p>\n<p>                    \u00a9 Moul&rsquo;1 \/ Documents remis <\/p>\n<p>Soir\u00e9e stand-up\u00a0: le Sujet Golry \u00ab\u00a0Queer\u00a0\u00bb au LA\u00c0B<\/p>\n<p>Dernier shot de rire avant l\u2019\u00e9t\u00e9 pour <b>le Golry Comedy Club<\/b>. Il revient<b> le mardi 24 juin au LA\u00c0B <\/b>pour<b> son mensuel \u00ab\u00a0Sujet Golry\u00a0\u00bb, un plateau \u00e0 th\u00e8me<\/b>. La th\u00e9matique de celui de juin\u00a0? En lien avec le Mois des Fiert\u00e9s\u00a0: <b>\u00ab\u00a0Queer\u00a0\u00bb<\/b>\u00a0!<\/p>\n<p>Avec l\u2019envie derri\u00e8re \u00ab\u00a0de c\u00e9l\u00e9brer la diversit\u00e9 de genre, et de sexualit\u00e9, que les mod\u00e8les identitaires tombent aux oubliettes, mais surtout, de se gaver de rires et de paillettes\u00a0\u00bb.<\/p>\n<p align=\"CENTER\"><b>Quand et o\u00f9\u00a0?<br \/><\/b>Mardi 24 juin \u00e0 20h<br \/>Au LA\u00c0B<br \/><a href=\"https:\/\/fb.me\/e\/4YWg7oOFg\" target=\"_blank\" rel=\"noopener\">L\u2019\u00e9v\u00e9nement Facebook<\/a><\/p>\n<p>                <img width=\"667\" height=\"500\" src=\"https:\/\/www.europesays.com\/fr\/wp-content\/uploads\/2025\/06\/441172826-851199333715125-2700911851562601179-n-667x500.jpg\" class=\"attachment-gallery size-gallery\" alt=\"amer \u00e0 boire laab\" data-full-url=\"https:\/\/pokaa.fr\/wp-content\/uploads\/2025\/02\/18\/441172826-851199333715125-2700911851562601179-n.jpg\" decoding=\"async\" loading=\"lazy\"  \/>            <\/p>\n<p>                <img width=\"345\" height=\"500\" src=\"https:\/\/www.europesays.com\/fr\/wp-content\/uploads\/2025\/06\/marche-des-visibilites-lgbti-2019-strasbourg-martin-lelievre-21.jpg\" class=\"attachment-gallery size-gallery\" alt=\"Marche des visibilit\u00e9s LGBTI 2019 Strasbourg Martin Lelievre (21)\" data-full-url=\"https:\/\/www.europesays.com\/fr\/wp-content\/uploads\/2025\/06\/marche-des-visibilites-lgbti-2019-strasbourg-martin-lelievre-21.jpg\" decoding=\"async\" loading=\"lazy\"  \/>            <\/p>\n<p>                    1. \u00a9 Page Facebook de LA\u00c0B \/ Capture d&rsquo;\u00e9cran ; 2. \u00a9\u00a0Martin Lelievre \/ Pokaa<\/p>\n<p>Comedy Club 5 au Moul&rsquo;1<\/p>\n<p>On reste sur l\u2019humour et on retourne<b> au Moul\u20191 Comedy Club (\u00e0 Duppigheim)<\/b>. Le <b>jeudi 26 juin, voil\u00e0 qu\u2019il revient <\/b><strong>pour une 5\u00e8me \u00e9dition<\/strong>, en compagnie de Younes Depardieu, Syphax Benoukaci, Nadege Mongerard, Guillaume Dolle \u00e0 21h30.<\/p>\n<p align=\"CENTER\"><b>Quand et o\u00f9\u00a0?<br \/><\/b>Jeudi 26 juin \u00e0 21h30<br \/>Au Moul\u20191, restaurant \u00e0 Duppigheim<br \/><a href=\"https:\/\/my.weezevent.com\/moul1-comedy-club-5\" target=\"_blank\" rel=\"noopener\">+ d\u2019infos<\/a><\/p>\n<\/p>\n<p>F\u00eate des quartiers Tribunal et Gare<\/p>\n<p><b>Grande <\/b><b>f\u00eate de quartier <\/b>\u00e0 la fin du mois ! Le Foss\u00e9 des Treize (et ses partenaires) se retrouvent place Sainte-Aur\u00e9lie, \u00e0 mi-chemin <b>entre les quartiers Gare et Halles\/Tribunal<\/b>. Un premier rendez-vous, <b>ouvert \u00e0 tout le monde<\/b>. Avec un barbecue, des mezze, des tartes flamb\u00e9es, des cr\u00eapes et des glaces pour tenir du go\u00fbter \u00e0 la fin de soir\u00e9e (16h \u00e0 23h).<\/p>\n<p>Et au programme\u00a0: <b>du th\u00e9\u00e2tre et des concerts<\/b> avec \u2013 entre autres \u2013 <b>Teklemek<\/b>, Fuz4tet, DJ Diskonica, une <b>sc\u00e8ne ouverte avec Seamer<\/b>, <b>un karaodance avec Boum Baby Gang<\/b>. Mais aussi un radioshow anim\u00e9 par Radio En Construction et La Laiterie, ainsi qu\u2019une <b>kermesse<\/b>, des<b> ateliers pour enfants<\/b>, une fresque participative, des <b>animations sportives et culturelles<\/b>, de la <b>magie<\/b>, un<b> escape game<\/b> et autres jeux.<\/p>\n<p align=\"CENTER\"><b>Quand et o\u00f9\u00a0?<br \/><\/b>Samedi 28 juin de 16h \u00e0 23h<br \/>Place Sainte-Aur\u00e9lie \u00e0 Strasbourg<br \/><a href=\"https:\/\/fb.me\/e\/9ZAaDyDgO\" target=\"_blank\" rel=\"noopener\">L\u2019\u00e9v\u00e9nement Facebook<\/a><br \/><a href=\"https:\/\/cscf13.org\/2025\/01\/14\/fete-des-quartiers\/\" target=\"_blank\" rel=\"noopener\">+ d\u2019infos<\/a><\/p><\/p>\n","protected":false},"excerpt":{"rendered":"Chaleur, bonheur, sueur. Tu as surv\u00e9cu \u00e0 ce week-end et \u00e0 ses nombreux \u00e9v\u00e9nements ? Bravo. Maintenant, on&hellip;\n","protected":false},"author":2,"featured_media":178884,"comment_status":"","ping_status":"","sticky":false,"template":"","format":"standard","meta":{"footnotes":""},"categories":[2820],"tags":[1111,11,4763,4156,4157,1777,674,652,849,1011,27,775,326,708,12,21919,3907,25,3140,640,27021,4064],"class_list":{"0":"post-178883","1":"post","2":"type-post","3":"status-publish","4":"format-standard","5":"has-post-thumbnail","7":"category-strasbourg","8":"tag-actu","9":"tag-actualites","10":"tag-agenda","11":"tag-concerts","12":"tag-dj-sets","13":"tag-eu","14":"tag-europe","15":"tag-famille","16":"tag-festival","17":"tag-fr","18":"tag-france","19":"tag-grand-est","20":"tag-gratuit","21":"tag-humour","22":"tag-news","23":"tag-ou-sortir","24":"tag-que-faire","25":"tag-republique-francaise","26":"tag-spectacle","27":"tag-strasbourg","28":"tag-teuf","29":"tag-week-end"},"share_on_mastodon":{"url":"https:\/\/pubeurope.com\/@fr\/114688611592986610","error":""},"_links":{"self":[{"href":"https:\/\/www.europesays.com\/fr\/wp-json\/wp\/v2\/posts\/178883","targetHints":{"allow":["GET"]}}],"collection":[{"href":"https:\/\/www.europesays.com\/fr\/wp-json\/wp\/v2\/posts"}],"about":[{"href":"https:\/\/www.europesays.com\/fr\/wp-json\/wp\/v2\/types\/post"}],"author":[{"embeddable":true,"href":"https:\/\/www.europesays.com\/fr\/wp-json\/wp\/v2\/users\/2"}],"replies":[{"embeddable":true,"href":"https:\/\/www.europesays.com\/fr\/wp-json\/wp\/v2\/comments?post=178883"}],"version-history":[{"count":0,"href":"https:\/\/www.europesays.com\/fr\/wp-json\/wp\/v2\/posts\/178883\/revisions"}],"wp:featuredmedia":[{"embeddable":true,"href":"https:\/\/www.europesays.com\/fr\/wp-json\/wp\/v2\/media\/178884"}],"wp:attachment":[{"href":"https:\/\/www.europesays.com\/fr\/wp-json\/wp\/v2\/media?parent=178883"}],"wp:term":[{"taxonomy":"category","embeddable":true,"href":"https:\/\/www.europesays.com\/fr\/wp-json\/wp\/v2\/categories?post=178883"},{"taxonomy":"post_tag","embeddable":true,"href":"https:\/\/www.europesays.com\/fr\/wp-json\/wp\/v2\/tags?post=178883"}],"curies":[{"name":"wp","href":"https:\/\/api.w.org\/{rel}","templated":true}]}}