{"id":178885,"date":"2025-06-15T17:41:18","date_gmt":"2025-06-15T17:41:18","guid":{"rendered":"https:\/\/www.europesays.com\/fr\/178885\/"},"modified":"2025-06-15T17:41:18","modified_gmt":"2025-06-15T17:41:18","slug":"des-aujourdhui-plusieurs-lignes-de-trams-seront-en-travaux-pour-lete","status":"publish","type":"post","link":"https:\/\/www.europesays.com\/fr\/178885\/","title":{"rendered":"d\u00e8s aujourd&rsquo;hui, plusieurs lignes de trams seront en travaux pour l&rsquo;\u00e9t\u00e9 !"},"content":{"rendered":"<p>    <img loading=\"lazy\" width=\"1800\" height=\"900\" src=\"https:\/\/www.europesays.com\/fr\/wp-content\/uploads\/2025\/04\/jeanne-callthepolice.jpg\" class=\"attachment-full size-full\" alt=\"\" id=\"imageLove\" decoding=\"async\"  \/><\/p>\n<p id=\"breadcrumbs\"><a href=\"https:\/\/pokaa.fr\/\" rel=\"nofollow noopener\" target=\"_blank\">Accueil<\/a> \/ <a href=\"https:\/\/pokaa.fr\/categories\/actu\/\" rel=\"nofollow noopener\" target=\"_blank\">Info locale<\/a> \/ Strasbourg : d\u00e8s aujourd\u2019hui, plusieurs lignes de trams seront en travaux pour l\u2019\u00e9t\u00e9 !<\/p>\n<p>                    Info locale<\/p>\n<p class=\"p1\"><b>Du 16 juin au 22 ao\u00fbt, la CTS effectue ses traditionnels travaux de maintenance de ses lignes. Pour l\u2019occasion, trois lignes de tram sont fortement perturb\u00e9es pendant l\u2019\u00e9t\u00e9. En plus de ces travaux sur son r\u00e9seau, la CTS m\u00e8ne \u00e9galement d\u2019autres chantiers, notamment au niveau de la gare ou encore pour pr\u00e9parer l\u2019arriv\u00e9e du tram Ouest. <\/b><\/p>\n<p class=\"p1\">\u00c0 Strasbourg depuis toujours, une fois l\u2019\u00e9t\u00e9 venu, CTS rime avec travaux. Profitant de la fr\u00e9quentation moindre de ses lignes durant la p\u00e9riode estivale, <b>la compagnie strasbourgeoise r\u00e9nove et retape ses infrastructures ferroviaires, pour combattre l\u2019usure du temps<\/b>.<\/p>\n<p class=\"p3\">Alors que l\u2019ann\u00e9e a \u00e9t\u00e9 plus que compliqu\u00e9e pour la CTS,\u00a0<a href=\"https:\/\/pokaa.fr\/2025\/01\/11\/strasbourg-un-violent-accident-entre-2-trams-vient-darriver-a-la-gare\/\" target=\"_blank\" rel=\"noopener nofollow\">avec le grave accident ayant fait 68 bless\u00e9(e)s en d\u00e9but d\u2019ann\u00e9e<\/a>,\u00a0<a href=\"https:\/\/pokaa.fr\/2025\/02\/18\/strasbourg-depuis-des-mois-17-controleurs-de-la-cts-dressent-des-amendes-dans-lillegalite\/\" target=\"_blank\" rel=\"noopener nofollow\">les contr\u00f4leurs\/ses non asserment\u00e9(e)s qui dressaient des amendes dans l\u2019ill\u00e9galit\u00e9<\/a>,\u00a0ou plus r\u00e9cemment l\u2019accident du tram \u00e0 Illkirch qui a fait 6 bless\u00e9(e)s, la compagnie veut repartir de l\u2019avant. <b>Pour cela, elle m\u00e8ne non seulement ses traditionnels travaux, pr\u00e9vus du 16 juin au 22 ao\u00fbt<\/b>, mais elle effectue aussi des travaux suppl\u00e9mentaires sur ses infrastructures, notamment du c\u00f4t\u00e9 de la gare ou encore pour pr\u00e9parer l\u2019arriv\u00e9e du tram Ouest.<\/p>\n<p>    <img width=\"800\" height=\"533\" src=\"https:\/\/www.europesays.com\/fr\/wp-content\/uploads\/2025\/06\/img_9706.jpg\" class=\"attachment-image-size-L size-image-size-L\" alt=\"tram arbres cts transport\" decoding=\"async\" loading=\"lazy\"  \/>         \u00a9 Samuel Compion \/ Pokaa <\/p>\n<p>1er arr\u00eat : du 16 juin au 25 juillet, les lignes A et D interrompues entre Homme de Fer et Parc des Sports\/Poteries<\/p>\n<p class=\"p3\">La premi\u00e8re phase de travaux concerne les lignes A et D, c\u00f4t\u00e9 ouest.<b> Concr\u00e8tement, les trams A et D ne circulent pas entre les stations Homme de Fer et Poteries, ainsi qu\u2019entre Homme de Fer et Parc des Sports<\/b>. Il n\u2019y a donc qu\u2019une circulation entre les stations Homme de Fer et Illkirch-Graffenstaden, ou entre Homme de Fer et Port du Rhin\/Kehl Rathaus. De son c\u00f4t\u00e9, la ligne C circule normalement lors de cette coupure et son offre est renforc\u00e9e.<\/p>\n<p class=\"p3\">Pour permettre aux habitant(e)s des quartiers de Cronenbourg, de Hautepierre, des Poteries ou du Hohberg de rejoindre le centre-ville, <b>des bus de remplacement sont propos\u00e9s toutes les 6 \u00e0 7 minutes en journ\u00e9e, et circulent sur la m\u00eame amplitude que le r\u00e9seau tramway (4h30 \u2013 0h30) entre Parc des Sports\/Poteries et Gare Centrale<\/b>. Ils desservent toutes les stations des deux lignes jusqu\u2019\u00e0 Homme de Fer. Les travaux prendront fin le 25 juillet, pour permettre une desserte correcte du centre-ville pour la Grande Braderie de Strasbourg le 26 juillet.<\/p>\n<p>    <img width=\"800\" height=\"396\" src=\"https:\/\/www.europesays.com\/fr\/wp-content\/uploads\/2025\/06\/cts-thermos-travaux-ete-2025-phase-1-800x396.png\" class=\"attachment-image-size-L size-image-size-L\" alt=\"CTS \u2013 Thermos \u2013 travaux e\u0301te\u0301 2025 \u2013 Phase 1\" decoding=\"async\" loading=\"lazy\"  \/>         \u00a9 CTS \/ Document remis <\/p>\n<p>2e arr\u00eat : du 28 juillet au 22 ao\u00fbt, les lignes C et D interrompues entre Landsberg et Neuhof Rodolphe Reuss\/Kehl Rathaus<\/p>\n<p class=\"p3\">La deuxi\u00e8me et derni\u00e8re phase des travaux estivaux se concentre sur les lignes C et D, mais cette fois-ci davantage c\u00f4t\u00e9 Neudorf et Allemagne. <b>Les trams C et D ne circuleront pas entre les stations Landsberg et Neuhof Rodolphe Reuss et entre Landsberg et Kehl Rathaus<\/b>. La circulation ne se d\u00e9roulera donc qu\u2019entre Landsberg et Poteries (D) et Landsberg et Gare Centrale (C).<\/p>\n<p class=\"p3\">Comme pour la premi\u00e8re phase, des bus de remplacement seront propos\u00e9s toutes les 7 \u00e0 8 minutes environ en journ\u00e9e. <b>Ils circuleront sur la m\u00eame amplitude que le r\u00e9seau tramway (4h30 \u2013 0h30), entre les stations Neuhof Rodolphe Reuss et Landsberg, ainsi qu\u2019entre Landsberg et Kehl Bahnhof ou Hochschule\/L\u00e4ger (1 bus sur 2)<\/b>. Ils desserviront toutes les stations non desservies par les trams C et D, \u00e0 l\u2019exception de la station Kehl Rathaus pour la ligne D.<\/p>\n<p>    <img width=\"800\" height=\"328\" src=\"https:\/\/www.europesays.com\/fr\/wp-content\/uploads\/2025\/06\/cts-thermos-travaux-ete-2025-phase-2-800x328.png\" class=\"attachment-image-size-L size-image-size-L\" alt=\"CTS \u2013 Thermos \u2013 travaux e\u0301te\u0301 2025 \u2013 Phase 2\" decoding=\"async\" loading=\"lazy\"  \/>         \u00a9 CTS \/ Document remis <\/p>\n<p>3e arr\u00eat : des travaux suppl\u00e9mentaires, particuli\u00e8rement c\u00f4t\u00e9 gare<\/p>\n<p class=\"p3\">Petite nouveaut\u00e9 pour cette ann\u00e9e 2025 : la CTS va \u00e9galement mener en parall\u00e8le de ses chantiers sur son r\u00e9seau d\u2019autres travaux, particuli\u00e8rement du c\u00f4t\u00e9 de la gare. <b>Par exemple, les six escalators vont enfin \u00eatre r\u00e9nov\u00e9s ou remplac\u00e9s<\/b>.<\/p>\n<p class=\"p3\">Dans le m\u00eame temps,<strong> des travaux de r\u00e9paration de la structure du tunnel de la gare seront r\u00e9alis\u00e9s<\/strong>, avec en prime un remplacement int\u00e9gral de l\u2019\u00e9clairage. Enfin, une remise en peinture de certaines zones sera effectu\u00e9e, tout comme la mise en place d\u2019une fresque sur l\u2019ancienne boutique CTS.<\/p>\n<p>    <img width=\"800\" height=\"533\" src=\"https:\/\/www.europesays.com\/fr\/wp-content\/uploads\/2025\/06\/gare-de-strasbourg2-800x533.jpg\" class=\"attachment-image-size-L size-image-size-L\" alt=\"Gare de Strasbourg2\" decoding=\"async\" loading=\"lazy\"  \/>         \u00a9 David Lev\u00eaque \/ Pokaa <\/p>\n<p>Au-del\u00e0 de la gare, une rampe d\u2019acc\u00e8s sera install\u00e9e \u00e0 la station Ducs d\u2019Alsace, <b>tandis que de nombreuses interventions seront men\u00e9es secteur Poteries sur la future ligne F<\/b>. Dans le d\u00e9sordre : armement, d\u00e9roulage et r\u00e9glages de la ligne a\u00e9rienne de contact, l\u2019installation de nouveaux \u00e9quipements de signalisation ferroviaire, ainsi que des op\u00e9rations sur la sous-station \u00e9lectrique. <b>De quoi pr\u00e9parer l\u2019arriv\u00e9e du tram Ouest, pr\u00e9vue pour novembre<\/b>.<\/p>\n<p>                <a href=\"https:\/\/pokaa.fr\/2025\/04\/27\/projet-a-122-millions-de-a-strasbourg-on-sait-enfin-quand-sera-mis-en-service-le-tram-ouest\/\" rel=\"nofollow noopener\" target=\"_blank\"><br \/>\n                    <img width=\"450\" height=\"270\" src=\"https:\/\/www.europesays.com\/fr\/wp-content\/uploads\/2025\/06\/img-6400-grande-450x270.jpeg\" class=\"attachment-card-horizontal--same-subject size-card-horizontal--same-subject wp-post-image\" alt=\"\" decoding=\"async\" loading=\"lazy\"\/>                <\/a><\/p>\n<p>    <img width=\"800\" height=\"600\" src=\"https:\/\/www.europesays.com\/fr\/wp-content\/uploads\/2025\/06\/img-6401-grande-800x600.jpeg\" class=\"attachment-image-size-L size-image-size-L\" alt=\"chantier tram ouest\" decoding=\"async\" loading=\"lazy\"  \/>         \u00a9 Nicolas Kaspar \/ Pokaa <\/p>\n","protected":false},"excerpt":{"rendered":"Accueil \/ Info locale \/ Strasbourg : d\u00e8s aujourd\u2019hui, plusieurs lignes de trams seront en travaux pour l\u2019\u00e9t\u00e9&hellip;\n","protected":false},"author":2,"featured_media":178886,"comment_status":"","ping_status":"","sticky":false,"template":"","format":"standard","meta":{"footnotes":""},"categories":[2820],"tags":[1111,11,29220,1777,674,1011,27,775,12,25,640,2086],"class_list":{"0":"post-178885","1":"post","2":"type-post","3":"status-publish","4":"format-standard","5":"has-post-thumbnail","7":"category-strasbourg","8":"tag-actu","9":"tag-actualites","10":"tag-cts","11":"tag-eu","12":"tag-europe","13":"tag-fr","14":"tag-france","15":"tag-grand-est","16":"tag-news","17":"tag-republique-francaise","18":"tag-strasbourg","19":"tag-travaux"},"share_on_mastodon":{"url":"https:\/\/pubeurope.com\/@fr\/114688615255068926","error":""},"_links":{"self":[{"href":"https:\/\/www.europesays.com\/fr\/wp-json\/wp\/v2\/posts\/178885","targetHints":{"allow":["GET"]}}],"collection":[{"href":"https:\/\/www.europesays.com\/fr\/wp-json\/wp\/v2\/posts"}],"about":[{"href":"https:\/\/www.europesays.com\/fr\/wp-json\/wp\/v2\/types\/post"}],"author":[{"embeddable":true,"href":"https:\/\/www.europesays.com\/fr\/wp-json\/wp\/v2\/users\/2"}],"replies":[{"embeddable":true,"href":"https:\/\/www.europesays.com\/fr\/wp-json\/wp\/v2\/comments?post=178885"}],"version-history":[{"count":0,"href":"https:\/\/www.europesays.com\/fr\/wp-json\/wp\/v2\/posts\/178885\/revisions"}],"wp:featuredmedia":[{"embeddable":true,"href":"https:\/\/www.europesays.com\/fr\/wp-json\/wp\/v2\/media\/178886"}],"wp:attachment":[{"href":"https:\/\/www.europesays.com\/fr\/wp-json\/wp\/v2\/media?parent=178885"}],"wp:term":[{"taxonomy":"category","embeddable":true,"href":"https:\/\/www.europesays.com\/fr\/wp-json\/wp\/v2\/categories?post=178885"},{"taxonomy":"post_tag","embeddable":true,"href":"https:\/\/www.europesays.com\/fr\/wp-json\/wp\/v2\/tags?post=178885"}],"curies":[{"name":"wp","href":"https:\/\/api.w.org\/{rel}","templated":true}]}}