{"id":178888,"date":"2025-06-15T17:43:10","date_gmt":"2025-06-15T17:43:10","guid":{"rendered":"https:\/\/www.europesays.com\/fr\/178888\/"},"modified":"2025-06-15T17:43:10","modified_gmt":"2025-06-15T17:43:10","slug":"la-meme-protection-pour-les-nicois-que-pour-les-chefs-detat-apres-lunoc-christian-estrosi-reclame-des-renforts-policiers-a-letat","status":"publish","type":"post","link":"https:\/\/www.europesays.com\/fr\/178888\/","title":{"rendered":"\u00ab\u00a0La m\u00eame protection pour les Ni\u00e7ois que pour les chefs d&rsquo;Etat\u00a0\u00bb: apr\u00e8s l&rsquo;Unoc, Christian Estrosi r\u00e9clame des renforts policiers \u00e0 l&rsquo;Etat"},"content":{"rendered":"<p>Policiers, gendarmes, militaires, <a href=\"https:\/\/www.nicematin.com\/securite\/photos-snipers-demineurs-drones-jet-skis-comment-le-raid-a-concilie-discretion-et-omnipresence-durant-le-sommet-de-nice-989917\" target=\"_blank\" rel=\"noopener nofollow\">snipeurs, d\u00e9mineurs, drones, jet-skis du Raid<\/a>&#8230;<\/p>\n<p>\u00c0 Nice, l&rsquo;ultra s\u00e9curis\u00e9e 3e Conf\u00e9rences des Nations unies sur l&rsquo;Oc\u00e9an (Unoc-3) et ses \u00e9v\u00e9nements annexes a fait d\u00e9ferler une vague bleue sur la ville d\u00e8s le 3 juin 2025.\u00a0<\/p>\n<p>Au total, <strong>plus de 5.000 effectifs ont \u00e9t\u00e9 affect\u00e9s \u00e0 la surveillance du sommet international,<\/strong> qui a vu d\u00e9filer d\u00e9l\u00e9gations de diplomates,<a href=\"https:\/\/www.nicematin.com\/people\/sommet-de-l-ocean-a-nice-63-chefs-d-etat-et-de-gouvernement-presents-et-quelques-grands-absents-989315\" target=\"_blank\" rel=\"noopener nofollow\"> chefs d&rsquo;\u00c9tat et ministres du monde entier<\/a>.\u00a0<\/p>\n<p>Alors que l&rsquo;Unoc-3 a tir\u00e9 sa r\u00e9v\u00e9rence le 13 juin 2025, <a href=\"https:\/\/www.nicematin.com\/environnement\/-ce-qu-il-s-est-passe-a-nice-est-assez-incroyable-coup-de-coeur-de-gueule-annonces-christian-estrosi-fait-le-bilan-de-l-unoc-990187\" target=\"_blank\" rel=\"noopener nofollow\">Christian Estrosi, maire de Nice, a profit\u00e9 du bilan de ce rendez-vous hors normes<\/a> pour r\u00e9clamer des renforts policiers \u00e0 l&rsquo;\u00c9tat.\u00a0<\/p>\n<p>                                <strong>\u00ab\u00a0En 10 ans, Nice a perdu 179 policiers nationaux\u00a0\u00bb<\/strong><\/p>\n<p>\u00ab\u00a0J&rsquo;aurais aim\u00e9 que certaines des forces de l&rsquo;ordre pr\u00e9sentes pendant le sommet puissent rester \u00e0 Nice pour renforcer la s\u00e9curit\u00e9 au quotidien, notamment face aux nombreuses situations li\u00e9es \u00e0 l&rsquo;alcoolisation dans l&rsquo;espace public\u00a0\u00bb, pose l&rsquo;\u00e9lu.\u00a0<\/p>\n<p>Car pour lui, le compte n&rsquo;y est plus dans la capitale azur\u00e9enne&#8230; \u00ab\u00a0Nous souffrons d&rsquo;un d\u00e9ficit r\u00e9el en effectifs policiers. En dix ans, Nice a perdu 179 policiers nationaux, soit <strong>une r\u00e9duction de 15% des effectifs.<\/strong>\u00ab\u00a0<\/p>\n<p>Et Christian Estrosi de conclure: \u00ab\u00a0Il serait incompr\u00e9hensible que l&rsquo;on puisse assurer une telle protection pour les chefs d&rsquo;Etat, sans pouvoir garantir la m\u00eame exigence pour les Ni\u00e7ois\u00a0\u00bb. C&rsquo;est dit.<\/p>\n","protected":false},"excerpt":{"rendered":"Policiers, gendarmes, militaires, snipeurs, d\u00e9mineurs, drones, jet-skis du Raid&#8230; \u00c0 Nice, l&rsquo;ultra s\u00e9curis\u00e9e 3e Conf\u00e9rences des Nations unies&hellip;\n","protected":false},"author":2,"featured_media":178889,"comment_status":"","ping_status":"","sticky":false,"template":"","format":"standard","meta":{"footnotes":""},"categories":[2819],"tags":[1111,11,1777,674,1011,27,12,2401,882,25,656],"class_list":{"0":"post-178888","1":"post","2":"type-post","3":"status-publish","4":"format-standard","5":"has-post-thumbnail","7":"category-nice","8":"tag-actu","9":"tag-actualites","10":"tag-eu","11":"tag-europe","12":"tag-fr","13":"tag-france","14":"tag-news","15":"tag-nice","16":"tag-provence-alpes-cote-dazur","17":"tag-republique-francaise","18":"tag-securite"},"share_on_mastodon":{"url":"https:\/\/pubeurope.com\/@fr\/114688622971362376","error":""},"_links":{"self":[{"href":"https:\/\/www.europesays.com\/fr\/wp-json\/wp\/v2\/posts\/178888","targetHints":{"allow":["GET"]}}],"collection":[{"href":"https:\/\/www.europesays.com\/fr\/wp-json\/wp\/v2\/posts"}],"about":[{"href":"https:\/\/www.europesays.com\/fr\/wp-json\/wp\/v2\/types\/post"}],"author":[{"embeddable":true,"href":"https:\/\/www.europesays.com\/fr\/wp-json\/wp\/v2\/users\/2"}],"replies":[{"embeddable":true,"href":"https:\/\/www.europesays.com\/fr\/wp-json\/wp\/v2\/comments?post=178888"}],"version-history":[{"count":0,"href":"https:\/\/www.europesays.com\/fr\/wp-json\/wp\/v2\/posts\/178888\/revisions"}],"wp:featuredmedia":[{"embeddable":true,"href":"https:\/\/www.europesays.com\/fr\/wp-json\/wp\/v2\/media\/178889"}],"wp:attachment":[{"href":"https:\/\/www.europesays.com\/fr\/wp-json\/wp\/v2\/media?parent=178888"}],"wp:term":[{"taxonomy":"category","embeddable":true,"href":"https:\/\/www.europesays.com\/fr\/wp-json\/wp\/v2\/categories?post=178888"},{"taxonomy":"post_tag","embeddable":true,"href":"https:\/\/www.europesays.com\/fr\/wp-json\/wp\/v2\/tags?post=178888"}],"curies":[{"name":"wp","href":"https:\/\/api.w.org\/{rel}","templated":true}]}}