{"id":178892,"date":"2025-06-15T17:45:12","date_gmt":"2025-06-15T17:45:12","guid":{"rendered":"https:\/\/www.europesays.com\/fr\/178892\/"},"modified":"2025-06-15T17:45:12","modified_gmt":"2025-06-15T17:45:12","slug":"nantes-se-console-et-monte-sur-la-troisieme-marche","status":"publish","type":"post","link":"https:\/\/www.europesays.com\/fr\/178892\/","title":{"rendered":"Nantes se console et monte sur la troisi\u00e8me marche"},"content":{"rendered":"<p><strong>Nantes\u00a0&#8211; Barcelone\u00a0: 30-25<\/strong><\/p>\n<p>Hors sujet samedi en <a target=\"_blank\" href=\"https:\/\/www.lanouvellerepublique.fr\/sports\/ligue-des-champions-nantes-douche-coule-par-berlin-en-demi-finale-1749925582\" rel=\"noopener\">demi-finale<\/a> de la Ligue des champions contre Berlin (24-34), le Handball Club de Nantes a bien relev\u00e9 la t\u00eate dimanche \u00e0 Cologne, net vainqueur du FC Barcelone (30-25) pour monter sur la troisi\u00e8me marche du podium. Finaliste en 2018 et quatri\u00e8me en 2021, le club nantais se pare cette fois de bronze et termine la saison sur une meilleure impression que celle laiss\u00e9e la veille.<\/p>\n<p>\u00ab\u00a0Hier on est pass\u00e9 pour des bouffons, il fallait montrer du caract\u00e8re pour prouver qu\u2019on valait mieux que \u00e7a. Si Barcelone ne voulait pas cette m\u00e9daille tant pis pour eux, nous, on la prend volontiers\u00a0\u00bb, a affirm\u00e9 le demi-centre Aymeric Minne.<\/p>\n<p>Le pivot Nicolas Tournat a de son c\u00f4t\u00e9 estim\u00e9 que ce Final Four pouvait \u00ab\u00a0faire grandir\u00a0\u00bb l\u2019\u00e9quipe en vue de la saison prochaine, o\u00f9 elle n\u2019enregistrera aucun d\u00e9part majeur et l\u2019arriv\u00e9e du meneur de jeu espagnol Ian Tarrafeta.<\/p>\n<p>\u00ab\u00a0Il va falloir se servir de cette demi-finale aussi parce que c\u2019est un gros \u00e9chec, on n\u2019a pas le droit de se louper sur ce genre de rendez-vous\u00a0\u00bb, a d\u00e9velopp\u00e9 Tournat.<\/p>\n<p>Alors qu\u2019il n\u2019avait \u00e9t\u00e9 servi face aux Allemands pour la premi\u00e8re fois qu\u2019\u00e0 la 19e\u00a0minute et avait d\u00fb attendre 10 minutes de plus pour marquer, le pivot a cette fois trouv\u00e9 le chemin des filets d\u00e8s la 3e\u00a0minute.<\/p>\n<p>Le jeu autour de l\u2019international fran\u00e7ais (4 buts sur 5 tirs) est redevenu l\u2019une des principales armes des Nantais, qui ont aussi pu compter sur les arr\u00eats de leur gardien Ivan Pesic, qui a \u00e9c\u0153ur\u00e9 les Catalans en premi\u00e8re p\u00e9riode (10 arr\u00eats sur 19 tirs, 14\/35 au final). \u00c0 la fin de ce premier acte, l\u2019\u00e9cart \u00e9tait creus\u00e9 (14-9).<\/p>\n<p>L&rsquo;\u00e9quipe de Gr\u00e9gory Cojean est ensuite parvenue \u00e0 contr\u00f4ler le retour du Bar\u00e7a, vainqueur de l\u2019\u00e9dition 2024, revenu \u00e0 trois unit\u00e9s \u00e0 quinze minutes de la fin (22-19).<\/p>\n<p>La der de G\u00e9rard<\/p>\n<p>Nantes voulait vraiment cette m\u00e9daille de bronze, \u00e0 l\u2019image de Thibaud Briet haranguant les supporteurs en leur montrant son maillot apr\u00e8s que la d\u00e9fense a mis en \u00e9chec l\u2019attaque barcelonaise \u00e0 10 minutes de la sir\u00e8ne.<\/p>\n<p>Elle a retrouv\u00e9 le plaisir de jouer, \u00e9vapor\u00e9 samedi, comme sur ce \u00ab\u00a0kung-fu\u00a0\u00bb d\u2019Aymeric Minne pour Briet (36e).<\/p>\n<p>Elle a \u00e9galement \u00e9t\u00e9 servie par les choix de Cojean, qui a relanc\u00e9 les arri\u00e8res Romain Lagarde (3\/4), auteur d\u2019un but important \u00e0 six minutes de la fin (27-23), et Ayoub Abdi (4\/5), qui n\u2019avaient pas ou peu jou\u00e9 la veille.<\/p>\n<p>\u00ab\u00a0C\u2019est d\u00e9licat de parler de ces choses-l\u00e0, on avait un plan contre Berlin et le contexte et les situations de matchs commandent les choix. \u00c7a n\u2019avait pas fonctionn\u00e9 hier mais il n\u2019y a pas que \u00e7a qui n\u2019a pas fonctionn\u00e9 hier\u00a0\u00bb, a r\u00e9pondu Cojean \u00e0 une question sur la faible utilisation de Lagarde et Abdi samedi.<\/p>\n<p>L\u2019ancien gardien des Bleus Vincent G\u00e9rard termine, lui, sa carri\u00e8re sur une d\u00e9faite. Sorti d\u00e9but avril \u00e0 38\u00a0ans de sa retraite prise apr\u00e8s les JO\u00a02024 pour une pige de quelques mois au Bar\u00e7a, il est entr\u00e9 en jeu \u00e0 13 minutes de la fin, r\u00e9alisant un arr\u00eat (sur 8 tirs).<\/p>\n<p>\u00ab\u00a0\u00c7a m\u2019a fait du bien de revivre un peu le truc et de revoir une derni\u00e8re fois Cologne m\u00eame si j\u2019aurais pr\u00e9f\u00e9r\u00e9 que \u00e7a se finisse un peu mieux\u00a0\u00bb, a d\u00e9clar\u00e9 G\u00e9rard, assurant qu\u2019il tirait cette fois pour de bon sa r\u00e9v\u00e9rence\u00a0: \u00ab\u00a0\u00c0 un moment c\u2019est bon. Toute ma famille a fait les efforts pour me permettre de vivre \u00e7a\u00a0\u00bb.<\/p>\n<p><strong>Mi-temps\u00a0:<\/strong> 14-9.<br \/><strong>Arbitres\u00a0:<\/strong> MM I.Covalciuc et A.Covalciuc.<br \/><strong>Nantes\u00a0:<\/strong> Odriozola (6 buts), Rivera (4), Tournat (4), Abdi (4), Briet (3), Lagarde (3), Minne (2), Leopold (2), Bos (2).<br \/><strong>Barcelone\u00a0:<\/strong> Richardson (8 buts), Mem (5), Gomez (4), N\u2019Guessan (2), Wanne (2), Carlsbogard (1), Arino (1), Da Sousa (1), Rodriguez (1).<\/p>\n","protected":false},"excerpt":{"rendered":"Nantes\u00a0&#8211; Barcelone\u00a0: 30-25 Hors sujet samedi en demi-finale de la Ligue des champions contre Berlin (24-34), le Handball&hellip;\n","protected":false},"author":2,"featured_media":178893,"comment_status":"","ping_status":"","sticky":false,"template":"","format":"standard","meta":{"footnotes":""},"categories":[2818],"tags":[1111,11,1777,674,1011,27,1792,31015,766,12,2636,25,60],"class_list":{"0":"post-178892","1":"post","2":"type-post","3":"status-publish","4":"format-standard","5":"has-post-thumbnail","7":"category-nantes","8":"tag-actu","9":"tag-actualites","10":"tag-eu","11":"tag-europe","12":"tag-fr","13":"tag-france","14":"tag-handball","15":"tag-ligue-des-champions-handball","16":"tag-nantes","17":"tag-news","18":"tag-pays-de-la-loire","19":"tag-republique-francaise","20":"tag-sports"},"share_on_mastodon":{"url":"https:\/\/pubeurope.com\/@fr\/114688630632463761","error":""},"_links":{"self":[{"href":"https:\/\/www.europesays.com\/fr\/wp-json\/wp\/v2\/posts\/178892","targetHints":{"allow":["GET"]}}],"collection":[{"href":"https:\/\/www.europesays.com\/fr\/wp-json\/wp\/v2\/posts"}],"about":[{"href":"https:\/\/www.europesays.com\/fr\/wp-json\/wp\/v2\/types\/post"}],"author":[{"embeddable":true,"href":"https:\/\/www.europesays.com\/fr\/wp-json\/wp\/v2\/users\/2"}],"replies":[{"embeddable":true,"href":"https:\/\/www.europesays.com\/fr\/wp-json\/wp\/v2\/comments?post=178892"}],"version-history":[{"count":0,"href":"https:\/\/www.europesays.com\/fr\/wp-json\/wp\/v2\/posts\/178892\/revisions"}],"wp:featuredmedia":[{"embeddable":true,"href":"https:\/\/www.europesays.com\/fr\/wp-json\/wp\/v2\/media\/178893"}],"wp:attachment":[{"href":"https:\/\/www.europesays.com\/fr\/wp-json\/wp\/v2\/media?parent=178892"}],"wp:term":[{"taxonomy":"category","embeddable":true,"href":"https:\/\/www.europesays.com\/fr\/wp-json\/wp\/v2\/categories?post=178892"},{"taxonomy":"post_tag","embeddable":true,"href":"https:\/\/www.europesays.com\/fr\/wp-json\/wp\/v2\/tags?post=178892"}],"curies":[{"name":"wp","href":"https:\/\/api.w.org\/{rel}","templated":true}]}}