{"id":178898,"date":"2025-06-15T17:48:11","date_gmt":"2025-06-15T17:48:11","guid":{"rendered":"https:\/\/www.europesays.com\/fr\/178898\/"},"modified":"2025-06-15T17:48:11","modified_gmt":"2025-06-15T17:48:11","slug":"elle-jouait-avec-son-frere","status":"publish","type":"post","link":"https:\/\/www.europesays.com\/fr\/178898\/","title":{"rendered":"elle jouait avec son fr\u00e8re"},"content":{"rendered":"<p>            Par<br \/>\n        <strong><br \/>\n            <a href=\"https:\/\/actu.fr\/auteur\/mareva-laville-actu-fr\" title=\"Consulter tous les articles de Mar\u00e9va Laville\" rel=\"nofollow noopener\" target=\"_blank\">Mar\u00e9va Laville<\/a><br \/>\n        <\/strong><\/p>\n<p>        Publi\u00e9 le<\/p>\n<p>            15 juin 2025 \u00e0 18h49        <\/p>\n<p>L\u2019alerte a \u00e9t\u00e9 donn\u00e9e vers 15\u00a0heures. Ce dimanche 15\u00a0juin 2025 apr\u00e8s-midi, une <strong>petite fille de 4\u00a0ans a chut\u00e9<\/strong> d\u2019un immeuble situ\u00e9 dans la commune de <a href=\"https:\/\/actu.fr\/occitanie\/quint-fonsegrives_31445\" rel=\"nofollow noopener\" target=\"_blank\">Quint-Fonsegrives<\/a>, \u00e0 l\u2019est de <a href=\"http:\/\/www.actu.fr\/toulouse\" rel=\"nofollow noopener\" target=\"_blank\">Toulouse<\/a>.<\/p>\n<p>    <a href=\"https:\/\/www.google.com\/maps\/embed?pb=!1m18!1m12!1m3!1d2889.8781522693475!2d1.5443753125368906!3d43.58825427098469!2m3!1f0!2f0!3f0!3m2!1i1024!2i768!4f13.1!3m3!1m2!1s0x12ae964cc8bb812b%3A0x7b6ab380d06cb5f8!2sImp.%20Fran%C3%A7oise%20Dolto%2C%2031130%20Quint-Fonsegrives!5e0!3m2!1sfr!2sfr!4v1750005592021!5m2!1sfr!2sfr\" title=\"Ouvrie le lien\" rel=\"nofollow noopener\" target=\"_blank\">Cliquez ici pour visualiser le contenu<\/a><\/p>\n<p>Cr\u00e2ne bless\u00e9 et bras fractur\u00e9<\/p>\n<p class=\" wall-content\">\u00c0 l\u2019arriv\u00e9e des pompiers, \u00e0 l\u2019impasse Fran\u00e7oise Dolto, l\u2019enfant \u00e9tait conscient, mais \u00ab\u2009il pr\u00e9sentait des<strong> blessures au niveau du cr\u00e2ne<\/strong> ainsi qu\u2019une <strong>fracture ouverte sur le bras gauche<\/strong>\u2009\u00bb, pr\u00e9cisent les gendarmes \u00e0 Actu Toulouse, confirmant <a href=\"https:\/\/www.ladepeche.fr\/2025\/06\/15\/info-la-depeche-une-fillette-de-5-ans-chute-du-premier-etage-dun-immeuble-fracture-ouverte-et-blessure-au-crane-12763638.php\" rel=\"nofollow noopener\" target=\"_blank\">une information de La D\u00e9p\u00eache du Midi.<\/a><\/p>\n<p>\u00ab\u2009La petite-fille jouait avec son fr\u00e8re\u2009\u00bb<\/p>\n<p class=\" wall-content\">Selon les premi\u00e8res informations des forces de l\u2019ordre, \u00ab\u2009la petite fille jouait avec son fr\u00e8re lorsqu\u2019elle a ouvert la fen\u00eatre\u2009\u00bb, et chut\u00e9. Les circonstances de cette chute sont encore recherch\u00e9es. Une enqu\u00eate est ouverte.<\/p>\n<p class=\" wall-content\">Suivez toute l\u2019actualit\u00e9 de vos villes et m\u00e9dias favoris en vous inscrivant \u00e0 <a href=\"https:\/\/moncompte.actu.fr\" title=\"D\u00e9couvez Mon Actu\" rel=\"nofollow noopener\" data-trk=\"{&quot;cta&quot;:{&quot;action&quot;:&quot;https:\\\/\\\/moncompte.actu.fr&quot;,&quot;category&quot;:&quot;mon compte&quot;,&quot;from&quot;:&quot;article footer&quot;,&quot;name&quot;:&quot;Mon actu&quot;,&quot;type&quot;:&quot;cta&quot;}}\" target=\"_blank\">Mon Actu<\/a>.<\/p>\n","protected":false},"excerpt":{"rendered":"Par Mar\u00e9va Laville Publi\u00e9 le 15 juin 2025 \u00e0 18h49 L\u2019alerte a \u00e9t\u00e9 donn\u00e9e vers 15\u00a0heures. Ce dimanche&hellip;\n","protected":false},"author":2,"featured_media":178899,"comment_status":"","ping_status":"","sticky":false,"template":"","format":"standard","meta":{"footnotes":""},"categories":[2816],"tags":[1111,11,1777,674,118,1011,27,3381,12,2680,1311,25,2312],"class_list":{"0":"post-178898","1":"post","2":"type-post","3":"status-publish","4":"format-standard","5":"has-post-thumbnail","7":"category-toulouse","8":"tag-actu","9":"tag-actualites","10":"tag-eu","11":"tag-europe","12":"tag-faits-divers","13":"tag-fr","14":"tag-france","15":"tag-gendarmerie","16":"tag-news","17":"tag-occitanie","18":"tag-pompiers","19":"tag-republique-francaise","20":"tag-toulouse"},"share_on_mastodon":{"url":"https:\/\/pubeurope.com\/@fr\/114688642466123203","error":""},"_links":{"self":[{"href":"https:\/\/www.europesays.com\/fr\/wp-json\/wp\/v2\/posts\/178898","targetHints":{"allow":["GET"]}}],"collection":[{"href":"https:\/\/www.europesays.com\/fr\/wp-json\/wp\/v2\/posts"}],"about":[{"href":"https:\/\/www.europesays.com\/fr\/wp-json\/wp\/v2\/types\/post"}],"author":[{"embeddable":true,"href":"https:\/\/www.europesays.com\/fr\/wp-json\/wp\/v2\/users\/2"}],"replies":[{"embeddable":true,"href":"https:\/\/www.europesays.com\/fr\/wp-json\/wp\/v2\/comments?post=178898"}],"version-history":[{"count":0,"href":"https:\/\/www.europesays.com\/fr\/wp-json\/wp\/v2\/posts\/178898\/revisions"}],"wp:featuredmedia":[{"embeddable":true,"href":"https:\/\/www.europesays.com\/fr\/wp-json\/wp\/v2\/media\/178899"}],"wp:attachment":[{"href":"https:\/\/www.europesays.com\/fr\/wp-json\/wp\/v2\/media?parent=178898"}],"wp:term":[{"taxonomy":"category","embeddable":true,"href":"https:\/\/www.europesays.com\/fr\/wp-json\/wp\/v2\/categories?post=178898"},{"taxonomy":"post_tag","embeddable":true,"href":"https:\/\/www.europesays.com\/fr\/wp-json\/wp\/v2\/tags?post=178898"}],"curies":[{"name":"wp","href":"https:\/\/api.w.org\/{rel}","templated":true}]}}