{"id":178904,"date":"2025-06-15T17:52:10","date_gmt":"2025-06-15T17:52:10","guid":{"rendered":"https:\/\/www.europesays.com\/fr\/178904\/"},"modified":"2025-06-15T17:52:10","modified_gmt":"2025-06-15T17:52:10","slug":"la-ville-finance-le-code-de-la-route-pour-les-jeunes-des-quartiers-eloignes-des-transports","status":"publish","type":"post","link":"https:\/\/www.europesays.com\/fr\/178904\/","title":{"rendered":"La Ville finance le code de la route pour les jeunes des quartiers \u00e9loign\u00e9s des transports"},"content":{"rendered":"<p class=\"rev-margin-0 rev-text-xs-normal\">Durant les vacances scolaires, les sessions de formation au code de la route se d\u00e9roulent le matin ou l\u2019apr\u00e8s-midi.<\/p>\n<p class=\"rev-margin-0 rev-text-xs-bold\">La Provence \/ Georges Robert<\/p>\n<p>Durant ses ann\u00e9es lyc\u00e9e, habitant la Solidarit\u00e9 (15e), Hedi Ramdane arrivait syst\u00e9matiquement en retard \u00e0 Saint-Exup\u00e9ry. La faute d\u2019un bus bond\u00e9 qui ne s\u2019arr\u00eatait pas, voire n\u2019assurait pas du tout la desserte \u00e0 l\u2019heure dite. \u00ab\u00a0Quand on ne d\u00e9pend que d\u2019une seule ligne de bus et qu\u2019on est \u00e9loign\u00e9 d\u2019un arr\u00eat de tram ou m\u00e9tro, <a href=\"https:\/\/www.laprovence.com\/article\/region\/98870691101098\/prives-de-bus-apres-21h-les-habitants-du-quartier-de-la-solidarite-denoncent-un-couvre-feu-force\" target=\"_blank\" rel=\"nofollow noopener\">se d\u00e9placer devient vite tr\u00e8s compliqu\u00e9<\/a>\u00ab\u00a0, rel\u00e8ve l\u2019adjoint (DVG) au maire en charge de la jeunesse.<\/p>\n<p><img alt=\"Hedi Ramdane est adjoint (DVG) au maire en charge de la jeunesse.\" loading=\"lazy\" decoding=\"async\" data-nimg=\"fill\" class=\" TwicCore_img__i9TC1 undefined  undefined\" style=\"position:absolute;height:100%;width:100%;left:0;top:0;right:0;bottom:0;color:transparent;background-size:cover;background-position:50% 50%;background-repeat:no-repeat;background-image:url(&quot;data:image\/svg+xml;charset=utf-8,%3Csvg xmlns='http:\/\/www.w3.org\/2000\/svg' %3E%3Cfilter id='b' color-interpolation-filters='sRGB'%3E%3CfeGaussianBlur stdDeviation='20'\/%3E%3CfeColorMatrix values='1 0 0 0 0 0 1 0 0 0 0 0 1 0 0 0 0 0 100 -1' result='s'\/%3E%3CfeFlood x='0' y='0' width='100%25' height='100%25'\/%3E%3CfeComposite operator='out' in='s'\/%3E%3CfeComposite in2='SourceGraphic'\/%3E%3CfeGaussianBlur stdDeviation='20'\/%3E%3C\/filter%3E%3Cimage width='100%25' height='100%25' x='0' y='0' preserveAspectRatio='none' style='filter: url(%23b);' href='https:\/\/pictures.laprovence.com\/cdn-cgi\/image\/blur=250\/media\/melody\/2025\/06\/15\/hedi-ramdane-est-adjoint-dvg-au-maire-en-charge-de-la-jeunesse-1750006754_386783530c4864c6783530c4820778v_.jpg'\/%3E%3C\/svg%3E&quot;)\"   src=\"https:\/\/www.europesays.com\/fr\/wp-content\/uploads\/2025\/06\/hedi-ramdane-est-adjoint-dvg-au-maire-en-charge-de-la-jeunesse-1750006754_386783530c4864c6783530c482.jpeg\"\/>Hedi Ramdane est adjoint (DVG) au maire en charge de la jeunesse. La Provence \/ Val\u00e9rie Vrel<\/p>\n<p>C\u2019est son exp\u00e9rience qui l\u2019a pouss\u00e9 \u00e0 proposer un coup de pouce \u00e0 ces jeunes vivant dans un quartier \u00e9loign\u00e9 des transports et d\u00e9sirant passer leur permis de conduire. Depuis\u00a02022, la Ville finance l\u2019apprentissage et l\u2019examen du code de la route et \u00e9tend le dispositif au fil des ans. D\u2019abord limit\u00e9 \u00e0 50 puis \u00e0 500 jeunes de 16 \u00e0 18\u00a0ans habitant un quartier politique de la ville, <a href=\"https:\/\/www.laprovence.com\/article\/region\/61740697685420\/marseille-les-jeunes-de-16-a-30-ans-eloignes-des-transports-pourront-se-voir-offrir-le-code-de-la-route\" target=\"_blank\" rel=\"nofollow noopener\">le financement touche d\u00e9sormais un millier de Marseillais \u00e2g\u00e9s de 16 \u00e0 30\u00a0ans<\/a> et dont le foyer n\u2019a pas forc\u00e9ment un quotient familial tr\u00e8s bas. \u00ab\u00a0\u00c0\u00a0moins que les parents touchent d\u2019importants revenus, on essaie d\u2019accompagner tout le monde, en particulier les jeunes qui portent un projet professionnel n\u00e9cessitant de d\u00e9crocher le permis.\u00a0\u00bb<\/p>\n<p>Deux passages d\u2019examens pris en charge<\/p>\n<p>Assur\u00e9es par des moniteurs d\u2019auto-\u00e9cole agr\u00e9\u00e9s, <a href=\"https:\/\/www.laprovence.com\/article\/region\/2339374054880415\/dispositif-coup-de-pouce-au-permis-ces-jeunes-marseillais-preparent-lexamen-du-code-de-la-route\" target=\"_blank\" rel=\"nofollow noopener\">les formations se d\u00e9roulent en pr\u00e9sentiel<\/a> \u00e0 l\u2019h\u00f4tel de ville (2e), dans le 9e arrondissement et \u00e0 l\u2019\u00e9cole de la deuxi\u00e8me chance (15e), le matin ou l\u2019apr\u00e8s-midi, durant les vacances scolaires, et deux passages d\u2019examen sont pris en charge si la r\u00e9ussite n\u2019est pas au rendez-vous apr\u00e8s une premi\u00e8re tentative.<\/p>\n<p>\u00ab\u00a0Pour la Ville, cela repr\u00e9sente un co\u00fbt de 180\u00a0euros par jeune, dont deux fois 30\u00a0euros le passage d\u2019examen, une somme qui constitue pour beaucoup de familles un v\u00e9ritable frein\u00a0\u00bb, poursuit Hedi Ramdane. Le permis, lui, peut par ailleurs \u00eatre financ\u00e9 pour certains projets professionnels par la Mission locale via le Fonds d\u2019aide aux jeunes.<\/p>\n<p>Si la date limite d\u2019inscription \u00e9tait fix\u00e9e au 15\u00a0juin, il peut encore rester des cr\u00e9neaux. Informations par mail \u00e0 <a href=\"https:\/\/www.laprovence.com\/cdn-cgi\/l\/email-protection\" class=\"__cf_email__\" data-cfemail=\"05666a616061606964776a7071604568647776606c6969602b6377\" rel=\"nofollow noopener\" target=\"_blank\">[email\u00a0protected]<\/a> ou par t\u00e9l\u00e9phone au service des politiques jeunesse\u00a0: 04\u00a091\u00a055\u00a044\u00a053.<\/p>\n","protected":false},"excerpt":{"rendered":"Durant les vacances scolaires, les sessions de formation au code de la route se d\u00e9roulent le matin ou&hellip;\n","protected":false},"author":2,"featured_media":178905,"comment_status":"","ping_status":"","sticky":false,"template":"","format":"standard","meta":{"footnotes":""},"categories":[2814],"tags":[17,1111,11,11543,1777,674,590,1011,27,151,884,12,471,882,16,25,209,4824],"class_list":{"0":"post-178904","1":"post","2":"type-post","3":"status-publish","4":"format-standard","5":"has-post-thumbnail","7":"category-marseille","8":"tag-17","9":"tag-actu","10":"tag-actualites","11":"tag-code","12":"tag-eu","13":"tag-europe","14":"tag-finance","15":"tag-fr","16":"tag-france","17":"tag-les","18":"tag-marseille","19":"tag-news","20":"tag-pour","21":"tag-provence-alpes-cote-dazur","22":"tag-region","23":"tag-republique-francaise","24":"tag-route","25":"tag-ville"},"share_on_mastodon":{"url":"https:\/\/pubeurope.com\/@fr\/114688658232828001","error":""},"_links":{"self":[{"href":"https:\/\/www.europesays.com\/fr\/wp-json\/wp\/v2\/posts\/178904","targetHints":{"allow":["GET"]}}],"collection":[{"href":"https:\/\/www.europesays.com\/fr\/wp-json\/wp\/v2\/posts"}],"about":[{"href":"https:\/\/www.europesays.com\/fr\/wp-json\/wp\/v2\/types\/post"}],"author":[{"embeddable":true,"href":"https:\/\/www.europesays.com\/fr\/wp-json\/wp\/v2\/users\/2"}],"replies":[{"embeddable":true,"href":"https:\/\/www.europesays.com\/fr\/wp-json\/wp\/v2\/comments?post=178904"}],"version-history":[{"count":0,"href":"https:\/\/www.europesays.com\/fr\/wp-json\/wp\/v2\/posts\/178904\/revisions"}],"wp:featuredmedia":[{"embeddable":true,"href":"https:\/\/www.europesays.com\/fr\/wp-json\/wp\/v2\/media\/178905"}],"wp:attachment":[{"href":"https:\/\/www.europesays.com\/fr\/wp-json\/wp\/v2\/media?parent=178904"}],"wp:term":[{"taxonomy":"category","embeddable":true,"href":"https:\/\/www.europesays.com\/fr\/wp-json\/wp\/v2\/categories?post=178904"},{"taxonomy":"post_tag","embeddable":true,"href":"https:\/\/www.europesays.com\/fr\/wp-json\/wp\/v2\/tags?post=178904"}],"curies":[{"name":"wp","href":"https:\/\/api.w.org\/{rel}","templated":true}]}}