{"id":17891,"date":"2025-04-11T17:51:08","date_gmt":"2025-04-11T17:51:08","guid":{"rendered":"https:\/\/www.europesays.com\/fr\/17891\/"},"modified":"2025-04-11T17:51:08","modified_gmt":"2025-04-11T17:51:08","slug":"une-dizaine-de-departements-en-vigilance-ce-samedi-voici-a-quoi-sattendre","status":"publish","type":"post","link":"https:\/\/www.europesays.com\/fr\/17891\/","title":{"rendered":"une dizaine de d\u00e9partements en vigilance ce samedi, voici \u00e0 quoi s&rsquo;attendre"},"content":{"rendered":"<p>            Par<br \/>\n        <strong><br \/>\n            <a href=\"https:\/\/actu.fr\/auteur\/lea-giandomenico\" title=\"Consulter tous les articles de L\u00e9a Giandomenico\" target=\"_blank\" rel=\"noopener\">L\u00e9a Giandomenico<\/a><br \/>\n        <\/strong><\/p>\n<p>        Publi\u00e9 le<\/p>\n<p>            11 avr. 2025 \u00e0 16h04        <\/p>\n<p>Le soleil \u00e9tait fort appr\u00e9ciable ces derni\u00e8res semaines, mais malheureusement cela ne va pas durer. Une perturbation va concerner toute la France d\u00e8s ce samedi 12 avril 2025 avec une m\u00e9t\u00e9o \u00ab\u00a0instable et pluvieuse\u00a0\u00bb, <a href=\"https:\/\/actu.fr\/meteo\/un-temps-globalement-pourri-orages-et-averses-ce-week-end-en-france-voici-les-regions-qui-seront-touchees_62492800.html\" target=\"_blank\" rel=\"noopener\">comme nous l\u2019expliquions dans un pr\u00e9c\u00e9dent article.\u00a0<\/a><\/p>\n<p>10 d\u00e9partements en jaune pour orages<\/p>\n<p class=\" wall-content\">Des orages vont m\u00eame s\u2019inviter sur une bonne partie du territoire : dix d\u00e9partements sont d\u00e9j\u00e0 plac\u00e9s en vigilance jaune pour ce ph\u00e9nom\u00e8ne samedi, <a href=\"https:\/\/vigilance.meteofrance.fr\/fr\/vigilance-accessible\" target=\"_blank\" rel=\"noopener\">selon M\u00e9t\u00e9o-France.<\/a><\/p>\n<p class=\" wall-content\">Il s\u2019agit des d\u00e9partements suivants : Corr\u00e8ze, Dordogne, Gers, Landes, Lot, Lot-et-Garonne, Pyr\u00e9n\u00e9es-Atlantiques, Hautes-Pyr\u00e9n\u00e9es, Tarn-et-Garonne, Haute-Vienne.<\/p>\n<p class=\" wall-content\">D\u2019autres d\u00e9partements sont aussi concern\u00e9s par des vigilances avalanche. Voici la liste de toutes les vigilances pour ce samedi.<\/p>\n<p>Les vigilances de ce samedi<\/p>\n<p>Alpes-de-Haute-Provence : Avalanches<br \/>Hautes-Alpes : Avalanches<br \/>Alpes-Maritimes : Avalanches<br \/>Corr\u00e8ze : Orages<br \/>Corse-du-Sud : Avalanches<br \/>Haute-Corse : Avalanches<br \/>Dordogne : Orages<br \/>Gers : Orages<br \/>Is\u00e8re : Avalanches<br \/>Landes : Orages<br \/>Lot : Orages<br \/>Lot-et-Garonne : Orages<br \/>Pyr\u00e9n\u00e9es-Atlantiques : Orages<br \/>Hautes-Pyr\u00e9n\u00e9es : Orages<br \/>Savoie : Avalanches<br \/>Tarn-et-Garonne : Orages<br \/>Haute-Vienne : Orages<\/p>\n<p class=\" wall-content\">Concr\u00e8tement, un temps \u00ab\u00a0globalement pourri\u00a0\u00bb va se mettre en place d\u00e8s ce vendredi soir, cons\u00e9quence de la temp\u00eate Olivier, sous la forme de nuages \u00ab\u2009au pied des Pyr\u00e9n\u00e9es\u2009\u00bb et accompagn\u00e9s \u00ab\u2009des premi\u00e8res averses\u2009\u00bb, d\u00e9taille Yann Amice.<\/p>\n<p>Vid\u00e9os : en ce moment sur Actu<\/p>\n<p class=\" wall-content\">Puis, dans la nuit de vendredi 11 \u00e0 samedi 12, cette perturbation va remonter sur le sud-ouest et \u00ab\u2009se placer sur la pointe bretonne\u2009\u00bb, poursuit le fondateur de\u00a0Weather\u2019N\u2019Co.<\/p>\n<p>Orages entre le sud et le Centre<\/p>\n<p class=\" wall-content\">C\u2019est samedi apr\u00e8s-midi que tout se corse\u2009: \u00e0 partir de 14\u2009h-15\u2009h, \u00ab\u2009les orages vont se manifester de mani\u00e8re sporadique\u2009\u00bb.<\/p>\n<p class=\" wall-content\">Ils ne seront en revanche pas vraiment accompagn\u00e9s de grosses pr\u00e9cipitations \u00ab\u2009car l\u2019air froid en altitude ne prend pas le relais\u2009\u00bb, poursuit l\u2019expert\u00a0m\u00e9t\u00e9o, estimant que l\u2019on aura de \u00ab\u20096 \u00e0 8\u00a0mm pendant les plus grosses p\u00e9riodes\u00a0orageuses\u2009\u00bb.<\/p>\n<p class=\" wall-content\">Ces orages ne concernent qu\u2019une partie de l\u2019Hexagone,\u00a0entre le sud-ouest et le Centre\u00a0\u00e0 peu pr\u00e8s. Il tonnera ainsi sur \u00ab\u2009une ligne\u00a0Bordeaux\u00a0\u2013 Limoges \u2013\u00a0Orl\u00e9ans\u2009\u00bb, avant que ces orages ne remontent jusqu\u2019au bassin parisien en fin de journ\u00e9e samedi, \u00ab\u2009vers 18\u2009h \u2013 20\u2009h\u2009\u00bb.<\/p>\n<p class=\" wall-content\">Puis, dimanche 13 avril 2025, cette activit\u00e9 \u00ab\u2009instable et pluvieuse\u2009\u00bb va se d\u00e9caler vers la partie est de la France. Les r\u00e9gions touch\u00e9es par les orages\u2009? \u00ab\u2009Le Massif central, l\u2019Occitanie, l\u2019Auvergne-Rh\u00f4ne-Alpes, les Alpes et les Alpes-Maritimes\u2009\u00bb, nous r\u00e9pond Yann Amice. Pr\u00e9voyez de quoi vous occuper en int\u00e9rieur pour ce week-end, donc.<\/p>\n<p class=\" wall-content\">Suivez toute l\u2019actualit\u00e9 de vos villes et m\u00e9dias favoris en vous inscrivant \u00e0 <a href=\"https:\/\/moncompte.actu.fr\" title=\"D\u00e9couvez Mon Actu\" rel=\"nofollow noopener\" data-trk=\"{&quot;cta&quot;:{&quot;action&quot;:&quot;https:\\\/\\\/moncompte.actu.fr&quot;,&quot;category&quot;:&quot;mon compte&quot;,&quot;from&quot;:&quot;article footer&quot;,&quot;name&quot;:&quot;Mon actu&quot;,&quot;type&quot;:&quot;cta&quot;}}\" target=\"_blank\">Mon Actu<\/a>.<\/p>\n","protected":false},"excerpt":{"rendered":"Par L\u00e9a Giandomenico Publi\u00e9 le 11 avr. 2025 \u00e0 16h04 Le soleil \u00e9tait fort appr\u00e9ciable ces derni\u00e8res semaines,&hellip;\n","protected":false},"author":2,"featured_media":17892,"comment_status":"","ping_status":"","sticky":false,"template":"","format":"standard","meta":{"footnotes":""},"categories":[4],"tags":[11,1011,27,2487,2357,12,4594,4459,25],"class_list":{"0":"post-17891","1":"post","2":"type-post","3":"status-publish","4":"format-standard","5":"has-post-thumbnail","7":"category-france","8":"tag-actualites","9":"tag-fr","10":"tag-france","11":"tag-meteo","12":"tag-meteo-france","13":"tag-news","14":"tag-orages","15":"tag-pluie","16":"tag-republique-francaise"},"share_on_mastodon":{"url":"https:\/\/pubeurope.com\/@fr\/114320604089338588","error":""},"_links":{"self":[{"href":"https:\/\/www.europesays.com\/fr\/wp-json\/wp\/v2\/posts\/17891","targetHints":{"allow":["GET"]}}],"collection":[{"href":"https:\/\/www.europesays.com\/fr\/wp-json\/wp\/v2\/posts"}],"about":[{"href":"https:\/\/www.europesays.com\/fr\/wp-json\/wp\/v2\/types\/post"}],"author":[{"embeddable":true,"href":"https:\/\/www.europesays.com\/fr\/wp-json\/wp\/v2\/users\/2"}],"replies":[{"embeddable":true,"href":"https:\/\/www.europesays.com\/fr\/wp-json\/wp\/v2\/comments?post=17891"}],"version-history":[{"count":0,"href":"https:\/\/www.europesays.com\/fr\/wp-json\/wp\/v2\/posts\/17891\/revisions"}],"wp:featuredmedia":[{"embeddable":true,"href":"https:\/\/www.europesays.com\/fr\/wp-json\/wp\/v2\/media\/17892"}],"wp:attachment":[{"href":"https:\/\/www.europesays.com\/fr\/wp-json\/wp\/v2\/media?parent=17891"}],"wp:term":[{"taxonomy":"category","embeddable":true,"href":"https:\/\/www.europesays.com\/fr\/wp-json\/wp\/v2\/categories?post=17891"},{"taxonomy":"post_tag","embeddable":true,"href":"https:\/\/www.europesays.com\/fr\/wp-json\/wp\/v2\/tags?post=17891"}],"curies":[{"name":"wp","href":"https:\/\/api.w.org\/{rel}","templated":true}]}}