{"id":178914,"date":"2025-06-15T17:57:11","date_gmt":"2025-06-15T17:57:11","guid":{"rendered":"https:\/\/www.europesays.com\/fr\/178914\/"},"modified":"2025-06-15T17:57:11","modified_gmt":"2025-06-15T17:57:11","slug":"la-femme-blessee-ce-vendredi-a-paris-est-decedee","status":"publish","type":"post","link":"https:\/\/www.europesays.com\/fr\/178914\/","title":{"rendered":"la femme bless\u00e9e ce vendredi \u00e0 Paris est d\u00e9c\u00e9d\u00e9e"},"content":{"rendered":"<p>En compagnie d&rsquo;un groupe d&rsquo;amis, une femme avait \u00e9t\u00e9 frapp\u00e9e \u00e0 la t\u00eate par une branche d&rsquo;arbre foudroy\u00e9 vendredi soir 13 juin \u00e0 Paris, selon la brigade des sapeurs-pompiers de Paris. Elle d\u00e9c\u00e9d\u00e9e des suites de ses blessures.\u00a0<\/p>\n<p>Le bilan passe \u00e0 2 morts<\/p>\n<p>L&rsquo;accident est survenu dans le 5e arrondissement, vers 23h00. Une enqu\u00eate pour recherche des causes de la mort a \u00e9t\u00e9 confi\u00e9e au commissariat des 5e et 6e arrondissements.<\/p>\n<p>Le bilan des orages passe donc \u00e0 deux morts, avec <a href=\"https:\/\/www.laprovence.com\/article\/faits-divers-justice\/10321023003714\/orages-en-ile-de-france-un-homme-tue-par-un-arbre-foudroye-dans-les-yvelines-une-femme-dans-le-coma-a-paris\" target=\"_blank\" rel=\"noopener\">le d\u00e9c\u00e8s \u00e0 Grandchamp dans les Yvelines<\/a> d&rsquo;un homme de 68 ans qui s&rsquo;\u00e9tait r\u00e9fugi\u00e9 dans un pavillon de chasse avec six personnes, lorsqu&rsquo;un arbre, frapp\u00e9 par la foudre, s&rsquo;est effondr\u00e9 sur la b\u00e2tisse.<\/p>\n","protected":false},"excerpt":{"rendered":"En compagnie d&rsquo;un groupe d&rsquo;amis, une femme avait \u00e9t\u00e9 frapp\u00e9e \u00e0 la t\u00eate par une branche d&rsquo;arbre foudroy\u00e9&hellip;\n","protected":false},"author":2,"featured_media":178915,"comment_status":"","ping_status":"","sticky":false,"template":"","format":"standard","meta":{"footnotes":""},"categories":[1592],"tags":[17,1111,11,10620,932,1777,674,274,1294,1011,27,662,12,4594,626,25,6949],"class_list":{"0":"post-178914","1":"post","2":"type-post","3":"status-publish","4":"format-standard","5":"has-post-thumbnail","7":"category-ile-de-france","8":"tag-17","9":"tag-actu","10":"tag-actualites","11":"tag-blessee","12":"tag-est","13":"tag-eu","14":"tag-europe","15":"tag-faits-divers-justice","16":"tag-femme","17":"tag-fr","18":"tag-france","19":"tag-ile-de-france","20":"tag-news","21":"tag-orages","22":"tag-paris","23":"tag-republique-francaise","24":"tag-vendredi"},"share_on_mastodon":{"url":"https:\/\/pubeurope.com\/@fr\/114688678263223947","error":""},"_links":{"self":[{"href":"https:\/\/www.europesays.com\/fr\/wp-json\/wp\/v2\/posts\/178914","targetHints":{"allow":["GET"]}}],"collection":[{"href":"https:\/\/www.europesays.com\/fr\/wp-json\/wp\/v2\/posts"}],"about":[{"href":"https:\/\/www.europesays.com\/fr\/wp-json\/wp\/v2\/types\/post"}],"author":[{"embeddable":true,"href":"https:\/\/www.europesays.com\/fr\/wp-json\/wp\/v2\/users\/2"}],"replies":[{"embeddable":true,"href":"https:\/\/www.europesays.com\/fr\/wp-json\/wp\/v2\/comments?post=178914"}],"version-history":[{"count":0,"href":"https:\/\/www.europesays.com\/fr\/wp-json\/wp\/v2\/posts\/178914\/revisions"}],"wp:featuredmedia":[{"embeddable":true,"href":"https:\/\/www.europesays.com\/fr\/wp-json\/wp\/v2\/media\/178915"}],"wp:attachment":[{"href":"https:\/\/www.europesays.com\/fr\/wp-json\/wp\/v2\/media?parent=178914"}],"wp:term":[{"taxonomy":"category","embeddable":true,"href":"https:\/\/www.europesays.com\/fr\/wp-json\/wp\/v2\/categories?post=178914"},{"taxonomy":"post_tag","embeddable":true,"href":"https:\/\/www.europesays.com\/fr\/wp-json\/wp\/v2\/tags?post=178914"}],"curies":[{"name":"wp","href":"https:\/\/api.w.org\/{rel}","templated":true}]}}