{"id":178916,"date":"2025-06-15T17:58:11","date_gmt":"2025-06-15T17:58:11","guid":{"rendered":"https:\/\/www.europesays.com\/fr\/178916\/"},"modified":"2025-06-15T17:58:11","modified_gmt":"2025-06-15T17:58:11","slug":"deux-morts-plus-de-70-000-eclairs-des-degats-le-bilan-des-orages-qui-ont-frappe-la-france-ce-week-end","status":"publish","type":"post","link":"https:\/\/www.europesays.com\/fr\/178916\/","title":{"rendered":"Deux morts, plus de 70 000 \u00e9clairs, des d\u00e9g\u00e2ts\u2026 Le bilan des orages qui ont frapp\u00e9 la France ce week-end"},"content":{"rendered":"<p>            Par<br \/>\n        <strong><br \/>\n            <a href=\"https:\/\/actu.fr\/auteur\/anne-laure-petit-henon\" title=\"Consulter tous les articles de Anne-Laure Petit-H\u00e9non\" target=\"_blank\" rel=\"noopener\">Anne-Laure Petit-H\u00e9non<\/a><br \/>\n        <\/strong><\/p>\n<p>        Publi\u00e9 le<\/p>\n<p>            15 juin 2025 \u00e0 19h10        <\/p>\n<p>Pour ce week-end de la mi-juin, il y avait de l\u2019\u00e9lectricit\u00e9 dans l\u2019air. La France a \u00e9t\u00e9 travers\u00e9e d\u2019ouest en est par deux d\u00e9gradations orageuses qui ont apport\u00e9 dans leurs sillages vent et gr\u00eale. Un <a href=\"https:\/\/actu.fr\/meteo\/un-cocktail-explosif-des-orages-parfois-tres-violents-prevus-partout-en-france-cette-semaine-voici-ou_62755850.html\" target=\"_blank\" rel=\"noopener\">\u00ab\u2009cocktail explosif\u2009\u00bb<\/a> anticip\u00e9, mais qui a fait du d\u00e9g\u00e2t.<\/p>\n<p class=\" wall-content\">Comme l\u2019indique<a href=\"https:\/\/www.keraunos.org\/orages-en-direct-france-foudre-statistiques-eclairs-temps-reel-activite-electrique-suivi-13-juin-2025.html\" target=\"_blank\" rel=\"noopener\"> le site Keraunos<\/a>, sp\u00e9cialis\u00e9 dans les ph\u00e9nom\u00e8nes violents et les orages, la France a \u00e9t\u00e9 frapp\u00e9e par <strong>plus de 70\u2009000 \u00e9clairs en trois jours<\/strong>. Retour sur un week-end mouvement\u00e9.<\/p>\n<p>Deux morts<\/p>\n<p class=\" wall-content\">Lors de ces violents orages, <strong>deux personnes ont perdu la vie<\/strong> en r\u00e9gion parisienne.<\/p>\n<p class=\" wall-content\">Dans les Yvelines,<strong> un homme de 68\u00a0ans<\/strong> d\u00e9c\u00e9d\u00e9 au soir du vendredi 13\u00a0juin, comme le rapporte <a href=\"https:\/\/actu.fr\/ile-de-france\/grandchamp_78283\/orage-dans-les-yvelines-un-homme-tue-par-la-chute-dun-arbre-sur-un-pavillon-de-chasse_62773361.html\" target=\"_blank\" rel=\"noopener\">78actu<\/a>. L\u2019homme avait trouv\u00e9 refuge dans un pavillon de chasse avec deux autres personnes. Frapp\u00e9 par la foudre, un arbre s\u2019est abattu et sous la violence du choc, le toit s\u2019est effondr\u00e9, tuant l\u2019homme sur le coup.<\/p>\n<p class=\" wall-content\">\u00c0 Paris, dans la nuit du vendredi\u00a013 au samedi 14\u00a0juin, <strong>une jeune femme de 20\u00a0ans<\/strong> avait \u00e9t\u00e9 gravement bless\u00e9e apr\u00e8s la chute d\u2019une branche d\u2019arbre. Elle est d\u00e9c\u00e9d\u00e9e ce dimanche des suites de ses blessures, comme l\u2019indique <a href=\"https:\/\/actu.fr\/ile-de-france\/paris_75056\/orages-a-paris-une-femme-gravement-blessee-apres-la-chute-d-une-branche-d-arbre-frappe-par-la-foudre_62773338.html\" target=\"_blank\" rel=\"noopener\">actu Paris<\/a>.<\/p>\n<p>Vid\u00e9os : en ce moment sur ActuDe la gr\u00eale en Normandie<\/p>\n<p class=\" wall-content\">Vendredi 13\u00a0juin, une premi\u00e8re d\u00e9gradation orageuse arriv\u00e9e par la Bretagne. Les Rennais ont d\u2019ailleurs vu un<strong> arcus mena\u00e7ant<\/strong> se former dans le ciel, annon\u00e7ant l\u2019arriv\u00e9e de l\u2019orage, comme l\u2019explique notre r\u00e9daction d\u2019<a href=\"https:\/\/actu.fr\/bretagne\/rennes_35238\/un-petit-air-apocalyptique-c-est-quoi-ce-gros-nuage-observe-dans-le-ciel-a-rennes_62773340.html\" target=\"_blank\" rel=\"noopener\">actu Rennes<\/a>.<\/p>\n<p>    <img   decoding=\"async\" loading=\"lazy\" src=\"https:\/\/www.europesays.com\/fr\/wp-content\/uploads\/2025\/06\/arcus-rennes-2-960x640.jpg\" alt=\"xxx\" width=\"960\" height=\"640\"\/><br \/>\n    Un arcus est un ph\u00e9nom\u00e8ne m\u00e9t\u00e9o courant. (\u00a9Laur\u00e8ne Fertin \u2013 actu Rennes)<\/p>\n<p class=\" wall-content\">Celle-ci remontait ensuite vers le nord, en passant par la<strong> Normandie<\/strong>, qui a lourdement \u00e9t\u00e9 impact\u00e9e par des chutes de gr\u00eales. Des commerces ont \u00e9t\u00e9 touch\u00e9s \u00e0 Alen\u00e7on, d\u00e9crit <a href=\"https:\/\/actu.fr\/normandie\/alencon_61001\/video-plafond-effondre-sol-inonde-a-alencon-des-commerces-touches-par-les-forts-orages_62773594.html\" target=\"_blank\" rel=\"noopener\">l\u2019Orne hebdo<\/a>. \u00c0 Flers, la gr\u00eale a transperc\u00e9 des toitures d\u2019habitations, rapporte <a href=\"https:\/\/actu.fr\/normandie\/flers_61169\/video-violents-orages-a-flers-toits-perces-arbres-tombes-rues-inondees-les-images-dune-nuit-cauchemar_62773779.html\" target=\"_blank\" rel=\"noopener\">l\u2019Orne combattante<\/a>.<\/p>\n<p class=\" wall-content\">En <strong>Seine-Maritime<\/strong>, dans le pays de Bray, des vents violents ont \u00e9t\u00e9 relev\u00e9s. Et une grange a pris feu, entra\u00eenant la mort de trois veaux, selon notre r\u00e9daction <a href=\"https:\/\/actu.fr\/normandie\/forges-les-eaux_76276\/orages-incendie-dans-une-ferme-veaux-morts-coulee-de-boue-le-deluge-autour-de-forges-les-eaux_62773320.html\" target=\"_blank\" rel=\"noopener\">L\u2019\u00c9claireur la D\u00e9p\u00eache<\/a> qui d\u00e9crit un \u00ab\u2009d\u00e9luge\u2009\u00bb.<\/p>\n<p>Un d\u00e9luge en Aquitaine<\/p>\n<p class=\" wall-content\">La <strong>deuxi\u00e8me d\u00e9gradation orageuse<\/strong>, elle, arrivait par l\u2019Espagne et touchait surtout l\u2019Aquitaine.<\/p>\n<blockquote class=\"tiktok-embed\" cite=\"https:\/\/www.tiktok.com\/@actubordeaux\/video\/7515582076448427286\" data-video-id=\"7515582076448427286\" data-embed-from=\"oembed\" style=\"max-width:605px; min-width:325px;\"><p>\n<a target=\"_blank\" title=\"@actubordeaux\" href=\"https:\/\/www.tiktok.com\/@actubordeaux?refer=embed\" rel=\"noopener\">@actubordeaux<\/a> <\/p>\n<p>Un d\u00e9luge s\u2019est abattu sur Bordeaux dans la soir\u00e9e du vendredi 13 juin, avec orages, vents violents, fortes pr\u00e9cipitations et averses de gr\u00eale  \u26c8 <a title=\"fyp\" target=\"_blank\" href=\"https:\/\/www.tiktok.com\/tag\/fyp?refer=embed\" rel=\"noopener\">#fyp<\/a> <a title=\"fu\" target=\"_blank\" href=\"https:\/\/www.tiktok.com\/tag\/fu?refer=embed\" rel=\"noopener\">#fu<\/a> <a title=\"f\" target=\"_blank\" href=\"https:\/\/www.tiktok.com\/tag\/f?refer=embed\" rel=\"noopener\">#f<\/a> <a title=\"for\" target=\"_blank\" href=\"https:\/\/www.tiktok.com\/tag\/for?refer=embed\" rel=\"noopener\">#for<\/a> <a title=\"foru\" target=\"_blank\" href=\"https:\/\/www.tiktok.com\/tag\/foru?refer=embed\" rel=\"noopener\">#foru<\/a> <a title=\"meteo\" target=\"_blank\" href=\"https:\/\/www.tiktok.com\/tag\/meteo?refer=embed\" rel=\"noopener\">#meteo<\/a> <a title=\"orage\" target=\"_blank\" href=\"https:\/\/www.tiktok.com\/tag\/orage?refer=embed\" rel=\"noopener\">#orage<\/a> <a title=\"grele\" target=\"_blank\" href=\"https:\/\/www.tiktok.com\/tag\/grele?refer=embed\" rel=\"noopener\">#grele<\/a> <a title=\"pluie\" target=\"_blank\" href=\"https:\/\/www.tiktok.com\/tag\/pluie?refer=embed\" rel=\"noopener\">#pluie<\/a> <a title=\"bordeaux\" target=\"_blank\" href=\"https:\/\/www.tiktok.com\/tag\/bordeaux?refer=embed\" rel=\"noopener\">#bordeaux<\/a> <a title=\"gironde\" target=\"_blank\" href=\"https:\/\/www.tiktok.com\/tag\/gironde?refer=embed\" rel=\"noopener\">#gironde<\/a> <\/p>\n<p> <a target=\"_blank\" title=\"\u266c Central Cee - bitchbaby\" href=\"https:\/\/www.tiktok.com\/music\/Central-Cee-7448679093288110081?refer=embed\" rel=\"noopener\">\u266c Central Cee \u2013 bitchbaby<\/a> <\/p>\n<\/blockquote>\n<p class=\" wall-content\">Un d\u00e9luge qui a frapp\u00e9 la premi\u00e8re soir\u00e9e du <strong>festival<\/strong> Madame Loyal \u00e0 Bordeaux.<\/p>\n<p class=\" wall-content\">Alors que l\u2019interdiction de tenir des \u00e9v\u00e9nements en ext\u00e9rieur tombe \u00e0 18\u00a0heures, les organisateurs n\u2019ont eu que quelques secondes pour r\u00e9agir et trouver une solution pour maintenir l\u2019\u00e9v\u00e9nement \u00e0 l\u2019int\u00e9rieur. Une course contre-la-montre racont\u00e9e par<a href=\"https:\/\/actu.fr\/nouvelle-aquitaine\/bordeaux_33063\/video-l-orage-s-abat-sur-le-festival-madame-loyal-tout-a-bascule-en-quelques-heures_62775359.html\" target=\"_blank\" rel=\"noopener\"> actu Bordeaux<\/a>.<\/p>\n<p>Et maintenant\u2009?<\/p>\n<p class=\" wall-content\">Apr\u00e8s ce week-end rythm\u00e9 par les orages, c\u2019est la chaleur qui dominera la semaine prochaine. Comme nous l\u2019expliquions <a href=\"https:\/\/actu.fr\/meteo\/pompe-a-chaleur-plus-de-35-c-vers-une-canicule-en-france-cette-semaine-voici-ou-il-va-faire-tres-chaud_62775090.html\" target=\"_blank\" rel=\"noopener\">dans cet article<\/a>, la France va subir sa <strong>premi\u00e8re canicule<\/strong> de la saison.<\/p>\n<p class=\" wall-content\">Si le d\u00e9but de semaine sera classique, <strong>\u00e0 compter de jeudi<\/strong>, M\u00e9t\u00e9o France anticipe une vague de chaleur.<\/p>\n<p class=\" wall-content\">\u00ab\u2009Entre le 20 et le 23\u00a0juin, il y aura une probabilit\u00e9 tr\u00e8s \u00e9lev\u00e9e de franchir les 35 \u00e0 38\u00b0C sur les r\u00e9gions sud et sud-ouest de la France (et donc de subir une canicule). Et <strong>les plus de 30\u00b0C seront atteints<\/strong> dans de nombreuses r\u00e9gions\u2009\u00bb, selon le m\u00e9t\u00e9orologue Yann Amice.<\/p>\n<p class=\" wall-content\">Suivez toute l\u2019actualit\u00e9 de vos villes et m\u00e9dias favoris en vous inscrivant \u00e0 <a href=\"https:\/\/moncompte.actu.fr\" title=\"D\u00e9couvez Mon Actu\" rel=\"nofollow noopener\" data-trk=\"{&quot;cta&quot;:{&quot;action&quot;:&quot;https:\\\/\\\/moncompte.actu.fr&quot;,&quot;category&quot;:&quot;mon compte&quot;,&quot;from&quot;:&quot;article footer&quot;,&quot;name&quot;:&quot;Mon actu&quot;,&quot;type&quot;:&quot;cta&quot;}}\" target=\"_blank\">Mon Actu<\/a>.<\/p>\n<p>                    <script async src=\"\/\/www.tiktok.com\/embed.js\"><\/script><\/p>\n","protected":false},"excerpt":{"rendered":"Par Anne-Laure Petit-H\u00e9non Publi\u00e9 le 15 juin 2025 \u00e0 19h10 Pour ce week-end de la mi-juin, il y&hellip;\n","protected":false},"author":2,"featured_media":176882,"comment_status":"","ping_status":"","sticky":false,"template":"","format":"standard","meta":{"footnotes":""},"categories":[1888],"tags":[1111,1928,11,1927,1777,674,1011,27,2487,2357,12,1926,4594,626,1925,25],"class_list":{"0":"post-178916","1":"post","2":"type-post","3":"status-publish","4":"format-standard","5":"has-post-thumbnail","7":"category-paris","8":"tag-actu","9":"tag-actu-paris","10":"tag-actualites","11":"tag-actualites-paris","12":"tag-eu","13":"tag-europe","14":"tag-fr","15":"tag-france","16":"tag-meteo","17":"tag-meteo-france","18":"tag-news","19":"tag-news-paris","20":"tag-orages","21":"tag-paris","22":"tag-paris-news","23":"tag-republique-francaise"},"share_on_mastodon":{"url":"https:\/\/pubeurope.com\/@fr\/114688681860964596","error":""},"_links":{"self":[{"href":"https:\/\/www.europesays.com\/fr\/wp-json\/wp\/v2\/posts\/178916","targetHints":{"allow":["GET"]}}],"collection":[{"href":"https:\/\/www.europesays.com\/fr\/wp-json\/wp\/v2\/posts"}],"about":[{"href":"https:\/\/www.europesays.com\/fr\/wp-json\/wp\/v2\/types\/post"}],"author":[{"embeddable":true,"href":"https:\/\/www.europesays.com\/fr\/wp-json\/wp\/v2\/users\/2"}],"replies":[{"embeddable":true,"href":"https:\/\/www.europesays.com\/fr\/wp-json\/wp\/v2\/comments?post=178916"}],"version-history":[{"count":0,"href":"https:\/\/www.europesays.com\/fr\/wp-json\/wp\/v2\/posts\/178916\/revisions"}],"wp:featuredmedia":[{"embeddable":true,"href":"https:\/\/www.europesays.com\/fr\/wp-json\/wp\/v2\/media\/176882"}],"wp:attachment":[{"href":"https:\/\/www.europesays.com\/fr\/wp-json\/wp\/v2\/media?parent=178916"}],"wp:term":[{"taxonomy":"category","embeddable":true,"href":"https:\/\/www.europesays.com\/fr\/wp-json\/wp\/v2\/categories?post=178916"},{"taxonomy":"post_tag","embeddable":true,"href":"https:\/\/www.europesays.com\/fr\/wp-json\/wp\/v2\/tags?post=178916"}],"curies":[{"name":"wp","href":"https:\/\/api.w.org\/{rel}","templated":true}]}}