{"id":178923,"date":"2025-06-15T18:02:13","date_gmt":"2025-06-15T18:02:13","guid":{"rendered":"https:\/\/www.europesays.com\/fr\/178923\/"},"modified":"2025-06-15T18:02:13","modified_gmt":"2025-06-15T18:02:13","slug":"zelensky-participe-au-g7-au-canada-poutine-souhaite-un-joyeux-anniversaire-a-trump","status":"publish","type":"post","link":"https:\/\/www.europesays.com\/fr\/178923\/","title":{"rendered":"Zelensky participe au G7 au Canada, Poutine souhaite un joyeux anniversaire \u00e0 Trump"},"content":{"rendered":"<p><strong>Recap &#8211; \u00ab 20 Minutes \u00bb fait le point pour vous tous les soirs sur le conflit en Ukraine. Ce dimanche, Kiev a annonc\u00e9 avoir re\u00e7u un nouveau lot de 1.200 corps de la Russie<\/strong><\/p>\n<p>Vous avez rat\u00e9 les derniers \u00e9v\u00e9nements sur la <a href=\"https:\/\/www.20minutes.fr\/monde\/ukraine\/?at_medium=RSS%20feed&amp;at_campaign=ynews&amp;utm_source=yahoo&amp;utm_medium=rss&amp;utm_campaign=news_feed&amp;utm_content=in_article_link\" rel=\"nofollow noopener\" target=\"_blank\" data-ylk=\"slk:guerre en Ukraine;elm:context_link;itc:0;sec:content-canvas\" class=\"link \">guerre en Ukraine<\/a> ? 20 Minutes fait le point pour vous tous les soirs. Voici l\u2019essentiel de ce dimanche 15 juin 2025, 1.208e jour du conflit.<\/p>\n<p>Le fait du jour<\/p>\n<p>Le G7 se tient \u00e0 partir de dimanche au <a href=\"https:\/\/www.20minutes.fr\/dossier\/canada?at_medium=RSS%20feed&amp;at_campaign=ynews&amp;utm_source=yahoo&amp;utm_medium=rss&amp;utm_campaign=news_feed&amp;utm_content=in_article_link\" rel=\"nofollow noopener\" target=\"_blank\" data-ylk=\"slk:Canada;elm:context_link;itc:0;sec:content-canvas\" class=\"link \">Canada<\/a>. La pr\u00e9sence du pr\u00e9sident <a href=\"https:\/\/www.20minutes.fr\/monde\/volodymyr-zelensky\/?at_medium=RSS%20feed&amp;at_campaign=ynews&amp;utm_source=yahoo&amp;utm_medium=rss&amp;utm_campaign=news_feed&amp;utm_content=in_article_link\" rel=\"nofollow noopener\" target=\"_blank\" data-ylk=\"slk:Volodymyr Zelensky;elm:context_link;itc:0;sec:content-canvas\" class=\"link \">Volodymyr Zelensky<\/a> est un signe du soutien continu du <a href=\"https:\/\/www.20minutes.fr\/economie\/g7\/?at_medium=RSS%20feed&amp;at_campaign=ynews&amp;utm_source=yahoo&amp;utm_medium=rss&amp;utm_campaign=news_feed&amp;utm_content=in_article_link\" rel=\"nofollow noopener\" target=\"_blank\" data-ylk=\"slk:G7;elm:context_link;itc:0;sec:content-canvas\" class=\"link \">G7<\/a> \u00e0 l\u2019Ukraine dans sa lutte contre l\u2019invasion russe, malgr\u00e9 le scepticisme de Donald Trump. Le pr\u00e9sident am\u00e9ricain, qui a remis en cause l\u2019aide militaire et financi\u00e8re fournie \u00e0 l\u2019Ukraine, critique r\u00e9guli\u00e8rement Volodymyr Zelensky.<\/p>\n<p>Le pr\u00e9sident ukrainien compte utiliser le sommet pour plaider en faveur de sanctions am\u00e9ricaines suppl\u00e9mentaires contre Moscou, disant esp\u00e9rer \u00ab avoir une conversation \u00bb avec Donald Trump, qui souhaite un accord de paix rapide.<\/p>\n<p>La d\u00e9claration du jour<\/p>\n<blockquote class=\"caas-blockquote\">\n<p>\u00ab Le pr\u00e9sident Poutine m\u2019a appel\u00e9 ce matin pour me souhaiter tr\u00e8s gentiment un joyeux anniversaire. \u00bb<\/p>\n<\/blockquote>\n<p><a href=\"https:\/\/www.20minutes.fr\/monde\/vladimir_poutine\/?at_medium=RSS%20feed&amp;at_campaign=ynews&amp;utm_source=yahoo&amp;utm_medium=rss&amp;utm_campaign=news_feed&amp;utm_content=in_article_link\" rel=\"nofollow noopener\" target=\"_blank\" data-ylk=\"slk:Vladimir Poutine;elm:context_link;itc:0;sec:content-canvas\" class=\"link \">Vladimir Poutine<\/a> a appel\u00e9 samedi \u00e0 son homologue am\u00e9ricain qui f\u00eatait son 79e anniversaire. Le pr\u00e9sident russe \u00ab pense, comme moi, que cette guerre Isra\u00ebl-Iran doit s\u2019arr\u00eater \u00bb, a \u00e9crit Donald Trump sur sa <a href=\"https:\/\/truthsocial.com\/@realDonaldTrump\/posts\/114683261634430212?at_medium=RSS%20feed&amp;at_campaign=ynews&amp;utm_source=yahoo&amp;utm_medium=rss&amp;utm_campaign=news_feed&amp;utm_content=in_article_link\" rel=\"nofollow noopener\" target=\"_blank\" data-ylk=\"slk:plateforme Truth Social;elm:context_link;itc:0;sec:content-canvas\" class=\"link \">plateforme Truth Social<\/a>. \u00ab Je lui ai r\u00e9pondu que sa guerre doit aussi s\u2019arr\u00eater \u00bb, a-t-il ajout\u00e9 en faisant r\u00e9f\u00e9rence au conflit entre l\u2019Ukraine et la Russie.<\/p>\n<p>Le pr\u00e9sident russe, lui, a indiqu\u00e9 au t\u00e9l\u00e9phone \u00eatre pr\u00eat \u00e0 un nouveau round de n\u00e9gociations entre la Russie et l\u2019Ukraine. Selon le Kremlin, Poutine a inform\u00e9 Donald Trump de la \u00ab mise en \u0153uvre des accords conclus lors (&#8230;)<\/p>\n<p><a href=\"https:\/\/www.20minutes.fr\/monde\/ukraine\/4158604-20250615-guerre-ukraine-zelensky-participe-g7-canada-poutine-souhaite-joyeux-anniversaire-trump?at_medium=RSS%20feed&amp;at_campaign=ynews&amp;utm_source=yahoo&amp;utm_medium=rss&amp;utm_campaign=news_feed&amp;utm_content=read_more_link\" rel=\"nofollow noopener\" target=\"_blank\" data-ylk=\"slk:Lire la suite sur 20minutes;elm:context_link;itc:0;sec:content-canvas\" class=\"link \">Lire la suite sur 20minutes<\/a><\/p>\n<p>\u00c0 lire aussi :<br \/><a href=\"https:\/\/www.20minutes.fr\/monde\/ukraine\/4148457-20250414-guerre-ukraine-zelensky-appelle-trump-venir-voir-civils-tues-poutine?at_medium=RSS%20feed&amp;at_campaign=ynews&amp;utm_source=yahoo&amp;utm_medium=rss&amp;utm_campaign=news_feed&amp;utm_content=related_content_link\" rel=\"nofollow noopener\" target=\"_blank\" data-ylk=\"slk:Guerre en Ukraine : Zelensky appelle Trump \u00e0 venir voir les civils tu\u00e9s par Poutine;elm:context_link;itc:0;sec:content-canvas\" class=\"link \">Guerre en Ukraine : Zelensky appelle Trump \u00e0 venir voir les civils tu\u00e9s par Poutine<\/a><br \/><a href=\"https:\/\/www.20minutes.fr\/monde\/ukraine\/4158239-20250615-video-guerre-ukraine-fausses-proprietes-volodymyr-zelensky-service-discours-pro-russe?at_medium=RSS%20feed&amp;at_campaign=ynews&amp;utm_source=yahoo&amp;utm_medium=rss&amp;utm_campaign=news_feed&amp;utm_content=related_content_link\" rel=\"nofollow noopener\" target=\"_blank\" data-ylk=\"slk:VIDEO. Guerre en Ukraine : Les fausses propri\u00e9t\u00e9s de Volodymyr Zelensky au service du discours pro-russe;elm:context_link;itc:0;sec:content-canvas\" class=\"link \">VIDEO. Guerre en Ukraine : Les fausses propri\u00e9t\u00e9s de Volodymyr Zelensky au service du discours pro-russe<\/a><\/p>\n","protected":false},"excerpt":{"rendered":"Recap &#8211; \u00ab 20 Minutes \u00bb fait le point pour vous tous les soirs sur le conflit en&hellip;\n","protected":false},"author":2,"featured_media":178924,"comment_status":"","ping_status":"","sticky":false,"template":"","format":"standard","meta":{"footnotes":""},"categories":[1591],"tags":[11,75,1887,23564,5493,12,2405,1885,1886,132,220,134],"class_list":{"0":"post-178923","1":"post","2":"type-post","3":"status-publish","4":"format-standard","5":"has-post-thumbnail","7":"category-russie","8":"tag-actualites","9":"tag-donald-trump","10":"tag-federation-de-russie","11":"tag-g7","12":"tag-lukraine","13":"tag-news","14":"tag-poutine","15":"tag-russia","16":"tag-russian-federation","17":"tag-russie","18":"tag-ukraine","19":"tag-volodymyr-zelensky"},"share_on_mastodon":{"url":"https:\/\/pubeurope.com\/@fr\/114688697498661600","error":""},"_links":{"self":[{"href":"https:\/\/www.europesays.com\/fr\/wp-json\/wp\/v2\/posts\/178923","targetHints":{"allow":["GET"]}}],"collection":[{"href":"https:\/\/www.europesays.com\/fr\/wp-json\/wp\/v2\/posts"}],"about":[{"href":"https:\/\/www.europesays.com\/fr\/wp-json\/wp\/v2\/types\/post"}],"author":[{"embeddable":true,"href":"https:\/\/www.europesays.com\/fr\/wp-json\/wp\/v2\/users\/2"}],"replies":[{"embeddable":true,"href":"https:\/\/www.europesays.com\/fr\/wp-json\/wp\/v2\/comments?post=178923"}],"version-history":[{"count":0,"href":"https:\/\/www.europesays.com\/fr\/wp-json\/wp\/v2\/posts\/178923\/revisions"}],"wp:featuredmedia":[{"embeddable":true,"href":"https:\/\/www.europesays.com\/fr\/wp-json\/wp\/v2\/media\/178924"}],"wp:attachment":[{"href":"https:\/\/www.europesays.com\/fr\/wp-json\/wp\/v2\/media?parent=178923"}],"wp:term":[{"taxonomy":"category","embeddable":true,"href":"https:\/\/www.europesays.com\/fr\/wp-json\/wp\/v2\/categories?post=178923"},{"taxonomy":"post_tag","embeddable":true,"href":"https:\/\/www.europesays.com\/fr\/wp-json\/wp\/v2\/tags?post=178923"}],"curies":[{"name":"wp","href":"https:\/\/api.w.org\/{rel}","templated":true}]}}