{"id":178927,"date":"2025-06-15T18:04:09","date_gmt":"2025-06-15T18:04:09","guid":{"rendered":"https:\/\/www.europesays.com\/fr\/178927\/"},"modified":"2025-06-15T18:04:09","modified_gmt":"2025-06-15T18:04:09","slug":"deuxieme-jour-de-chasse-a-lhomme-aux-etats-unis-apres-le-meurtre-dune-elue-du-minnesota","status":"publish","type":"post","link":"https:\/\/www.europesays.com\/fr\/178927\/","title":{"rendered":"Deuxi\u00e8me jour de chasse \u00e0 l\u2019homme aux \u00c9tats-Unis apr\u00e8s le meurtre d\u2019une \u00e9lue du Minnesota"},"content":{"rendered":"<p>Le FBI a offert une r\u00e9compense pouvant aller jusqu\u2019\u00e0 50\u00a0000 dollars pour toute information permettant aux autorit\u00e9s de mettre la main sur Vance Boelter, <a href=\"https:\/\/www.letelegramme.fr\/monde\/aux-etats-unis-une-elue-locale-et-son-mari-tues-dans-le-minnesota-6835936.php\" rel=\"nofollow noopener\" target=\"_blank\">accus\u00e9 d\u2019avoir tu\u00e9 l\u2019\u00e9lue locale Melissa Hortman et son \u00e9poux, samedi, au petit matin, dans le Minnesota<\/a>, ainsi que d\u2019avoir gravement bless\u00e9 un autre \u00e9lu de la banlieue de Minneapolis, John Hoffman, et sa femme. Cette double attaque sur deux responsables d\u00e9mocrates a choqu\u00e9 la classe politique de cet \u00c9tat plut\u00f4t tranquille et provoqu\u00e9 la stupeur chez les \u00e9lus \u00e0 travers le pays, englu\u00e9 dans une atmosph\u00e8re politique tendue.<\/p>\n<p>Le suspect, dans une photo partag\u00e9e par les autorit\u00e9s, appara\u00eet avec un uniforme de police et ce qui ressemble \u00e0 un masque de latex couvrant int\u00e9gralement sa t\u00eate, sonnant \u00e0 une porte dans le noir. C\u2019est dans la nuit de vendredi \u00e0 samedi qu\u2019il est soup\u00e7onn\u00e9 de s\u2019\u00eatre rendu aux domiciles de John Hoffman puis de Melissa Hortman, dans la banlieue nord de Minneapolis. Il s\u2019est \u00e9chapp\u00e9 \u00e0 pied en laissant dans sa voiture un manifeste, dont le contenu n\u2019est pas connu, et une liste d\u2019\u00e9lus, dont les deux vis\u00e9s et d\u2019autres figures politiques de l\u2019\u00c9tat.<\/p>\n<p>\u00ab\u00a0Un lien avec l\u2019avortement\u00a0\u00bb<\/p>\n<p>Vance Boelter, \u00ab\u00a0un homme blanc de 57 ans\u00a0\u00bb, consid\u00e9r\u00e9 comme \u00ab\u00a0arm\u00e9 et dangereux\u00a0\u00bb, a \u00e9t\u00e9 vu pour la derni\u00e8re fois samedi matin, \u00ab\u00a0avec un chapeau de cow-boy clair\u00a0\u00bb, selon la police, qui a lanc\u00e9, samedi, des \u00ab\u00a0centaines\u00a0\u00bb d\u2019agents \u00e0 sa recherche.<\/p>\n<p>Amy Klobuchar, s\u00e9natrice d\u00e9mocrate du Minnesota, s\u2019est dite, ce dimanche, \u00ab\u00a0inqui\u00e8te pour tous nos responsables politiques\u00a0\u00bb apr\u00e8s cette attaque \u00ab\u00a0politiquement motiv\u00e9e.\u00a0\u00bb \u00ab\u00a0Il y avait un lien avec l\u2019avortement, en raison des groupes\u00a0\u00bb pr\u00e9sents sur la liste &#8211;\u00a0dont des cliniques pour IVG, selon les m\u00e9dias\u00a0&#8211; retrouv\u00e9e dans la voiture du suspect, a-t-elle ajout\u00e9 <a href=\"https:\/\/www.nbcnews.com\/meet-the-press\/video\/sen-amy-klobuchar-remembers-slain-minnesota-rep-melissa-hortman-full-interview-241619013641\" rel=\"nofollow noopener\" target=\"_blank\">dans un entretien avec la cha\u00eene NBC<\/a>.<\/p>\n<p>Mise en berne des drapeaux<\/p>\n<p>Melissa Hortman, 55 ans et m\u00e8re de deux enfants, \u00e9tait une ancienne pr\u00e9sidente de la Chambre des repr\u00e9sentants du Minnesota. Elle avait fait de la protection du droit \u00e0 l\u2019IVG sa grande priorit\u00e9. \u00ab\u00a0Il nous faut baisser la tension\u00a0\u00bb politique, a insist\u00e9 Amy Klobuchar <a href=\"https:\/\/edition.cnn.com\/2025\/06\/15\/politics\/video\/amy-khlobuchar-threats-againts-politicans-minnesota-shooting-digvid\" rel=\"nofollow noopener\" target=\"_blank\">sur CNN<\/a>.<\/p>\n<p>Le s\u00e9nateur r\u00e9publicain du Kentucky (centre-est) Rand Paul, lui-m\u00eame attaqu\u00e9 par un voisin en 2017, a d\u00e9clar\u00e9, ce dimanche, <a href=\"https:\/\/www.nbcnews.com\/meet-the-press\/video\/sen-rand-paul-says-it-s-not-the-u-s-s-job-to-be-involved-in-israel-iran-conflict-full-interview-241621061772\" rel=\"nofollow noopener\" target=\"_blank\">\u00e0 NBC<\/a>, que \u00ab\u00a0rien ne nous rapproche davantage que le deuil d\u2019un autre politique, d\u00e9mocrate ou r\u00e9publicain\u00a0\u00bb. Le gouverneur d\u00e9mocrate du Minnesota, Tim Walz, ancien colistier de Kamala Harris \u00e0 la derni\u00e8re \u00e9lection pr\u00e9sidentielle, a ordonn\u00e9 la mise en berne des drapeaux dans son \u00c9tat.<\/p>\n<p>Une Am\u00e9rique toujours plus fractur\u00e9e<\/p>\n<p>Ce qui \u00ab\u00a0semble \u00eatre un assassinat politiquement motiv\u00e9\u00a0\u00bb, selon les mots de ce dernier, est intervenu dans une Am\u00e9rique toujours plus fractur\u00e9e, entre <a href=\"https:\/\/www.letelegramme.fr\/monde\/manifestations-de-los-angeles-un-juge-estime-illegal-lenvoi-par-trump-de-la-garde-nationale-en-californie-6835137.php\" rel=\"nofollow noopener\" target=\"_blank\">d\u00e9ploiement de soldats \u00e0 Los Angeles<\/a> pour r\u00e9primer les manifestations, <a href=\"https:\/\/www.letelegramme.fr\/monde\/7-000-soldats-150-vehicules-militaires-parachutistes-devant-la-maison-blanche-trump-ravi-de-sa-parade-militaire-a-washington-en-images-6836049.php\" rel=\"nofollow noopener\" target=\"_blank\">parade militaire voulue par Donald Trump \u00e0 Washington<\/a> et <a href=\"https:\/\/www.letelegramme.fr\/monde\/pas-de-rois-des-manifestants-anti-trump-mobilises-a-travers-les-etats-unis-un-blesse-grave-a-salt-lake-city-6836050.php\" rel=\"nofollow noopener\" target=\"_blank\">rassemblements contre lui \u00e0 travers le pays<\/a>. L\u2019actuel Pr\u00e9sident a lui-m\u00eame \u00e9chapp\u00e9 \u00e0 une tentative d\u2019assassinat lors d\u2019un meeting de campagne, en juillet dernier, en Pennsylvanie.<\/p>\n<p>Interrog\u00e9, ce dimanche matin, par une journaliste d\u2019ABC, sur la situation au Minnesota et s\u2019il comptait appeler Tim\u00a0Walz, ancien adversaire politique, Donald Trump a r\u00e9pondu ainsi\u00a0: \u00ab\u00a0C\u2019est terrible. Je pense qu\u2019il est un tr\u00e8s mauvais gouverneur, quelqu\u2019un de compl\u00e8tement incomp\u00e9tent. Mais je pourrais l\u2019appeler, comme je pourrais appeler d\u2019autres gens\u00a0\u00bb.<\/p>\n","protected":false},"excerpt":{"rendered":"Le FBI a offert une r\u00e9compense pouvant aller jusqu\u2019\u00e0 50\u00a0000 dollars pour toute information permettant aux autorit\u00e9s de&hellip;\n","protected":false},"author":2,"featured_media":178928,"comment_status":"","ping_status":"","sticky":false,"template":"","format":"standard","meta":{"footnotes":""},"categories":[1589],"tags":[11,765,73,1866,118,777,74,12,1864,1865,1863,308],"class_list":{"0":"post-178927","1":"post","2":"type-post","3":"status-publish","4":"format-standard","5":"has-post-thumbnail","7":"category-etats-unis","8":"tag-actualites","9":"tag-en-continu","10":"tag-etats-unis","11":"tag-etats-unis-damerique","12":"tag-faits-divers","13":"tag-meurtre","14":"tag-monde","15":"tag-news","16":"tag-united-states","17":"tag-united-states-of-america","18":"tag-us","19":"tag-usa"},"share_on_mastodon":{"url":"https:\/\/pubeurope.com\/@fr\/114688705371830070","error":""},"_links":{"self":[{"href":"https:\/\/www.europesays.com\/fr\/wp-json\/wp\/v2\/posts\/178927","targetHints":{"allow":["GET"]}}],"collection":[{"href":"https:\/\/www.europesays.com\/fr\/wp-json\/wp\/v2\/posts"}],"about":[{"href":"https:\/\/www.europesays.com\/fr\/wp-json\/wp\/v2\/types\/post"}],"author":[{"embeddable":true,"href":"https:\/\/www.europesays.com\/fr\/wp-json\/wp\/v2\/users\/2"}],"replies":[{"embeddable":true,"href":"https:\/\/www.europesays.com\/fr\/wp-json\/wp\/v2\/comments?post=178927"}],"version-history":[{"count":0,"href":"https:\/\/www.europesays.com\/fr\/wp-json\/wp\/v2\/posts\/178927\/revisions"}],"wp:featuredmedia":[{"embeddable":true,"href":"https:\/\/www.europesays.com\/fr\/wp-json\/wp\/v2\/media\/178928"}],"wp:attachment":[{"href":"https:\/\/www.europesays.com\/fr\/wp-json\/wp\/v2\/media?parent=178927"}],"wp:term":[{"taxonomy":"category","embeddable":true,"href":"https:\/\/www.europesays.com\/fr\/wp-json\/wp\/v2\/categories?post=178927"},{"taxonomy":"post_tag","embeddable":true,"href":"https:\/\/www.europesays.com\/fr\/wp-json\/wp\/v2\/tags?post=178927"}],"curies":[{"name":"wp","href":"https:\/\/api.w.org\/{rel}","templated":true}]}}