{"id":178929,"date":"2025-06-15T18:05:17","date_gmt":"2025-06-15T18:05:17","guid":{"rendered":"https:\/\/www.europesays.com\/fr\/178929\/"},"modified":"2025-06-15T18:05:17","modified_gmt":"2025-06-15T18:05:17","slug":"les-5-changements-majeurs-de-laide-au-chauffage-pour-les-retraites-au-royaume-uni-actual-immo","status":"publish","type":"post","link":"https:\/\/www.europesays.com\/fr\/178929\/","title":{"rendered":"Les 5 changements majeurs de l\u2019aide au chauffage pour les retrait\u00e9s au Royaume-Uni &#8211; Actual Immo"},"content":{"rendered":"<p><strong>Alors que le froid commence \u00e0 s\u2019installer, une question br\u00fblante anime les discussions politiques en Angleterre : l\u2019aide au chauffage pour les retrait\u00e9s. Sujet r\u00e9cent de controverses, cette allocation a connu un tournant d\u00e9cisif apr\u00e8s l\u2019annonce du gouvernement britannique concernant ses modalit\u00e9s d\u2019attribution. Revenons sur ce changement et ses implications pour les retrait\u00e9s anglais et gallois.<\/strong><\/p>\n<p>Un retour en arri\u00e8re attendu<\/p>\n<p>Le revirement annonc\u00e9 par le gouvernement marque une <strong>\u00e9tape significative dans la gestion des aides sociales<\/strong>.<\/p>\n<p>Initialement, une suppression totale de cette aide universelle avait \u00e9t\u00e9 envisag\u00e9e, soulevant une vague de protestations, y compris parmi certains membres du parti travailliste.<\/p>\n<p>Face \u00e0 cette pression, l\u2019ex\u00e9cutif a d\u00e9cid\u00e9 de corriger le tir, assurant ainsi une couverture pour la majorit\u00e9 des retrait\u00e9s aux revenus faibles ou moyens.<\/p>\n<p>Cette d\u00e9cision vient suite \u00e0 des manifestations notables, comme celle qui s\u2019est tenue devant le parlement britannique <strong>d\u00e9but octobre 2024<\/strong>.<\/p>\n<p>Ce rassemblement refl\u00e8te l\u2019inqui\u00e9tude croissante quant aux cons\u00e9quences potentielles de ces mesures budg\u00e9taires sur le quotidien des personnes \u00e2g\u00e9es les plus vuln\u00e9rables.<\/p>\n<p>Nouvelles modalit\u00e9s d\u2019aide : qui sont les gagnants ?<\/p>\n<p>Avec cette r\u00e9vision, le seuil de revenu pour b\u00e9n\u00e9ficier de l\u2019aide au chauffage a \u00e9t\u00e9 relev\u00e9.<\/p>\n<p>Concr\u00e8tement, <strong>plus des trois quarts des retrait\u00e9s<\/strong> devraient d\u00e9sormais pouvoir pr\u00e9tendre \u00e0 cette aide essentielle pour traverser les rudes mois d\u2019hiver.<\/p>\n<p>Toutefois, elle ne sera pas accessible aux retrait\u00e9s aux revenus consid\u00e9r\u00e9s comme \u00e9lev\u00e9s, une mesure qui permettra tout de m\u00eame de r\u00e9aliser une \u00e9conomie substantielle pour le budget national.<\/p>\n<p>Cette cible plus restreinte semble r\u00e9pondre \u00e0 une volont\u00e9 de rationalisation budg\u00e9taire dans un contexte \u00e9conomique tendu.<\/p>\n<p>Le <strong>maintien de cet \u00e9quilibre entre aide sociale et rigueur budg\u00e9taire<\/strong> pose n\u00e9anmoins plusieurs questions sur la durabilit\u00e9 de telles mesures.<\/p>\n<p>Les d\u00e9fis budg\u00e9taires du gouvernement travailliste<\/p>\n<p>Depuis leur retour au pouvoir il y a pr\u00e8s d\u2019un an, le parti travailliste s\u2019efforce de <strong>redresser les finances publiques<\/strong>, marqu\u00e9es par une augmentation des imp\u00f4ts et des cotisations patronales.<\/p>\n<p>Ce choix s\u2019inscrit dans une strat\u00e9gie visant \u00e0 redresser un d\u00e9ficit h\u00e9rit\u00e9 du pr\u00e9c\u00e9dent gouvernement conservateur.<\/p>\n<p>Malgr\u00e9 ces efforts, la popularit\u00e9 de Keir Starmer, leader du parti, a subi un coup dur r\u00e9cemment.<\/p>\n<p>L\u2019ascension du parti Reform UK lors des <strong>\u00e9lections l\u00e9gislatives partielles<\/strong> souligne une m\u00e9fiance croissante envers la politique des hausses d\u2019imp\u00f4ts et des coupes d\u2019aides sociales, notamment avec la prise de contr\u00f4le de plusieurs conseils r\u00e9gionaux cl\u00e9s.<\/p>\n<p>Un contexte politique complexe pour Keir Starmer<\/p>\n<p>Ce retournement complexifie davantage <strong>le paysage politique pour Starmer<\/strong>, dont la r\u00e9cente perte de vitesse \u00e9lectorale pourrait handicaper les futures initiatives de son gouvernement.<\/p>\n<p>Avec une opposition renforc\u00e9e par Reform UK, port\u00e9 par le charismatique Nigel Farage, chaque d\u00e9cision \u00e9conomique est scrut\u00e9e avec attention.<\/p>\n<p>Les r\u00e9formes engag\u00e9es par le gouvernement n\u00e9cessitent une communication efficace pour rallier le soutien public.<\/p>\n<p>Cependant, des d\u00e9cisions aussi sensibles que celles touchant le bien-\u00eatre des retrait\u00e9s exigent prudence et anticipation des r\u00e9actions populaires et m\u00e9diatiques.<\/p>\n<p>R\u00e9actions diverses au sein de la population<\/p>\n<p>Les r\u00e9actions face \u00e0 ce volte-face restent mitig\u00e9es au sein de <strong>la population anglaise et galloise<\/strong>.<\/p>\n<p>Si certains saluent ce geste comme une preuve de pragmatisme et d\u2019\u00e9coute, d\u2019autres demeurent sceptiques quant \u00e0 la capacit\u00e9 des travailleurs \u00e0 mener les r\u00e9formes annonc\u00e9es sans provoquer de nouvelles tensions sociales.<\/p>\n<p>La col\u00e8re initiale des citoyens n\u2019est pas totalement dissip\u00e9e.<\/p>\n<p>Il reste \u00e0 voir si les mesures compensatoires suffiront \u00e0 apaiser les inqui\u00e9tudes grandissantes li\u00e9es \u00e0 la <strong>hausse du co\u00fbt de la vie<\/strong>, surtout avec des perspectives \u00e9conomiques encore incertaines pour les mois et ann\u00e9es \u00e0 venir.<\/p>\n<p>Cons\u00e9quences \u00e9largies pour les retrait\u00e9s britanniques<\/p>\n<p>Il est crucial de consid\u00e9rer l\u2019impact prolong\u00e9 de ces allocations sur <strong>la qualit\u00e9 de vie des retrait\u00e9s<\/strong>.<\/p>\n<p>Alors que les \u00e9conomies \u00e9nerg\u00e9tiques deviennent une priorit\u00e9 mondiale, garantir un acc\u00e8s \u00e9quitable aux chauffages ad\u00e9quats reste essentiel pour la protection contre les hivers rigoureux.<\/p>\n<p>En ciblant plus pr\u00e9cis\u00e9ment les b\u00e9n\u00e9ficiaires, le gouvernement souhaite \u00e9galement encourager une consommation \u00e9nerg\u00e9tique responsable.<\/p>\n<p>Cela pourrait signifier des investissements accrus dans les technologies et infrastructures de chauffage durable, un secteur souvent n\u00e9glig\u00e9 malgr\u00e9 son potentiel \u00e9norme.<\/p>\n<p>\u00c9conomie d\u2019\u00e9nergie et innovations tech<\/p>\n<p>Quels r\u00f4les pourraient jouer les <strong>innovations technologiques<\/strong> pour accompagner ces mesures financi\u00e8res ?<\/p>\n<p>Des solutions comme les chaudi\u00e8res \u00e0 haut rendement ou les syst\u00e8mes solaires domestiques pourraient repr\u00e9senter des relais essentiels pour compenser les suppressions d\u2019allocations.<\/p>\n<p>En parall\u00e8le, sensibiliser les populations aux pratiques \u00e9conomes en \u00e9nergie peut soulager non seulement le budget individuel mais aussi contribuer \u00e0 une empreinte carbone r\u00e9duite \u00e0 l\u2019\u00e9chelle nationale.<\/p>\n<p>Regard vers l\u2019avenir : sc\u00e9narios possibles<\/p>\n<ul class=\"wp-block-list\">\n<li>Adaptation des politiques selon les fluctuations \u00e9conomiques futures.<\/li>\n<li>Possibilit\u00e9 d\u2019un dialogue \u00e9largi avec les autres partis pour \u00e9laborer des strat\u00e9gies consultatives.<\/li>\n<li>Mise en \u0153uvre d\u2019incitations fiscales pour promouvoir les \u00e9nergies renouvelables chez les particuliers \u00e2g\u00e9s.<\/li>\n<\/ul>\n<p>Ces perspectives ouvrent la voie \u00e0 des discussions plus larges sur <strong>le r\u00f4le du gouvernement dans la transition \u00e9nerg\u00e9tique<\/strong>, tout en assurant le filet de s\u00e9curit\u00e9 sociale n\u00e9cessaire pour ceux qui en ont besoin imm\u00e9diatement.<\/p>\n<p>Dans ce contexte, le d\u00e9fi majeur r\u00e9side dans l\u2019\u00e9quilibre entre r\u00e9duction de la d\u00e9pendance financi\u00e8re de l\u2019\u00c9tat et investissement dans les solutions p\u00e9rennes.<\/p>\n<p>Une mission ambitieuse mais n\u00e9cessaire alors que des millions de vies d\u00e9pendent des conditions environnementales mod\u00e9r\u00e9es pour assurer un avenir serein.<\/p>\n","protected":false},"excerpt":{"rendered":"Alors que le froid commence \u00e0 s\u2019installer, une question br\u00fblante anime les discussions politiques en Angleterre : l\u2019aide&hellip;\n","protected":false},"author":2,"featured_media":178930,"comment_status":"","ping_status":"","sticky":false,"template":"","format":"standard","meta":{"footnotes":""},"categories":[1588],"tags":[11,31584,1777,674,12,473,1853,31585,1851,1850,1852],"class_list":{"0":"post-178929","1":"post","2":"type-post","3":"status-publish","4":"format-standard","5":"has-post-thumbnail","7":"category-royaume-uni","8":"tag-actualites","9":"tag-aide-gouvernementale","10":"tag-eu","11":"tag-europe","12":"tag-news","13":"tag-royaume-uni","14":"tag-royaume-uni-de-grande-bretagne-et-dirlande-du-nord","15":"tag-sante-securite","16":"tag-uk","17":"tag-united-kingdom","18":"tag-united-kingdom-of-great-britain-and-northern-ireland"},"share_on_mastodon":{"url":"https:\/\/pubeurope.com\/@fr\/114688709382305332","error":""},"_links":{"self":[{"href":"https:\/\/www.europesays.com\/fr\/wp-json\/wp\/v2\/posts\/178929","targetHints":{"allow":["GET"]}}],"collection":[{"href":"https:\/\/www.europesays.com\/fr\/wp-json\/wp\/v2\/posts"}],"about":[{"href":"https:\/\/www.europesays.com\/fr\/wp-json\/wp\/v2\/types\/post"}],"author":[{"embeddable":true,"href":"https:\/\/www.europesays.com\/fr\/wp-json\/wp\/v2\/users\/2"}],"replies":[{"embeddable":true,"href":"https:\/\/www.europesays.com\/fr\/wp-json\/wp\/v2\/comments?post=178929"}],"version-history":[{"count":0,"href":"https:\/\/www.europesays.com\/fr\/wp-json\/wp\/v2\/posts\/178929\/revisions"}],"wp:featuredmedia":[{"embeddable":true,"href":"https:\/\/www.europesays.com\/fr\/wp-json\/wp\/v2\/media\/178930"}],"wp:attachment":[{"href":"https:\/\/www.europesays.com\/fr\/wp-json\/wp\/v2\/media?parent=178929"}],"wp:term":[{"taxonomy":"category","embeddable":true,"href":"https:\/\/www.europesays.com\/fr\/wp-json\/wp\/v2\/categories?post=178929"},{"taxonomy":"post_tag","embeddable":true,"href":"https:\/\/www.europesays.com\/fr\/wp-json\/wp\/v2\/tags?post=178929"}],"curies":[{"name":"wp","href":"https:\/\/api.w.org\/{rel}","templated":true}]}}