{"id":178937,"date":"2025-06-15T18:09:09","date_gmt":"2025-06-15T18:09:09","guid":{"rendered":"https:\/\/www.europesays.com\/fr\/178937\/"},"modified":"2025-06-15T18:09:09","modified_gmt":"2025-06-15T18:09:09","slug":"pourquoi-le-journaliste-francais-yanis-mhamdi-na-t-il-toujours-pas-ete-libere-liberation","status":"publish","type":"post","link":"https:\/\/www.europesays.com\/fr\/178937\/","title":{"rendered":"pourquoi le journaliste fran\u00e7ais Yanis Mhamdi\u00a0n\u2019a-t-il toujours pas \u00e9t\u00e9 lib\u00e9r\u00e9\u00a0? \u2013 Lib\u00e9ration"},"content":{"rendered":"<p class=\"sc-ksZaOG ehjQrN text-element\">Ils sont encore trois passagers du navire humanitaire Madleen \u00e0 \u00eatre retenus en Isra\u00ebl. Les Fran\u00e7ais Yanis Mhamdi, Pascal Mauri\u00e9ras et le Hollandais Mark van Rennes n\u2019ont pas pu quitter le sol isra\u00e9lien depuis leur arrestation \u00e0 bord de la \u00abflottille de la libert\u00e9\u00bb en compagnie des neuf autres volontaires, alors qu\u2019ils tentaient d\u2019atteindre les c\u00f4tes gazaouies. Ils demeurent \u00e0 l\u2019heure actuelle d\u00e9tenus dans la prison de Givon, \u00e0 Ramla, au centre d\u2019Isra\u00ebl.<\/p>\n<p class=\"sc-ksZaOG ehjQrN text-element\">Le cas du journaliste de Blast Yanis Mhamdi suscite en France une mobilisation particuli\u00e8re. Un collectif d\u2019organisations syndicales et journalistiques (dont la SJPL de Lib\u00e9ration) a notamment publi\u00e9 <a href=\"https:\/\/www.liberation.fr\/idees-et-debats\/tribunes\/soutien-au-journaliste-de-blast-yanis-mhamdi-detenu-arbitrairement-en-israel-20250613_7XJ4QHFXSBBPPCFGXOQVUZ3V5M\/\" target=\"_blank\" rel=\"noopener\" title=\"https:\/\/www.liberation.fr\/idees-et-debats\/tribunes\/soutien-au-journaliste-de-blast-yanis-mhamdi-detenu-arbitrairement-en-israel-20250613_7XJ4QHFXSBBPPCFGXOQVUZ3V5M\/\">une tribune en son soutien<\/a>, vendredi 13 juin, dans les colonnes de Lib\u00e9. Y exprimant une \u00abprofonde inqui\u00e9tude\u00bb pour le sort du reporter \u00abd\u00e9tenu de mani\u00e8re arbitraire par les autorit\u00e9s isra\u00e9liennes\u00bb.<\/p>\n<p class=\"sc-ksZaOG ehjQrN text-element\">Apr\u00e8s l\u2019interception du Madleen, dans la nuit du dimanche 8 au lundi 9 juin, le retour de la majorit\u00e9 des passagers s\u2019est effectu\u00e9 en plusieurs phases. D\u00e8s le lendemain, <a href=\"https:\/\/www.liberation.fr\/checkne&lt;\/p&gt;&lt;\/div&gt;&lt;\/article&gt;&lt;\/div&gt;&lt;div data-fusion-lazy-id=\" f0f8vgvlad832fw=\"\" target=\"_blank\" rel=\"noopener\"><\/p>\n","protected":false},"excerpt":{"rendered":"Ils sont encore trois passagers du navire humanitaire Madleen \u00e0 \u00eatre retenus en Isra\u00ebl. Les Fran\u00e7ais Yanis Mhamdi,&hellip;\n","protected":false},"author":2,"featured_media":178938,"comment_status":"","ping_status":"","sticky":false,"template":"","format":"standard","meta":{"footnotes":""},"categories":[2],"tags":[11,1011,27,3517,664,12,25],"class_list":{"0":"post-178937","1":"post","2":"type-post","3":"status-publish","4":"format-standard","5":"has-post-thumbnail","7":"category-actualites","8":"tag-actualites","9":"tag-fr","10":"tag-france","11":"tag-gaza-l-escalade","12":"tag-israel","13":"tag-news","14":"tag-republique-francaise"},"share_on_mastodon":{"url":"https:\/\/pubeurope.com\/@fr\/114688725105295263","error":""},"_links":{"self":[{"href":"https:\/\/www.europesays.com\/fr\/wp-json\/wp\/v2\/posts\/178937","targetHints":{"allow":["GET"]}}],"collection":[{"href":"https:\/\/www.europesays.com\/fr\/wp-json\/wp\/v2\/posts"}],"about":[{"href":"https:\/\/www.europesays.com\/fr\/wp-json\/wp\/v2\/types\/post"}],"author":[{"embeddable":true,"href":"https:\/\/www.europesays.com\/fr\/wp-json\/wp\/v2\/users\/2"}],"replies":[{"embeddable":true,"href":"https:\/\/www.europesays.com\/fr\/wp-json\/wp\/v2\/comments?post=178937"}],"version-history":[{"count":0,"href":"https:\/\/www.europesays.com\/fr\/wp-json\/wp\/v2\/posts\/178937\/revisions"}],"wp:featuredmedia":[{"embeddable":true,"href":"https:\/\/www.europesays.com\/fr\/wp-json\/wp\/v2\/media\/178938"}],"wp:attachment":[{"href":"https:\/\/www.europesays.com\/fr\/wp-json\/wp\/v2\/media?parent=178937"}],"wp:term":[{"taxonomy":"category","embeddable":true,"href":"https:\/\/www.europesays.com\/fr\/wp-json\/wp\/v2\/categories?post=178937"},{"taxonomy":"post_tag","embeddable":true,"href":"https:\/\/www.europesays.com\/fr\/wp-json\/wp\/v2\/tags?post=178937"}],"curies":[{"name":"wp","href":"https:\/\/api.w.org\/{rel}","templated":true}]}}