{"id":178947,"date":"2025-06-15T18:15:10","date_gmt":"2025-06-15T18:15:10","guid":{"rendered":"https:\/\/www.europesays.com\/fr\/178947\/"},"modified":"2025-06-15T18:15:10","modified_gmt":"2025-06-15T18:15:10","slug":"atp-novak-djokovic-roger-federer-ma-beaucoup-aide","status":"publish","type":"post","link":"https:\/\/www.europesays.com\/fr\/178947\/","title":{"rendered":"ATP > Novak Djokovic : \u00ab\u00a0Roger Federer m&rsquo;a beaucoup\u00a0aid\u00e9\u00a0\u00bb"},"content":{"rendered":"<p>La gestion du calen\u00addrier n\u2019est jamais ais\u00e9e pour un joueur de tennis. Avec des comp\u00e9\u00adti\u00adtions toutes les semaines, il est parfois tentant de constam\u00adment encha\u00eener. Un parti\u2010pris risqu\u00e9, avec la pers\u00adpec\u00adtive de manquer de fra\u00ee\u00adcheur sur les grandes \u00e9ch\u00e9ances.<\/p>\n<p>Dans un <a href=\"https:\/\/www.youtube.com\/watch?v=jbkZD3j1w3A\" data-wpel-link=\"external\" target=\"_blank\" rel=\"nofollow external noopener\">podcast serbe<\/a>, Novak Djokovic confie que c\u2019est un aspect diffi\u00adcile \u00e0 g\u00e9rer pour lui en carri\u00e8re. L\u2019homme aux 24 titres en Grand Chelem dit s\u2019\u00eatre inspir\u00e9 de son rival Roger Federer, en se concen\u00adtrant essen\u00adtiel\u00adle\u00adment sur les plus gros tour\u00adnois. Une m\u00e9thode qu\u2019il applique davan\u00adtage ces derni\u00e8res ann\u00e9es. Le cinqui\u00e8me joueur mondial n\u2019h\u00e9\u00adsite plus \u00e0 faire l\u2019im\u00adpasse sur certains Masters 1000, pour d\u00e9ployer toutes ses forces en Grand Chelem.<\/p>\n<p><strong>\u00ab\u202fPendant la majeure partie de votre carri\u00e8re, lorsque vous \u00eates jeune, chaque tournoi compte. Beaucoup disent que les tour\u00adnois du Grand Chelem sont les plus impor\u00adtants. Mais en r\u00e9alit\u00e9, ils ne vivent pas et ne s\u2019en\u00adtra\u00eenent pas en fonc\u00adtion de leur emploi du temps pour \u00eatre au top pour les tour\u00adnois du Grand Chelem, pour \u00eatre le plus frais possible pour ces \u00e9v\u00e9ne\u00adments. Ils ne le font pas. Pourquoi\u202f? Peut\u2010\u00eatre qu\u2019ils ne croient pas assez en eux, qu\u2019ils peuvent aller loin dans un tournoi du Grand Chelem. Tout le monde n\u2019est pas fait pour concourir au sommet, et c\u2019est normal. Mais il y a des moyens. Federer m\u2019a beau\u00adcoup aid\u00e9 \u00e0 cet \u00e9gard, pas direc\u00adte\u00adment mais indi\u00adrec\u00adte\u00adment. J\u2019ai observ\u00e9 comment il plani\u00adfiait son emploi du temps. Il m\u2019a aid\u00e9 \u00e0 comprendre comment g\u00e9rer ma forme, quand faire une pause, m\u00eame si je n\u2019en avais pas envie. J\u2019ai aussi fait des erreurs. Je n\u2019ai pas fait de pause quand j\u2019au\u00adrais d\u00fb, mais la plupart du temps, j\u2019ai pris les bonnes d\u00e9cisions.\u202f\u00bb<\/strong><\/p>\n<p class=\"post-published-date\" style=\"color: silver; font-size: 75%; text-align: left;\">Publi\u00e9 le dimanche 15 juin 2025 \u00e0 17:07<\/p>\n","protected":false},"excerpt":{"rendered":"La gestion du calen\u00addrier n\u2019est jamais ais\u00e9e pour un joueur de tennis. Avec des comp\u00e9\u00adti\u00adtions toutes les semaines,&hellip;\n","protected":false},"author":2,"featured_media":178948,"comment_status":"","ping_status":"","sticky":false,"template":"","format":"standard","meta":{"footnotes":""},"categories":[1415],"tags":[105,2199,1011,27,60,1467],"class_list":{"0":"post-178947","1":"post","2":"type-post","3":"status-publish","4":"format-standard","5":"has-post-thumbnail","7":"category-tennis","8":"tag-djokovic","9":"tag-federer","10":"tag-fr","11":"tag-france","12":"tag-sports","13":"tag-tennis"},"share_on_mastodon":{"url":"https:\/\/pubeurope.com\/@fr\/114688748613137066","error":""},"_links":{"self":[{"href":"https:\/\/www.europesays.com\/fr\/wp-json\/wp\/v2\/posts\/178947","targetHints":{"allow":["GET"]}}],"collection":[{"href":"https:\/\/www.europesays.com\/fr\/wp-json\/wp\/v2\/posts"}],"about":[{"href":"https:\/\/www.europesays.com\/fr\/wp-json\/wp\/v2\/types\/post"}],"author":[{"embeddable":true,"href":"https:\/\/www.europesays.com\/fr\/wp-json\/wp\/v2\/users\/2"}],"replies":[{"embeddable":true,"href":"https:\/\/www.europesays.com\/fr\/wp-json\/wp\/v2\/comments?post=178947"}],"version-history":[{"count":0,"href":"https:\/\/www.europesays.com\/fr\/wp-json\/wp\/v2\/posts\/178947\/revisions"}],"wp:featuredmedia":[{"embeddable":true,"href":"https:\/\/www.europesays.com\/fr\/wp-json\/wp\/v2\/media\/178948"}],"wp:attachment":[{"href":"https:\/\/www.europesays.com\/fr\/wp-json\/wp\/v2\/media?parent=178947"}],"wp:term":[{"taxonomy":"category","embeddable":true,"href":"https:\/\/www.europesays.com\/fr\/wp-json\/wp\/v2\/categories?post=178947"},{"taxonomy":"post_tag","embeddable":true,"href":"https:\/\/www.europesays.com\/fr\/wp-json\/wp\/v2\/tags?post=178947"}],"curies":[{"name":"wp","href":"https:\/\/api.w.org\/{rel}","templated":true}]}}