{"id":178957,"date":"2025-06-15T18:21:11","date_gmt":"2025-06-15T18:21:11","guid":{"rendered":"https:\/\/www.europesays.com\/fr\/178957\/"},"modified":"2025-06-15T18:21:11","modified_gmt":"2025-06-15T18:21:11","slug":"camille-cerf-mariage-inattendu-pour-lex-miss-france","status":"publish","type":"post","link":"https:\/\/www.europesays.com\/fr\/178957\/","title":{"rendered":"Camille Cerf : mariage inattendu pour l\u2019ex-Miss France !"},"content":{"rendered":"<p><a href=\"https:\/\/www.closermag.fr\/people\/camille-cerf-en-maillot-en-guadeloupe-interpellee-pour-atteinte-a-la-pudeur-elle-pousse-un-coup-de-gueule-3541909\" rel=\"nofollow noopener\" target=\"_blank\"><br \/>\nCamille Cerf<\/a> est d\u00e9finitivement g\u00e2t\u00e9e par la vie sur le plan<br \/>\npersonnel. M\u00e8re d\u2019un petit bout-de-chou du nom de<br \/>\n<strong>Malo<\/strong>, elle file le parfait amour avec <strong>Th\u00e9o<br \/>\nFleury<\/strong>. Une belle romance qui a commenc\u00e9 en 2021 et qui a<br \/>\nvu na\u00eetre le petit gar\u00e7on. Bien que tr\u00e8s discr\u00e8te sur sa vie<br \/>\npriv\u00e9e, la <strong>Miss France 2015<\/strong> a tout de m\u00eame r\u00e9v\u00e9l\u00e9<br \/>\nun autre \u00e9v\u00e9nement tr\u00e8s heureux dans sa vie.<\/p>\n<p>Le samedi 14 juin dernier, la reine de beaut\u00e9 de 30 ans s\u2019est<br \/>\nempar\u00e9e de <a href=\"https:\/\/www.telestar.fr\/people\/camille-cerf-maman-cette-question-un-brin-poussive-que-lex-miss-france-ne-veut-plus-entendre-1681920\" rel=\"nofollow noopener\" target=\"_blank\"><br \/>\nson compte Instagram<\/a>. Elle avait notamment expliqu\u00e9 la raison<br \/>\nde son absence des r\u00e9seaux sociaux \u00e0 ses followers. Il semblerait<br \/>\nque la raison soit un grand \u00e9v\u00e9nement qui n\u2019est autre que<br \/>\n<strong>le mariage de sa m\u00e8re<\/strong>, Laurence. \u00ab\u00a0Sorry, ce<br \/>\nweek-end, <strong>ma m\u00e8re se marie<\/strong>\u00ab\u00a0,<br \/>\na-t-elle \u00e9crit sur une photo de l\u2019\u00e9v\u00e9nement.<\/p>\n<p>La m\u00e8re de Camille Cerf s\u2019est mari\u00e9e<\/p>\n<p>Fid\u00e8le \u00e0 elle-m\u00eame concernant sa vie priv\u00e9e, les photos de la<br \/>\nstory de <strong>Camille Cerf<\/strong> n&rsquo;ont pas donn\u00e9 beaucoup de<br \/>\nd\u00e9tails sur l\u2019\u00e9v\u00e9nement. La premi\u00e8re photo montre <strong>la<br \/>\nr\u00e9ception<\/strong> sans que l\u2019on puisse voir les invit\u00e9s qui<br \/>\napparaissent de dos. Haut plafond soutenu par des poutres en bois,<br \/>\non peut voir deux femmes, sur fond de l\u2019image.<\/p>\n<p>Nappes blanches, et chaises blanches, la belle brune n\u2019appara\u00eet<br \/>\npas sur sa photo. Ses fans ne savent donc pas comment elle \u00e9tait<br \/>\nhabill\u00e9e, ni comment \u00e9tait <strong>la robe de la mari\u00e9e<\/strong>.<br \/>\nSur une deuxi\u00e8me photo, Camille Cerf a partag\u00e9 la photo d\u2019une all\u00e9e<br \/>\nbois\u00e9e. Ce qui est certain, c\u2019est que cette heureuse journ\u00e9e \u00e9tait<br \/>\nremplie d\u2019amour pour toute la famille.<\/p>\n<blockquote class=\"instagram-media\" style=\"background: #ffffff;border: 0;margin: 1px;width: 100%;padding: 0;max-width: 500px;\" data-instgrm-permalink=\"https:\/\/www.instagram.com\/p\/DKka8Kus5nv\/?utm_source=ig_web_copy_link&amp;igsh=MzRlODBiNWFlZA==\" data-instgrm-version=\"14\"\/><p>\nCamille Cerf : elle d\u00e9voile le salaire<br \/>\nde Miss France<\/p>\n<p>Cela survient apr\u00e8s que <strong>Camille Cerf<\/strong> ait r\u00e9v\u00e9l\u00e9<br \/>\n<a href=\"https:\/\/www.closermag.fr\/people\/cetait-a-peu-pres-camille-cerf-devoile-le-salaire-des-miss-france-et-ca-va-vous-etonner-3554935\" rel=\"nofollow noopener\" target=\"_blank\"><br \/>\nle salaire des Miss France<\/a> lors d\u2019une interview \u00e0<br \/>\nOnTime. Contrairement \u00e0 ce que l\u2019on pourrait penser, il ne<br \/>\ns\u2019agit pas d\u2019une somme folle. \u00ab\u00a0Moi je ne sais plus combien<br \/>\nc\u2019\u00e9tait. Je crois que c\u2019\u00e9tait \u00e0 peu pr\u00e8s <strong>4 000<br \/>\neuros<\/strong>\u00ab\u00a0, avait r\u00e9v\u00e9l\u00e9 la Miss France 2015 au m\u00e9dia.<br \/>\nUne somme cons\u00e9quente pour elle \u00e0 l\u2019\u00e9poque.<\/p>\n<p>\u00ab\u00a0J\u2019\u00e9tais comme une folle la premi\u00e8re fois que je l\u2019ai<br \/>\nre\u00e7u\u00a0\u00bb, a-t-elle confi\u00e9 en ajoutant : \u00ab\u00a0Je n\u2019avais<br \/>\n<strong>pas de loyer \u00e0 payer<\/strong>. Tous les midis,<br \/>\nje mangeais au restaurant. Je n\u2019avais rien \u00e0 payer donc c\u2019\u00e9tait<br \/>\nvraiment de l\u2019argent de poche. Pour moi, c\u2019\u00e9tait royal\u00a0\u00bb.<br \/>\nSurprenant\u2026<\/p>\n<p><script async src=\"\/\/www.instagram.com\/embed.js\"><\/script><\/p>\n","protected":false},"excerpt":{"rendered":"Camille Cerf est d\u00e9finitivement g\u00e2t\u00e9e par la vie sur le plan personnel. M\u00e8re d\u2019un petit bout-de-chou du nom&hellip;\n","protected":false},"author":2,"featured_media":178958,"comment_status":"","ping_status":"","sticky":false,"template":"","format":"standard","meta":{"footnotes":""},"categories":[1359],"tags":[548,17055,58,59,1011,27,973],"class_list":{"0":"post-178957","1":"post","2":"type-post","3":"status-publish","4":"format-standard","5":"has-post-thumbnail","7":"category-people","8":"tag-article-simple","9":"tag-camille-cerf","10":"tag-divertissement","11":"tag-entertainment","12":"tag-fr","13":"tag-france","14":"tag-people"},"share_on_mastodon":{"url":"https:\/\/pubeurope.com\/@fr\/114688772245377188","error":""},"_links":{"self":[{"href":"https:\/\/www.europesays.com\/fr\/wp-json\/wp\/v2\/posts\/178957","targetHints":{"allow":["GET"]}}],"collection":[{"href":"https:\/\/www.europesays.com\/fr\/wp-json\/wp\/v2\/posts"}],"about":[{"href":"https:\/\/www.europesays.com\/fr\/wp-json\/wp\/v2\/types\/post"}],"author":[{"embeddable":true,"href":"https:\/\/www.europesays.com\/fr\/wp-json\/wp\/v2\/users\/2"}],"replies":[{"embeddable":true,"href":"https:\/\/www.europesays.com\/fr\/wp-json\/wp\/v2\/comments?post=178957"}],"version-history":[{"count":0,"href":"https:\/\/www.europesays.com\/fr\/wp-json\/wp\/v2\/posts\/178957\/revisions"}],"wp:featuredmedia":[{"embeddable":true,"href":"https:\/\/www.europesays.com\/fr\/wp-json\/wp\/v2\/media\/178958"}],"wp:attachment":[{"href":"https:\/\/www.europesays.com\/fr\/wp-json\/wp\/v2\/media?parent=178957"}],"wp:term":[{"taxonomy":"category","embeddable":true,"href":"https:\/\/www.europesays.com\/fr\/wp-json\/wp\/v2\/categories?post=178957"},{"taxonomy":"post_tag","embeddable":true,"href":"https:\/\/www.europesays.com\/fr\/wp-json\/wp\/v2\/tags?post=178957"}],"curies":[{"name":"wp","href":"https:\/\/api.w.org\/{rel}","templated":true}]}}