{"id":178959,"date":"2025-06-15T18:22:08","date_gmt":"2025-06-15T18:22:08","guid":{"rendered":"https:\/\/www.europesays.com\/fr\/178959\/"},"modified":"2025-06-15T18:22:08","modified_gmt":"2025-06-15T18:22:08","slug":"cest-quoi-cette-statue-dun-sanglier-avec-un-ballon-dans-cette-commune","status":"publish","type":"post","link":"https:\/\/www.europesays.com\/fr\/178959\/","title":{"rendered":"c&rsquo;est quoi cette statue d&rsquo;un sanglier avec un ballon dans cette commune\u00a0?"},"content":{"rendered":"<p>            Par<br \/>\n        <strong><br \/>\n            <a href=\"https:\/\/actu.fr\/auteur\/journaliste-lachronique\" title=\"Consulter tous les articles de R\u00e9daction Foug\u00e8res\" target=\"_blank\" rel=\"noopener\">R\u00e9daction Foug\u00e8res<\/a><br \/>\n        <\/strong><\/p>\n<p>        Publi\u00e9 le<\/p>\n<p>            15 juin 2025 \u00e0 15h00        <\/p>\n<p>La section handball de l\u2019Union sportive liffr\u00e9enne, cr\u00e9\u00e9e en 1975 \u00e0 <a href=\"https:\/\/actu.fr\/bretagne\/liffre_35152\" target=\"_blank\" rel=\"noopener\">Liffr\u00e9<\/a> <b>(Ille-et-Vilaine)<\/b>, a f\u00eat\u00e9 ses 50 ans, <b>samedi 7 juin,<\/b> en pr\u00e9sence de Cl\u00e9ment Th\u00e9audin (ancien maire de <b>Liffr\u00e9<\/b>), de Guillaume B\u00e9gu\u00e9 (maire), de Laurent Bertin (4e adjoint, d\u00e9l\u00e9gu\u00e9 jeunesse, \u00e9ducation, activit\u00e9s p\u00e9riscolaires), d\u2019Annie Gautier (pr\u00e9sidente pendant 25 ans jusqu\u2019en 2012) et de nombreux adh\u00e9rents.<\/p>\n<p class=\" wall-content\">Emmanuelle Nogues, la pr\u00e9sidente de la section, a pris la parole et r\u00e9sum\u00e9 ces 50 ans en \u00ab\u00a0un demi-si\u00e8cle d\u2019aventure humaine, de passion sportive, d\u2019engagement b\u00e9n\u00e9vole et de victoires petites ou grandes\u00a0\u00bb.<\/p>\n<blockquote class=\"ac-article-quote wall-content\">\n<p>On c\u00e9l\u00e8bre aujourd\u2019hui une belle histoire humaine, un club de c\u0153ur, une vraie famille.<\/p>\n<\/blockquote>\n<p class=\" wall-content\">Pour l\u2019occasion, la statue d\u2019un <b>sanglier handballeur<\/b> fabriqu\u00e9e par des adh\u00e9rents, Fred et St\u00e9phane, a \u00e9t\u00e9 d\u00e9voil\u00e9e devant la salle Dominique Lerouge.\u00a0<\/p>\n<p class=\" wall-content\">Un d\u00e9fil\u00e9 de <b>chars<\/b> s\u2019est ensuite dirig\u00e9 vers la Croisette ou une grande soir\u00e9e concert a eu lieu. <b>Dimanche 8 juin<\/b>, une kermesse a propos\u00e9 des jeux pour petits et grands.<\/p>\n<p class=\" wall-content\">Suivez toute l\u2019actualit\u00e9 de vos villes et m\u00e9dias favoris en vous inscrivant \u00e0 <a href=\"https:\/\/moncompte.actu.fr\" title=\"D\u00e9couvez Mon Actu\" rel=\"nofollow noopener\" data-trk=\"{&quot;cta&quot;:{&quot;action&quot;:&quot;https:\\\/\\\/moncompte.actu.fr&quot;,&quot;category&quot;:&quot;mon compte&quot;,&quot;from&quot;:&quot;article footer&quot;,&quot;name&quot;:&quot;Mon actu&quot;,&quot;type&quot;:&quot;cta&quot;}}\" target=\"_blank\">Mon Actu<\/a>.<\/p>\n","protected":false},"excerpt":{"rendered":"Par R\u00e9daction Foug\u00e8res Publi\u00e9 le 15 juin 2025 \u00e0 15h00 La section handball de l\u2019Union sportive liffr\u00e9enne, cr\u00e9\u00e9e&hellip;\n","protected":false},"author":2,"featured_media":178960,"comment_status":"","ping_status":"","sticky":false,"template":"","format":"standard","meta":{"footnotes":""},"categories":[1358],"tags":[1348,1384,1385,1386,58,59,1011,27,1792,60],"class_list":{"0":"post-178959","1":"post","2":"type-post","3":"status-publish","4":"format-standard","5":"has-post-thumbnail","7":"category-arts-et-design","8":"tag-arts","9":"tag-arts-and-design","10":"tag-arts-et-design","11":"tag-design","12":"tag-divertissement","13":"tag-entertainment","14":"tag-fr","15":"tag-france","16":"tag-handball","17":"tag-sports"},"share_on_mastodon":{"url":"https:\/\/pubeurope.com\/@fr\/114688776183409186","error":""},"_links":{"self":[{"href":"https:\/\/www.europesays.com\/fr\/wp-json\/wp\/v2\/posts\/178959","targetHints":{"allow":["GET"]}}],"collection":[{"href":"https:\/\/www.europesays.com\/fr\/wp-json\/wp\/v2\/posts"}],"about":[{"href":"https:\/\/www.europesays.com\/fr\/wp-json\/wp\/v2\/types\/post"}],"author":[{"embeddable":true,"href":"https:\/\/www.europesays.com\/fr\/wp-json\/wp\/v2\/users\/2"}],"replies":[{"embeddable":true,"href":"https:\/\/www.europesays.com\/fr\/wp-json\/wp\/v2\/comments?post=178959"}],"version-history":[{"count":0,"href":"https:\/\/www.europesays.com\/fr\/wp-json\/wp\/v2\/posts\/178959\/revisions"}],"wp:featuredmedia":[{"embeddable":true,"href":"https:\/\/www.europesays.com\/fr\/wp-json\/wp\/v2\/media\/178960"}],"wp:attachment":[{"href":"https:\/\/www.europesays.com\/fr\/wp-json\/wp\/v2\/media?parent=178959"}],"wp:term":[{"taxonomy":"category","embeddable":true,"href":"https:\/\/www.europesays.com\/fr\/wp-json\/wp\/v2\/categories?post=178959"},{"taxonomy":"post_tag","embeddable":true,"href":"https:\/\/www.europesays.com\/fr\/wp-json\/wp\/v2\/tags?post=178959"}],"curies":[{"name":"wp","href":"https:\/\/api.w.org\/{rel}","templated":true}]}}