{"id":178963,"date":"2025-06-15T18:24:16","date_gmt":"2025-06-15T18:24:16","guid":{"rendered":"https:\/\/www.europesays.com\/fr\/178963\/"},"modified":"2025-06-15T18:24:16","modified_gmt":"2025-06-15T18:24:16","slug":"laurent-ruquier-evoque-la-terrible-phrase-que-repetait-sa-mere","status":"publish","type":"post","link":"https:\/\/www.europesays.com\/fr\/178963\/","title":{"rendered":"Laurent Ruquier \u00e9voque la terrible phrase que r\u00e9p\u00e9tait sa m\u00e8re"},"content":{"rendered":"<p>L\u2019animateur assure \u00abne pas en vouloir\u00bb \u00e0 sa m\u00e8re dans cet in\u00e9dit d\u2019\u00abUn dimanche \u00e0 la campagne\u00bb, anim\u00e9 comme toujours par Fr\u00e9d\u00e9ric Lopez sur France 2.<\/p>\n<p class=\"fig-paragraph\">Dans la vie des t\u00e9l\u00e9spectateurs depuis plus de trente ans et pourtant tr\u00e8s discret et avare de d\u00e9tails sur sa vie personnelle. Ce dimanche 15 juin,<strong>\u00a0<\/strong><a href=\"http:\/\/tvmag.lefigaro.fr\/programme-tv\/actu-tele\/on-se-lance-laurent-ruquier-donne-le-coup-d-envoi-de-la-nouvelle-chaine-t18-20250606\" target=\"_blank\" data-fig-type=\"Article\" rel=\"noopener nofollow\" data-gtm-custom-categorie=\"navigation\" data-gtm-custom-action=\"crossclick\" data-gtm-custom-label=\"Contextuel\" data-gtm-event=\"customEventSPE\" data-fig-domain=\"TVMAG\"><strong>Laurent Ruquier<\/strong><\/a> \u00a0est \u00e0 la place de celui qui r\u00e9pond aux questions. Face \u00e0\u00a0<a href=\"http:\/\/tvmag.lefigaro.fr\/programme-tv\/actu-tele\/un-dimanche-a-la-campagne-quels-sont-les-invites-de-frederic-lopez-dans-l-emission-diffusee-ce-15-juin-20250615\" target=\"_blank\" data-fig-type=\"Article\" rel=\"noopener nofollow\" data-gtm-custom-categorie=\"navigation\" data-gtm-custom-action=\"crossclick\" data-gtm-custom-label=\"Contextuel\" data-gtm-event=\"customEventSPE\" data-fig-domain=\"TVMAG\"><strong>Fr\u00e9d\u00e9ric Lopez<\/strong><\/a>, l\u2019animateur \u00e9voque son enfance.<\/p>\n<p class=\"fig-paragraph\">\u00abPetit dernier\u00bb d\u2019une famille d\u2019ouvriers au Havre, Laurent Ruquier regrette que ses fr\u00e8res et s\u0153urs partent trop t\u00f4t \u00e0 son go\u00fbt du domicile familial. \u00abSans eux, c\u2019\u00e9tait l\u2019ennui\u00bb, se rappelle-t-il dans cet in\u00e9dit de \u00abUn dimanche \u00e0 la campagne\u00bb.<\/p>\n<p>\u00abElle n\u2019avait pas les codes\u00bb<\/p>\n<p class=\"fig-paragraph\">Sa m\u00e8re tombe enceinte \u00abvers 39 ou 40 ans\u00bb, \u00abun accident\u00bb, comme elle le disait. \u00abUne phrase que j\u2019ai souvent entendue pendant mon enfance\u00bb, confie Laurent Ruquier. Face \u00e0 la chanteuse Melody Gardot et la com\u00e9dienne\u00a0<a href=\"https:\/\/tvmag.lefigaro.fr\/programme-tv\/caroline-anglade-heroine-d-une-mere-sous-influence-je-n-avais-pas-toujours-le-recul-necessaire_7495956c-496a-11e9-8886-34ee219ad5da\" target=\"_blank\" data-fig-type=\"Article\" rel=\"noopener nofollow\" data-gtm-custom-categorie=\"navigation\" data-gtm-custom-action=\"crossclick\" data-gtm-custom-label=\"Contextuel\" data-gtm-event=\"customEventSPE\" data-fig-domain=\"TVMAG\">Caroline Anglade<\/a>, il explique\u00a0: \u00abelle n\u2019avait pas les codes de ce qu\u2019il fallait dire et ne pas dire devant les enfants.\u00bb<\/p>\n<p class=\"fig-paragraph\">\u00abElle a souvent dit \u201csi la pilule avait \u00e9t\u00e9 l\u00e0, il ne serait pas l\u00e0\u201d. D\u00e8s qu\u2019il y avait des gens nouveaux \u00e0 la maison, \u00e0 un d\u00eener, elle disait \u00e7a. Ce n\u2019est pas tr\u00e8s agr\u00e9able r\u00e9trospectivement \u00e0 entendre. Je ne peux pas dire que cela m\u2019a traumatis\u00e9 quand elle disait cette phrase, mais avec le recul, je me dis qu\u2019elle n\u2019\u00e9tait pas tr\u00e8s adroite\u00bb, poursuit l\u2019animateur r\u00e9cemment aux commandes de\u00a0<a href=\"http:\/\/tvmag.lefigaro.fr\/programme-tv\/actu-tele\/quels-sont-les-invites-de-laurent-ruquier-ce-samedi-14-juin-pour-la-premiere-de-son-talk-show-sur-t18-20250614\" target=\"_blank\" data-fig-type=\"Article\" rel=\"noopener nofollow\" data-gtm-custom-categorie=\"navigation\" data-gtm-custom-action=\"crossclick\" data-gtm-custom-label=\"Contextuel\" data-gtm-event=\"customEventSPE\" data-fig-domain=\"TVMAG\">l\u2019\u00e9mission culturelle<\/a>\u00a0de la nouvelle cha\u00eene de la TNT, T18.<\/p>\n<p class=\"fig-paragraph\">\u00abCe n\u2019\u00e9tait pas m\u00e9chant de sa part, comme une blague. Et c\u2019\u00e9tait la v\u00e9rit\u00e9 d\u2019ailleurs. Elle faisait un constat, c\u2019\u00e9tait la r\u00e9alit\u00e9. Je ne lui en veux pas, c\u2019est comme \u00e7a\u00bb, conclut Laurent Ruquier.<\/p>\n","protected":false},"excerpt":{"rendered":"L\u2019animateur assure \u00abne pas en vouloir\u00bb \u00e0 sa m\u00e8re dans cet in\u00e9dit d\u2019\u00abUn dimanche \u00e0 la campagne\u00bb, anim\u00e9&hellip;\n","protected":false},"author":2,"featured_media":178964,"comment_status":"","ping_status":"","sticky":false,"template":"","format":"standard","meta":{"footnotes":""},"categories":[1356],"tags":[976,1000,58,59,1011,27,9481,1714,1718,1759,1713,973,1717,1715,1716,252,1364],"class_list":{"0":"post-178963","1":"post","2":"type-post","3":"status-publish","4":"format-standard","5":"has-post-thumbnail","7":"category-television","8":"tag-actu-people","9":"tag-celebrites","10":"tag-divertissement","11":"tag-entertainment","12":"tag-fr","13":"tag-france","14":"tag-frederic-lopez","15":"tag-info-people","16":"tag-infos-people-du-jour","17":"tag-laurent-ruquier","18":"tag-news-people","19":"tag-people","20":"tag-photo-people","21":"tag-potins-de-stars","22":"tag-potins-people","23":"tag-television","24":"tag-tv"},"share_on_mastodon":{"url":"https:\/\/pubeurope.com\/@fr\/114688784072737645","error":""},"_links":{"self":[{"href":"https:\/\/www.europesays.com\/fr\/wp-json\/wp\/v2\/posts\/178963","targetHints":{"allow":["GET"]}}],"collection":[{"href":"https:\/\/www.europesays.com\/fr\/wp-json\/wp\/v2\/posts"}],"about":[{"href":"https:\/\/www.europesays.com\/fr\/wp-json\/wp\/v2\/types\/post"}],"author":[{"embeddable":true,"href":"https:\/\/www.europesays.com\/fr\/wp-json\/wp\/v2\/users\/2"}],"replies":[{"embeddable":true,"href":"https:\/\/www.europesays.com\/fr\/wp-json\/wp\/v2\/comments?post=178963"}],"version-history":[{"count":0,"href":"https:\/\/www.europesays.com\/fr\/wp-json\/wp\/v2\/posts\/178963\/revisions"}],"wp:featuredmedia":[{"embeddable":true,"href":"https:\/\/www.europesays.com\/fr\/wp-json\/wp\/v2\/media\/178964"}],"wp:attachment":[{"href":"https:\/\/www.europesays.com\/fr\/wp-json\/wp\/v2\/media?parent=178963"}],"wp:term":[{"taxonomy":"category","embeddable":true,"href":"https:\/\/www.europesays.com\/fr\/wp-json\/wp\/v2\/categories?post=178963"},{"taxonomy":"post_tag","embeddable":true,"href":"https:\/\/www.europesays.com\/fr\/wp-json\/wp\/v2\/tags?post=178963"}],"curies":[{"name":"wp","href":"https:\/\/api.w.org\/{rel}","templated":true}]}}