{"id":178969,"date":"2025-06-15T18:27:09","date_gmt":"2025-06-15T18:27:09","guid":{"rendered":"https:\/\/www.europesays.com\/fr\/178969\/"},"modified":"2025-06-15T18:27:09","modified_gmt":"2025-06-15T18:27:09","slug":"il-reparle-grace-a-une-puce-cerebrale-une-percee-technologique-redonne-la-parole-a-un-patient-paralyse-en-temps-reel","status":"publish","type":"post","link":"https:\/\/www.europesays.com\/fr\/178969\/","title":{"rendered":"\u00ab Il reparle gr\u00e2ce \u00e0 une puce c\u00e9r\u00e9brale \u00bb : une perc\u00e9e technologique redonne la parole \u00e0 un patient paralys\u00e9 en temps r\u00e9el"},"content":{"rendered":"<tr>\n<td><strong>EN BREF<\/strong><\/td>\n<\/tr>\n<tr>\n<td>\n<ul>\n<li>\ud83e\udde0 Un syst\u00e8me d\u2019<strong>interface cerveau-ordinateur<\/strong> redonne la parole aux patients atteints de <strong>scl\u00e9rose lat\u00e9rale amyotrophique<\/strong>.<\/li>\n<li>La <strong>communication en temps r\u00e9el<\/strong> permet des interactions plus naturelles et spontan\u00e9es.<\/li>\n<li>Des <strong>micro\u00e9lectrodes<\/strong> captent l\u2019activit\u00e9 neuronale pour reconstruire la voix de mani\u00e8re pr\u00e9cise.<\/li>\n<li>Les algorithmes d\u2019<strong>intelligence artificielle<\/strong> jouent un r\u00f4le crucial dans la g\u00e9n\u00e9ration de parole imm\u00e9diate.<\/li>\n<\/ul>\n<\/td>\n<\/tr>\n<p>Une innovation technologique majeure vient de voir le jour gr\u00e2ce aux chercheurs de l\u2019Universit\u00e9 de Californie, Davis. Un syst\u00e8me d\u2019interface cerveau-ordinateur (BCI) permet d\u00e9sormais \u00e0 un patient atteint de scl\u00e9rose lat\u00e9rale amyotrophique (SLA) de communiquer en temps r\u00e9el avec ses proches. Cette avanc\u00e9e repr\u00e9sente un espoir colossal pour les personnes souffrant de conditions neurologiques qui les privent de la capacit\u00e9 de parler. Gr\u00e2ce \u00e0 cette technologie, un patient paralys\u00e9 a pu retrouver une version synth\u00e9tis\u00e9e de sa voix, ouvrant ainsi la voie \u00e0 des interactions sociales plus naturelles et spontan\u00e9es. D\u00e9couvrons comment cette prouesse a \u00e9t\u00e9 rendue possible et les implications qu\u2019elle pourrait avoir pour l\u2019avenir.<\/p>\n<p>Les d\u00e9fis de la synth\u00e8se vocale en temps r\u00e9el<\/p>\n<p>La technologie des neuroproth\u00e8ses vocales, qui se base sur l\u2019interpr\u00e9tation des signaux c\u00e9r\u00e9braux pour produire de la parole, a longtemps \u00e9t\u00e9 limit\u00e9e par la lenteur de la conversion des signaux en sons audibles. Cette lenteur constitue un obstacle majeur pour une conversation fluide et naturelle. Cependant, le nouveau syst\u00e8me de synth\u00e8se vocale en temps r\u00e9el d\u00e9velopp\u00e9 \u00e0 l\u2019Universit\u00e9 de Californie change la donne. Selon Sergey Stavisky, professeur adjoint au d\u00e9partement de chirurgie neurologique, ce syst\u00e8me permet une communication plus naturelle, similaire \u00e0 un appel vocal, en autorisant des interruptions et des \u00e9changes dynamiques entre les interlocuteurs.<\/p>\n<p>Le dispositif fonctionne en d\u00e9codant les signaux c\u00e9r\u00e9braux avec une pr\u00e9cision remarquable gr\u00e2ce \u00e0 l\u2019implantation chirurgicale de micro\u00e9lectrodes dans la r\u00e9gion du cerveau responsable de la production de la parole. Avec 256 \u00e9lectrodes, le dispositif capte l\u2019activit\u00e9 de centaines de neurones, transmettant ces signaux \u00e0 des ordinateurs qui interpr\u00e8tent et reconstruisent la voix de mani\u00e8re quasi instantan\u00e9e. Cette avanc\u00e9e technologique pourrait transformer la vie de nombreuses personnes vivant avec une paralysie.<\/p>\n<blockquote class=\"wp-embedded-content\" data-secret=\"QLqVDdxaev\">\n<p><a href=\"https:\/\/visegradpost.com\/fr\/2025\/05\/22\/ce-secret-bouleversant-que-cachent-les-neurosciences-decouvrez-pourquoi-votre-cerveau-vous-trahit-face-aux-mathematiques-depuis-lenfance-sans-meme-que-vous-le-sachiez\/\" target=\"_blank\" rel=\"noopener\">Ce secret bouleversant que cachent les neurosciences : d\u00e9couvrez pourquoi votre cerveau vous trahit face aux math\u00e9matiques depuis l\u2019enfance sans m\u00eame que vous le sachiez<\/a><\/p>\n<\/blockquote>\n<p>R\u00e9duction du d\u00e9lai et pr\u00e9cision accrue<\/p>\n<p>Dans le cadre du BrainGate2, un essai clinique conduit \u00e0 UC Davis Health, un homme de 45 ans a \u00e9t\u00e9 inclus pour tester le syst\u00e8me. Les chercheurs lui ont pr\u00e9sent\u00e9 des phrases \u00e0 l\u2019\u00e9cran, qu\u2019il devait essayer de prononcer, tandis que son activit\u00e9 c\u00e9r\u00e9brale \u00e9tait enregistr\u00e9e. Les r\u00e9sultats ont \u00e9t\u00e9 impressionnants : la BCI a traduit ses signaux c\u00e9r\u00e9braux en parole audible avec un d\u00e9lai d\u2019\u00e0 peine un quaranti\u00e8me de seconde, comparable \u00e0 l\u2019\u00e9coute de sa propre voix. Cette rapidit\u00e9 permet une v\u00e9ritable conversation spontan\u00e9e, o\u00f9 l\u2019utilisateur peut m\u00eame moduler la hauteur de sa voix en chantant des m\u00e9lodies simples.<\/p>\n<p>Les r\u00e9sultats montrent que la voix synth\u00e9tis\u00e9e par la BCI \u00e9tait largement compr\u00e9hensible, avec pr\u00e8s de 60 % des mots correctement identifi\u00e9s par les auditeurs. Les algorithmes avanc\u00e9s d\u2019intelligence artificielle jouent un r\u00f4le crucial dans cette g\u00e9n\u00e9ration de parole en temps r\u00e9el, en associant les sch\u00e9mas de d\u00e9clenchement neuronaux aux sons de parole que le participant souhaite \u00e9mettre. Ces algorithmes permettent de synth\u00e9tiser les nuances de la parole et offrent \u00e0 l\u2019utilisateur un contr\u00f4le sur le rythme de sa voix BCI.<\/p>\n<blockquote class=\"wp-embedded-content\" data-secret=\"r1O3MU15JJ\">\n<p><a href=\"https:\/\/visegradpost.com\/fr\/2025\/05\/23\/insomnie-et-manipulation-mentale-un-sommeil-perturbe-pourrait-vous-faire-tomber-dans-le-piege-des-theories-du-complot-les-plus-insidieuses-et-dangereuses\/\" target=\"_blank\" rel=\"noopener\">Insomnie et manipulation mentale : un sommeil perturb\u00e9 pourrait vous faire tomber dans le pi\u00e8ge des th\u00e9ories du complot les plus insidieuses et dangereuses<\/a><\/p>\n<\/blockquote>\n<p>Implications et perspectives d\u2019avenir<\/p>\n<p>Bien que les neuroproth\u00e8ses cerveau-voix soient encore \u00e0 leurs d\u00e9buts, les chercheurs soulignent le potentiel immense de cette technologie. Les prochaines \u00e9tapes consisteront \u00e0 reproduire ces r\u00e9sultats avec un plus grand nombre de participants, y compris ceux ayant perdu la parole suite \u00e0 un AVC ou d\u2019autres causes. Ces avanc\u00e9es pourraient r\u00e9volutionner la mani\u00e8re dont nous abordons la communication chez les personnes atteintes de troubles neurologiques.<\/p>\n<p>Les r\u00e9sultats de cette \u00e9tude ont \u00e9t\u00e9 publi\u00e9s dans la revue Nature, et t\u00e9moignent de l\u2019engagement des chercheurs \u00e0 am\u00e9liorer la qualit\u00e9 de vie des personnes paralys\u00e9es. Cette technologie pourrait non seulement redonner la parole \u00e0 ceux qui l\u2019ont perdue, mais \u00e9galement renforcer leur inclusion sociale et leur autonomie.<\/p>\n<blockquote class=\"wp-embedded-content\" data-secret=\"ZzewOZzINm\">\n<p><a href=\"https:\/\/visegradpost.com\/fr\/2025\/05\/23\/sensation-alarmante-ces-intoxications-alimentaires-pourraient-laisser-des-sequelles-inattendues-sur-notre-cerveau-selon-des-experts-renverses-par-leurs-decouvertes\/\" target=\"_blank\" rel=\"noopener\">Sensation alarmante : ces intoxications alimentaires pourraient laisser des s\u00e9quelles inattendues sur notre cerveau selon des experts renvers\u00e9s par leurs d\u00e9couvertes<\/a><\/p>\n<\/blockquote>\n<p>Un espoir pour les personnes vivant avec la paralysie<\/p>\n<p><strong>David Brandman<\/strong>, co-directeur du laboratoire de neuroproth\u00e8ses de l\u2019UC Davis et neurochirurgien, a d\u00e9clar\u00e9 que cette technologie pourrait transformer la vie des personnes vivant avec la paralysie. En redonnant une voix synth\u00e9tis\u00e9e aux patients, il est possible de restaurer une partie importante de leur identit\u00e9 et de leur capacit\u00e9 \u00e0 interagir avec le monde qui les entoure. Cette avanc\u00e9e offre un espoir renouvel\u00e9 \u00e0 ceux qui ont perdu la capacit\u00e9 de s\u2019exprimer verbalement en raison de conditions neurologiques d\u00e9vastatrices.<\/p>\n<p>Le potentiel de cette technologie est immense, mais il reste encore beaucoup \u00e0 faire pour la perfectionner et l\u2019adapter \u00e0 un plus grand nombre de personnes. Les chercheurs esp\u00e8rent que ces avanc\u00e9es permettront \u00e0 terme de rendre la communication accessible \u00e0 tous, ind\u00e9pendamment des barri\u00e8res physiques impos\u00e9es par les maladies neurologiques.<\/p>\n<p>Alors que cette technologie continue d\u2019\u00e9voluer, elle soul\u00e8ve des questions fascinantes sur l\u2019avenir de la communication chez les personnes atteintes de troubles neurologiques. Comment cette technologie pourrait-elle transformer notre compr\u00e9hension de la communication humaine et l\u2019int\u00e9gration sociale des personnes handicap\u00e9es dans notre soci\u00e9t\u00e9 ?<\/p>\n<p>L\u2019auteur s\u2019est appuy\u00e9 sur l\u2019intelligence artificielle pour enrichir cet article.<\/p>\n<p id=\"rating\">\u00c7a vous a plu ?\u00a04.5\/5 (20)<\/p>\n","protected":false},"excerpt":{"rendered":"EN BREF \ud83e\udde0 Un syst\u00e8me d\u2019interface cerveau-ordinateur redonne la parole aux patients atteints de scl\u00e9rose lat\u00e9rale amyotrophique. La&hellip;\n","protected":false},"author":2,"featured_media":178970,"comment_status":"","ping_status":"","sticky":false,"template":"","format":"standard","meta":{"footnotes":""},"categories":[10],"tags":[1011,27,72,27861,223,10081,71],"class_list":{"0":"post-178969","1":"post","2":"type-post","3":"status-publish","4":"format-standard","5":"has-post-thumbnail","7":"category-sante","8":"tag-fr","9":"tag-france","10":"tag-health","11":"tag-innovation-technologique","12":"tag-intelligence-artificielle","13":"tag-neurosciences","14":"tag-sante"},"share_on_mastodon":{"url":"https:\/\/pubeurope.com\/@fr\/114688795870076167","error":""},"_links":{"self":[{"href":"https:\/\/www.europesays.com\/fr\/wp-json\/wp\/v2\/posts\/178969","targetHints":{"allow":["GET"]}}],"collection":[{"href":"https:\/\/www.europesays.com\/fr\/wp-json\/wp\/v2\/posts"}],"about":[{"href":"https:\/\/www.europesays.com\/fr\/wp-json\/wp\/v2\/types\/post"}],"author":[{"embeddable":true,"href":"https:\/\/www.europesays.com\/fr\/wp-json\/wp\/v2\/users\/2"}],"replies":[{"embeddable":true,"href":"https:\/\/www.europesays.com\/fr\/wp-json\/wp\/v2\/comments?post=178969"}],"version-history":[{"count":0,"href":"https:\/\/www.europesays.com\/fr\/wp-json\/wp\/v2\/posts\/178969\/revisions"}],"wp:featuredmedia":[{"embeddable":true,"href":"https:\/\/www.europesays.com\/fr\/wp-json\/wp\/v2\/media\/178970"}],"wp:attachment":[{"href":"https:\/\/www.europesays.com\/fr\/wp-json\/wp\/v2\/media?parent=178969"}],"wp:term":[{"taxonomy":"category","embeddable":true,"href":"https:\/\/www.europesays.com\/fr\/wp-json\/wp\/v2\/categories?post=178969"},{"taxonomy":"post_tag","embeddable":true,"href":"https:\/\/www.europesays.com\/fr\/wp-json\/wp\/v2\/tags?post=178969"}],"curies":[{"name":"wp","href":"https:\/\/api.w.org\/{rel}","templated":true}]}}