{"id":178975,"date":"2025-06-15T18:30:10","date_gmt":"2025-06-15T18:30:10","guid":{"rendered":"https:\/\/www.europesays.com\/fr\/178975\/"},"modified":"2025-06-15T18:30:10","modified_gmt":"2025-06-15T18:30:10","slug":"des-dents-de-2-millions-dannees-revelent-pour-la-premiere-fois-le-sexe-dun-humanoide-prehistorique-et-ce-nest-pas-celui-quon-croyait","status":"publish","type":"post","link":"https:\/\/www.europesays.com\/fr\/178975\/","title":{"rendered":"Des dents de 2 millions d&rsquo;ann\u00e9es r\u00e9v\u00e8lent pour la premi\u00e8re fois le sexe d&rsquo;un humano\u00efde pr\u00e9historique (et ce n\u2019est pas celui qu\u2019on croyait)"},"content":{"rendered":"<p data-start=\"323\" data-end=\"718\">Pendant des d\u00e9cennies, nos<br \/>\nconnaissances sur les premiers hominid\u00e9s reposaient sur des os, des<br \/>\ndents et de nombreuses sp\u00e9culations. Aujourd\u2019hui, une avanc\u00e9e<br \/>\nscientifique majeure vient bouleverser cette approche : pour la<br \/>\ntoute premi\u00e8re fois, des chercheurs sont parvenus \u00e0 d\u00e9terminer le<br \/>\nsexe biologique d\u2019individus appartenant \u00e0 une esp\u00e8ce humaine<br \/>\n\u00e9teinte\u2026 vieille de deux millions d\u2019ann\u00e9es.<\/p>\n<p data-start=\"720\" data-end=\"1094\">L\u2019\u00e9tude, publi\u00e9e dans la<br \/>\nprestigieuse revue <a href=\"https:\/\/www.science.org\/doi\/10.1126\/science.adt9539\" target=\"_blank\" rel=\"noopener nofollow\">Science<\/a>, marque une \u00e9tape d\u00e9cisive dans<br \/>\nl\u2019exploration de nos origines. Gr\u00e2ce \u00e0 une m\u00e9thode innovante \u2013 la<br \/>\npal\u00e9oprot\u00e9omique \u2013 des scientifiques ont analys\u00e9 des prot\u00e9ines<br \/>\nfossiles extraites de dents retrouv\u00e9es dans la c\u00e9l\u00e8bre grotte de<br \/>\nSwartkrans, en Afrique du Sud. Et ce qu\u2019ils ont d\u00e9couvert d\u00e9passe<br \/>\ntoutes les attentes.<\/p>\n<p>Des prot\u00e9ines fossiles pour<br \/>\npercer le myst\u00e8re du sexe<\/p>\n<p data-start=\"1163\" data-end=\"1590\">Jusqu\u2019\u00e0 pr\u00e9sent, il \u00e9tait<br \/>\nimpossible d\u2019identifier le sexe des individus appartenant au genre<br \/>\n<a href=\"https:\/\/sciencepost.fr\/premiers-artisans-humanite-faconnaient-deja-des-os-il-y-a-15-million-dannees\/\" target=\"_blank\" rel=\"noopener nofollow\">Paranthropus<\/a>, une lign\u00e9e cousine de la n\u00f4tre, qui<br \/>\nvivait il y a environ 2 millions d\u2019ann\u00e9es. La raison ? Leur ADN est<br \/>\nbien trop ancien pour \u00eatre pr\u00e9serv\u00e9. Les chercheurs devaient alors<br \/>\ns\u2019en remettre \u00e0 la forme et \u00e0 la taille des os, en supposant que<br \/>\nles m\u00e2les \u00e9taient plus grands que les femelles \u2013 une m\u00e9thode<br \/>\nsujette \u00e0 erreur.<\/p>\n<p data-start=\"1592\" data-end=\"1962\">Mais cette fois, les<br \/>\nscientifiques ont eu une autre id\u00e9e : \u00e9tudier les prot\u00e9ines de<br \/>\nl\u2019\u00e9mail dentaire. Contrairement \u00e0 l\u2019ADN, certaines prot\u00e9ines<br \/>\npeuvent survivre beaucoup plus longtemps. En utilisant des dents<br \/>\nfossiles attribu\u00e9es \u00e0 Paranthropus robustus, l\u2019\u00e9quipe a pu reconstituer des<br \/>\ns\u00e9quences de peptides et identifier deux individus m\u00e2les et deux<br \/>\nfemelles.<\/p>\n<p data-start=\"1964\" data-end=\"2138\">Et l\u00e0, surprise : l\u2019une des<br \/>\nplus petites dents appartenait \u00e0 un m\u00e2le. De quoi remettre<br \/>\ns\u00e9rieusement en question les anciennes hypoth\u00e8ses bas\u00e9es uniquement<br \/>\nsur la morphologie.<\/p>\n<p><img loading=\"lazy\" data-lazyloaded=\"1\" decoding=\"async\" class=\"size-full wp-image-311292\" src=\"https:\/\/www.europesays.com\/fr\/wp-content\/uploads\/2025\/06\/p-robustus-505.jpg\" alt=\"Paranthropus dents\" width=\"505\" height=\"394\"  data-\/><br \/>\nParanthropus robustus cranium SK 48. Cr\u00e9dit : Dr Bernhard<br \/>\nZipfel,Une diversit\u00e9 g\u00e9n\u00e9tique bien<br \/>\nplus grande qu\u2019on ne le pensait<\/p>\n<p data-start=\"2214\" data-end=\"2542\">Cette d\u00e9couverte ne se limite<br \/>\npas \u00e0 une question de sexe. En observant de pr\u00e8s les s\u00e9quences<br \/>\nprot\u00e9iques, les chercheurs ont \u00e9galement mis en \u00e9vidence des<br \/>\ndiff\u00e9rences g\u00e9n\u00e9tiques subtiles entre les dents analys\u00e9es. L\u2019une<br \/>\nd\u2019entre elles se distingue des autres par un seul acide amin\u00e9 \u2013 une<br \/>\nvariation infime, mais significative.<\/p>\n<p data-start=\"2544\" data-end=\"2823\">Cela pourrait indiquer<br \/>\nl\u2019existence de diff\u00e9rentes populations ou sous-esp\u00e8ces de<br \/>\nParanthropus, vivant simultan\u00e9ment dans la m\u00eame r\u00e9gion. Une<br \/>\nhypoth\u00e8se d\u00e9j\u00e0 soutenue par la d\u00e9couverte r\u00e9cente de<br \/>\nParanthropus capensis,<br \/>\nune esp\u00e8ce d\u00e9crite comme plus \u00ab\u00a0gracile\u00a0\u00bb que ses<br \/>\ncousins.<\/p>\n<p data-start=\"2825\" data-end=\"2985\">En d\u2019autres termes : la<br \/>\ndiversit\u00e9 au sein du genre Paranthropus \u00e9tait probablement bien<br \/>\nplus vaste que ce que les pal\u00e9oanthropologues imaginaient<br \/>\njusqu\u2019ici.<\/p>\n<p>Une nouvelle pi\u00e8ce du puzzle<br \/>\nde l\u2019\u00e9volution humaine<\/p>\n<p data-start=\"3052\" data-end=\"3372\">Pr\u00e9sents en Afrique australe<br \/>\nen m\u00eame temps que les premiers repr\u00e9sentants du genre<br \/>\nHomo (Homo habilis, Homo erectus), les Paranthropus avaient un mode de vie mixte,<br \/>\nentre marche bip\u00e8de et escalade arboricole. Ils ne sont pas nos<br \/>\nanc\u00eatres directs, mais faisaient clairement partie du paysage<br \/>\n\u00e9volutif de l\u2019\u00e9poque.<\/p>\n<p data-start=\"3374\" data-end=\"3549\">Les analyses montrent que<br \/>\nleurs prot\u00e9ines dentaires sont tr\u00e8s proches de celles du genre<br \/>\nHomo, ce qui confirme leur parent\u00e9 \u00e9volutive \u00e9troite avec notre<br \/>\npropre lign\u00e9e.<\/p>\n<p data-start=\"3551\" data-end=\"3798\">Pour le Dr Marc Dickinson,<br \/>\nco-auteur de l\u2019\u00e9tude, \u00ab extraire d\u2019anciens acides amin\u00e9s de l\u2019\u00e9mail<br \/>\nd\u2019hominid\u00e9s aussi anciens est stup\u00e9fiant. Cela ouvre des<br \/>\nperspectives enti\u00e8rement nouvelles pour comprendre notre histoire<br \/>\n\u00e9volutive sur le continent. \u00bb<\/p>\n<p>Et maintenant ?<\/p>\n<p data-start=\"3829\" data-end=\"4230\">Cette \u00e9tude montre que m\u00eame en<br \/>\nl\u2019absence d\u2019ADN, la pal\u00e9oprot\u00e9omique peut r\u00e9volutionner la<br \/>\npal\u00e9oanthropologie, en apportant des donn\u00e9es objectives sur des<br \/>\nindividus tr\u00e8s anciens. \u00c0 l\u2019avenir, cette m\u00e9thode pourrait<br \/>\npermettre de reclasser certaines esp\u00e8ces fossiles, d\u2019en identifier<br \/>\nde nouvelles, et surtout, de mieux comprendre la complexit\u00e9 et la<br \/>\nrichesse de l\u2019\u00e9volution humaine en Afrique.<\/p>\n<p data-start=\"4232\" data-end=\"4311\">La science continue de faire<br \/>\nparler les os \u2013 et d\u00e9sormais, les dents aussi.<\/p>\n","protected":false},"excerpt":{"rendered":"Pendant des d\u00e9cennies, nos connaissances sur les premiers hominid\u00e9s reposaient sur des os, des dents et de nombreuses&hellip;\n","protected":false},"author":2,"featured_media":178976,"comment_status":"","ping_status":"","sticky":false,"template":"","format":"standard","meta":{"footnotes":""},"categories":[7],"tags":[1011,27,43,40,41,39,42,44],"class_list":{"0":"post-178975","1":"post","2":"type-post","3":"status-publish","4":"format-standard","5":"has-post-thumbnail","7":"category-sciences-et-technologies","8":"tag-fr","9":"tag-france","10":"tag-science","11":"tag-science-and-technology","12":"tag-sciences","13":"tag-sciences-et-technologies","14":"tag-technologies","15":"tag-technology"},"share_on_mastodon":{"url":"https:\/\/pubeurope.com\/@fr\/114688807684668761","error":""},"_links":{"self":[{"href":"https:\/\/www.europesays.com\/fr\/wp-json\/wp\/v2\/posts\/178975","targetHints":{"allow":["GET"]}}],"collection":[{"href":"https:\/\/www.europesays.com\/fr\/wp-json\/wp\/v2\/posts"}],"about":[{"href":"https:\/\/www.europesays.com\/fr\/wp-json\/wp\/v2\/types\/post"}],"author":[{"embeddable":true,"href":"https:\/\/www.europesays.com\/fr\/wp-json\/wp\/v2\/users\/2"}],"replies":[{"embeddable":true,"href":"https:\/\/www.europesays.com\/fr\/wp-json\/wp\/v2\/comments?post=178975"}],"version-history":[{"count":0,"href":"https:\/\/www.europesays.com\/fr\/wp-json\/wp\/v2\/posts\/178975\/revisions"}],"wp:featuredmedia":[{"embeddable":true,"href":"https:\/\/www.europesays.com\/fr\/wp-json\/wp\/v2\/media\/178976"}],"wp:attachment":[{"href":"https:\/\/www.europesays.com\/fr\/wp-json\/wp\/v2\/media?parent=178975"}],"wp:term":[{"taxonomy":"category","embeddable":true,"href":"https:\/\/www.europesays.com\/fr\/wp-json\/wp\/v2\/categories?post=178975"},{"taxonomy":"post_tag","embeddable":true,"href":"https:\/\/www.europesays.com\/fr\/wp-json\/wp\/v2\/tags?post=178975"}],"curies":[{"name":"wp","href":"https:\/\/api.w.org\/{rel}","templated":true}]}}