{"id":178977,"date":"2025-06-15T18:31:09","date_gmt":"2025-06-15T18:31:09","guid":{"rendered":"https:\/\/www.europesays.com\/fr\/178977\/"},"modified":"2025-06-15T18:31:09","modified_gmt":"2025-06-15T18:31:09","slug":"luca-de-meo-quitte-renault-et-rejoint-kering","status":"publish","type":"post","link":"https:\/\/www.europesays.com\/fr\/178977\/","title":{"rendered":"Luca de Meo quitte Renault et rejoint Kering"},"content":{"rendered":"<p><strong>INFO LE FIGARO<\/strong> &#8211; Le patron du Losange depuis 2020 quitte le constructeur automobile. Il deviendrait directeur g\u00e9n\u00e9ral du groupe de luxe Kering, dont le PDG, Fran\u00e7ois-Henri Pinault, a d\u00e9cid\u00e9 de dissocier les fonctions.<\/p>\n<p class=\"fig-paragraph\">C\u2019est le transfert de l\u2019ann\u00e9e dans le monde \u00e9conomique fran\u00e7ais. De sources concordantes, le directeur g\u00e9n\u00e9ral de Renault depuis 2020,\u00a0<a href=\"http:\/\/www.lefigaro.fr\/societes\/luca-de-meo-confirme-pour-un-deuxieme-mandat-de-quatre-ans-a-la-tete-de-renault-20240517\" data-fig-type=\"NewsFlash\" data-gtm-custom-categorie=\"navigation\" data-gtm-custom-action=\"crossclick\" data-gtm-custom-label=\"Contextuel\" data-gtm-event=\"customEventSPE\" data-fig-domain=\"LEFIGARO\" target=\"_blank\" rel=\"noopener\">Luca de Meo<\/a>, a annonc\u00e9 son d\u00e9part du groupe automobile \u00e0 son conseil d\u2019administration ce dimanche. Le dirigeant italien de 58\u00a0ans s\u2019appr\u00eaterait selon nos informations \u00e0 rejoindre le groupe de luxe\u00a0<a href=\"https:\/\/bourse.lefigaro.fr\/actu-conseils\/pourquoi-kering-a-surpris-en-fin-d-annee-2024-et-pourquoi-rien-n-est-gagne-pour-2025-20250211\" target=\"_blank\" data-fig-type=\"Article\" rel=\"noopener\" data-gtm-custom-categorie=\"navigation\" data-gtm-custom-action=\"crossclick\" data-gtm-custom-label=\"Contextuel\" data-gtm-event=\"customEventSPE\" data-fig-domain=\"BOURSE\">Kering<\/a>. Ni Renault ni Kering ne souhaitaient faire de commentaires dimanche.<\/p>\n<p class=\"fig-paragraph\">\u00c0 63\u00a0ans, dont vingt \u00e0 la t\u00eate du groupe familial,\u00a0<a href=\"http:\/\/www.lefigaro.fr\/decideurs\/francois-henri-pinault-conforte-son-soutien-a-la-maison-des-femmes-20250416\" data-fig-type=\"Article\" data-gtm-custom-categorie=\"navigation\" data-gtm-custom-action=\"crossclick\" data-gtm-custom-label=\"Contextuel\" data-gtm-event=\"customEventSPE\" data-fig-domain=\"LEFIGARO\" target=\"_blank\" rel=\"noopener\">Fran\u00e7ois-Henri Pinault<\/a>, l\u2019actionnaire majoritaire et actuel PDG, a d\u00e9cid\u00e9, comme l\u2019a r\u00e9v\u00e9l\u00e9 Challenges, de prendre du recul, de remanier la gouvernance et de dissocier les fonctions pour ne conserver que la pr\u00e9sidence. Le choix du patron de Renault comme directeur g\u00e9n\u00e9ral pourrait \u00eatre officialis\u00e9 dans les prochains jours.<\/p>\n<p class=\"fig-paragraph\">Chez Renault, un processus de recrutement d\u2019un nouveau patron va devoir rapidement \u00eatre lanc\u00e9. Une p\u00e9rip\u00e9tie de plus pour le constructeur automobile fran\u00e7ais et pour son pr\u00e9sident, Jean-Dominique Senard. Ce dernier doit\u2026<\/p>\n<p class=\"fig-premium-paywall__infos\">\n        Cet article est r\u00e9serv\u00e9 aux abonn\u00e9s.        Il vous reste 80% \u00e0 d\u00e9couvrir.\n    <\/p>\n<p>                <img  data- alt=\"Le Figaro\" class=\"fig-img--complete fig-img\"\/><\/p>\n<p class=\"fig-premium-paywall__title\">Vente Flash<\/p>\n<p class=\"fig-premium-paywall__subtitle\">3,99\u20ac par mois pendant 12 mois. Sans engagement.<\/p>\n<p class=\"fig-premium-paywall__connect\">\n                D\u00e9j\u00e0 abonn\u00e9\u00a0?                <a class=\"fig-premium-paywall__connect-link\" href=\"https:\/\/connect.lefigaro.fr\/login?client=horizon_web&amp;type=main&amp;redirect_uri=https%3A%2F%2Fwww.lefigaro.fr%2Feconomie%2Fluca-de-meo-quitte-renault-et-rejoint-kering-20250615\" data-js-gtm=\"{&quot;customCategorie&quot;: &quot;conversion&quot;, &quot;customAction&quot;: &quot;before_Landing_Connexion_paywall_auto&quot;, &quot;customLabel&quot;: &quot;bGVmaWdhcm8uZnJfXzFmMDRhMDMwLWU1ZjgtNmFhMC05NmQyLTcxMTJiNTE1NGM3Zl9fQXJ0aWNsZQ==_Luca de Meo quitte Renault et rejoint Kering_217&quot;, &quot;customIDSPE&quot;: &quot;bGVmaWdhcm8uZnJfXzFmMDRhMDMwLWU1ZjgtNmFhMC05NmQyLTcxMTJiNTE1NGM3Zl9fQXJ0aWNsZQ==&quot;, &quot;event&quot;: &quot;customEventSPE&quot;}\" target=\"_blank\" rel=\"noopener\"><br \/>\n                    Connectez-vous<br \/>\n                <\/a>\n            <\/p>\n","protected":false},"excerpt":{"rendered":"INFO LE FIGARO &#8211; Le patron du Losange depuis 2020 quitte le constructeur automobile. Il deviendrait directeur g\u00e9n\u00e9ral&hellip;\n","protected":false},"author":2,"featured_media":178978,"comment_status":"","ping_status":"","sticky":false,"template":"","format":"standard","meta":{"footnotes":""},"categories":[6],"tags":[631,630,4416,4417,1117,340,398,35,343,130,634,405,636,33,34,341,313,632,638,1011,27,31587,1116,342,637,399,31588,24445,18292,10651],"class_list":{"0":"post-178977","1":"post","2":"type-post","3":"status-publish","4":"format-standard","5":"has-post-thumbnail","7":"category-economie","8":"tag-action","9":"tag-actualite-bourse","10":"tag-analyse-graphique","11":"tag-analyse-technique","12":"tag-assurance","13":"tag-bourse","14":"tag-bourse-de-paris","15":"tag-business","16":"tag-cac-40","17":"tag-consommation","18":"tag-cotation","19":"tag-cotations","20":"tag-devises","21":"tag-economie","22":"tag-economy","23":"tag-emploi","24":"tag-entreprises","25":"tag-fcp","26":"tag-figaro","27":"tag-fr","28":"tag-france","29":"tag-francois-henri-pinault","30":"tag-immobilier","31":"tag-impots","32":"tag-indices","33":"tag-investissement","34":"tag-jean-dominique-senard","35":"tag-kering","36":"tag-luca-de-meo","37":"tag-renault"},"share_on_mastodon":{"url":"https:\/\/pubeurope.com\/@fr\/114688811592666246","error":""},"_links":{"self":[{"href":"https:\/\/www.europesays.com\/fr\/wp-json\/wp\/v2\/posts\/178977","targetHints":{"allow":["GET"]}}],"collection":[{"href":"https:\/\/www.europesays.com\/fr\/wp-json\/wp\/v2\/posts"}],"about":[{"href":"https:\/\/www.europesays.com\/fr\/wp-json\/wp\/v2\/types\/post"}],"author":[{"embeddable":true,"href":"https:\/\/www.europesays.com\/fr\/wp-json\/wp\/v2\/users\/2"}],"replies":[{"embeddable":true,"href":"https:\/\/www.europesays.com\/fr\/wp-json\/wp\/v2\/comments?post=178977"}],"version-history":[{"count":0,"href":"https:\/\/www.europesays.com\/fr\/wp-json\/wp\/v2\/posts\/178977\/revisions"}],"wp:featuredmedia":[{"embeddable":true,"href":"https:\/\/www.europesays.com\/fr\/wp-json\/wp\/v2\/media\/178978"}],"wp:attachment":[{"href":"https:\/\/www.europesays.com\/fr\/wp-json\/wp\/v2\/media?parent=178977"}],"wp:term":[{"taxonomy":"category","embeddable":true,"href":"https:\/\/www.europesays.com\/fr\/wp-json\/wp\/v2\/categories?post=178977"},{"taxonomy":"post_tag","embeddable":true,"href":"https:\/\/www.europesays.com\/fr\/wp-json\/wp\/v2\/tags?post=178977"}],"curies":[{"name":"wp","href":"https:\/\/api.w.org\/{rel}","templated":true}]}}