{"id":17901,"date":"2025-04-11T17:56:08","date_gmt":"2025-04-11T17:56:08","guid":{"rendered":"https:\/\/www.europesays.com\/fr\/17901\/"},"modified":"2025-04-11T17:56:08","modified_gmt":"2025-04-11T17:56:08","slug":"strasbourg-les-3-actionnaires-du-rcsa-pesent-pres-de-20-milliards-de-dollars","status":"publish","type":"post","link":"https:\/\/www.europesays.com\/fr\/17901\/","title":{"rendered":"Strasbourg. Les 3 actionnaires du RCSA p\u00e8sent pr\u00e8s de 20 milliards de dollars"},"content":{"rendered":"<p><img fetchpriority=\"high\" decoding=\"async\" width=\"620\" height=\"413\" src=\"https:\/\/www.europesays.com\/fr\/wp-content\/uploads\/2025\/04\/Todd-Boehly-620x413.jpg\" alt=\"Strasbourg. Les 3 actionnaires du RCSA p\u00e8sent pr\u00e8s de 20 milliards de dollars\" class=\"wp-image-309470\"  \/>La fortune de Todd Boehly est estim\u00e9e \u00e0 8,5 milliards de dollars en 2025.<\/p>\n<p>L\u2019union fait la force. Ou aussi la fortune. Derri\u00e8re le consortium BlueCo, qui poss\u00e8de les blues de Chelsea et depuis 2023 le RC Strasbourg Alsace en Ligue 1, trois hommes, trois businessmen et trois des plus grosses fortunes mondiales. Au premier rang desquels Todd Boehly, le plus mis en avant des trois est aussi celui qui a la plus grosse fortune, d\u2019apr\u00e8s le nouveau classement 2025 de Forbes.<\/p>\n<p>Todd Boehly est le plus riche du trio<\/p>\n<p>Il est \u00e0 la t\u00eate d\u2019un patrimoine estim\u00e9 \u00e0 8,5 milliards de dollars. C\u2019est 2,5 milliards de mieux que Mark Walter, un autre ressortissant du pays de l\u2019Oncle Sam, tandis que compl\u00e8te ce trio un Suisse, en la personne de Hansj\u00f6rg Wyss. Il est le plus \u00e2g\u00e9 des trois (89 ans) et sa fortune est estim\u00e9e \u00e0 4,8 milliards de dollars en cette ann\u00e9e 2025.<\/p>\n<p>M\u00eame \u00e0 trois ils sont loin derri\u00e8re la famille Arnault<\/p>\n<p>Ensemble, Todd Boehly, Mark Walter et Hansj\u00f6rg Wyss approchent donc les 20 milliards de dollars de fortunes cumul\u00e9es. Et c\u2019est pourtant tout juste \u00ab\u00a0assez\u00a0\u00bb pour flirter avec le top des plus personnalit\u00e9s les plus riches du monde et tr\u00e8s loin du propri\u00e9taire de club de foot (et de club sportif au sens plus large) qui domine la hi\u00e9rarchie. C\u2019est-\u00e0-dire Bernard Arnault et sa famille, nouvellement actionnaires majoritaires du Paris et riches d\u2019un patrimoine donn\u00e9 \u00e0 178 milliards de dollars.<\/p>\n","protected":false},"excerpt":{"rendered":"La fortune de Todd Boehly est estim\u00e9e \u00e0 8,5 milliards de dollars en 2025. L\u2019union fait la force.&hellip;\n","protected":false},"author":2,"featured_media":17902,"comment_status":"","ping_status":"","sticky":false,"template":"","format":"standard","meta":{"footnotes":""},"categories":[2820],"tags":[1111,11,1777,674,1011,27,775,12,4448,25,640,7198],"class_list":{"0":"post-17901","1":"post","2":"type-post","3":"status-publish","4":"format-standard","5":"has-post-thumbnail","7":"category-strasbourg","8":"tag-actu","9":"tag-actualites","10":"tag-eu","11":"tag-europe","12":"tag-fr","13":"tag-france","14":"tag-grand-est","15":"tag-news","16":"tag-rc-strasbourg","17":"tag-republique-francaise","18":"tag-strasbourg","19":"tag-todd-boehly"},"share_on_mastodon":{"url":"https:\/\/pubeurope.com\/@fr\/114320623992310947","error":""},"_links":{"self":[{"href":"https:\/\/www.europesays.com\/fr\/wp-json\/wp\/v2\/posts\/17901","targetHints":{"allow":["GET"]}}],"collection":[{"href":"https:\/\/www.europesays.com\/fr\/wp-json\/wp\/v2\/posts"}],"about":[{"href":"https:\/\/www.europesays.com\/fr\/wp-json\/wp\/v2\/types\/post"}],"author":[{"embeddable":true,"href":"https:\/\/www.europesays.com\/fr\/wp-json\/wp\/v2\/users\/2"}],"replies":[{"embeddable":true,"href":"https:\/\/www.europesays.com\/fr\/wp-json\/wp\/v2\/comments?post=17901"}],"version-history":[{"count":0,"href":"https:\/\/www.europesays.com\/fr\/wp-json\/wp\/v2\/posts\/17901\/revisions"}],"wp:featuredmedia":[{"embeddable":true,"href":"https:\/\/www.europesays.com\/fr\/wp-json\/wp\/v2\/media\/17902"}],"wp:attachment":[{"href":"https:\/\/www.europesays.com\/fr\/wp-json\/wp\/v2\/media?parent=17901"}],"wp:term":[{"taxonomy":"category","embeddable":true,"href":"https:\/\/www.europesays.com\/fr\/wp-json\/wp\/v2\/categories?post=17901"},{"taxonomy":"post_tag","embeddable":true,"href":"https:\/\/www.europesays.com\/fr\/wp-json\/wp\/v2\/tags?post=17901"}],"curies":[{"name":"wp","href":"https:\/\/api.w.org\/{rel}","templated":true}]}}