{"id":179010,"date":"2025-06-15T18:50:11","date_gmt":"2025-06-15T18:50:11","guid":{"rendered":"https:\/\/www.europesays.com\/fr\/179010\/"},"modified":"2025-06-15T18:50:11","modified_gmt":"2025-06-15T18:50:11","slug":"figures-alsaciennes-lediteur-alsacien-gerard-pfister-celebre-les-50-ans-darfuyen-a-livres-ouverts-2","status":"publish","type":"post","link":"https:\/\/www.europesays.com\/fr\/179010\/","title":{"rendered":"Figures alsaciennes. L\u2019\u00e9diteur alsacien G\u00e9rard Pfister c\u00e9l\u00e8bre les 50 ans d\u2019Arfuyen, \u00e0 livres ouverts"},"content":{"rendered":"<p>\u00c0 950 m\u00e8tres d\u2019altitude, dans un ciel d\u00e9gag\u00e9 appara\u00eet la For\u00eat-Noire. En surplombant Orbey, \u00e0 quelques virages du Lac noir, le sentier de terre conduit \u00ab aux neuf rochers \u00bb.<br \/>G\u00e9rard Pfister y a plant\u00e9 des pins. L\u2019homme croit \u00e0 la force des lieux. Acquise en 1990, la maison rappelle en son nom le livre du Strasbourgeois Rulman Merswin, disciple et ami du grand th\u00e9ologien dominicain Jean Tauler. \u00c0 l\u2019enseigne de la maison d\u2019\u00e9dition Arfuyen qu\u2019il a fond\u00e9e voil\u00e0 cinquante ans \u2013 et a son si\u00e8ge au Lac noir \u2013, G\u00e9rard Pfister a fait traduire et publier, en 2011, ce texte \u00e9crit en moyen haut-allemand.<br \/>\u00ab Un lieu, comme un \u00eatre vivant, passe les si\u00e8cles et demeure toujours inspirant \u00bb<br \/>\u00ab Un lieu poss\u00e8de quelque chose de sensoriel, de totalement myst\u00e9rieux qui ne peut se&#8230;<\/p>\n","protected":false},"excerpt":{"rendered":"\u00c0 950 m\u00e8tres d\u2019altitude, dans un ciel d\u00e9gag\u00e9 appara\u00eet la For\u00eat-Noire. En surplombant Orbey, \u00e0 quelques virages du&hellip;\n","protected":false},"author":2,"featured_media":179011,"comment_status":"","ping_status":"","sticky":false,"template":"","format":"standard","meta":{"footnotes":""},"categories":[2820],"tags":[1111,11,1687,2880,1777,674,107,1011,27,5325,2798,775,2410,12,25,640,2879,133],"class_list":{"0":"post-179010","1":"post","2":"type-post","3":"status-publish","4":"format-standard","5":"has-post-thumbnail","7":"category-strasbourg","8":"tag-actu","9":"tag-actualites","10":"tag-culture-loisirs","11":"tag-edition-strasbourg","12":"tag-eu","13":"tag-europe","14":"tag-fil-info","15":"tag-fr","16":"tag-france","17":"tag-galerie-media","18":"tag-galerie-photo","19":"tag-grand-est","20":"tag-livres-bd","21":"tag-news","22":"tag-republique-francaise","23":"tag-strasbourg","24":"tag-strasbourg-ville","25":"tag-video"},"share_on_mastodon":{"url":"https:\/\/pubeurope.com\/@fr\/114688886381490025","error":""},"_links":{"self":[{"href":"https:\/\/www.europesays.com\/fr\/wp-json\/wp\/v2\/posts\/179010","targetHints":{"allow":["GET"]}}],"collection":[{"href":"https:\/\/www.europesays.com\/fr\/wp-json\/wp\/v2\/posts"}],"about":[{"href":"https:\/\/www.europesays.com\/fr\/wp-json\/wp\/v2\/types\/post"}],"author":[{"embeddable":true,"href":"https:\/\/www.europesays.com\/fr\/wp-json\/wp\/v2\/users\/2"}],"replies":[{"embeddable":true,"href":"https:\/\/www.europesays.com\/fr\/wp-json\/wp\/v2\/comments?post=179010"}],"version-history":[{"count":0,"href":"https:\/\/www.europesays.com\/fr\/wp-json\/wp\/v2\/posts\/179010\/revisions"}],"wp:featuredmedia":[{"embeddable":true,"href":"https:\/\/www.europesays.com\/fr\/wp-json\/wp\/v2\/media\/179011"}],"wp:attachment":[{"href":"https:\/\/www.europesays.com\/fr\/wp-json\/wp\/v2\/media?parent=179010"}],"wp:term":[{"taxonomy":"category","embeddable":true,"href":"https:\/\/www.europesays.com\/fr\/wp-json\/wp\/v2\/categories?post=179010"},{"taxonomy":"post_tag","embeddable":true,"href":"https:\/\/www.europesays.com\/fr\/wp-json\/wp\/v2\/tags?post=179010"}],"curies":[{"name":"wp","href":"https:\/\/api.w.org\/{rel}","templated":true}]}}