{"id":179018,"date":"2025-06-15T18:54:09","date_gmt":"2025-06-15T18:54:09","guid":{"rendered":"https:\/\/www.europesays.com\/fr\/179018\/"},"modified":"2025-06-15T18:54:09","modified_gmt":"2025-06-15T18:54:09","slug":"la-moisson-des-brasseurs-est-de-retour-les-20-21-et-22-juin-2025","status":"publish","type":"post","link":"https:\/\/www.europesays.com\/fr\/179018\/","title":{"rendered":"La Moisson des Brasseurs est de retour les 20, 21 et 22 juin 2025"},"content":{"rendered":"<p>La Moisson des Brasseurs est l\u2019occasion pour le grand public d\u2019aller \u00e0 la rencontre des brasseurs de la r\u00e9gion et de d\u00e9couvrir les m\u00e9thodes de fabrication de la bi\u00e8re. Six brasseries de la r\u00e9gion participent \u00e0 l\u2019op\u00e9ration cette ann\u00e9e.<\/p>\n<p>Au programme<\/p>\n<p>Au programme : visites, d\u00e9gustations et des ateliers pour d\u00e9couvrir un savoir-faire, des produits et des recettes uniques. C\u00e9r\u00e9ales malt\u00e9es, orge brassicole, houblon, la fili\u00e8re brassicole fran\u00e7aise est au c\u0153ur d\u2019un \u00e9cosyst\u00e8me structur\u00e9 et dynamique.<\/p>\n<p>Gr\u00e2ce \u00e0 leur implantation au c\u0153ur des territoires, les brasseurs s\u2019approvisionnent au plus de pr\u00e8s de leurs sites de production en mati\u00e8res premi\u00e8res agricoles.<\/p>\n<p>Des rencontres<\/p>\n<p>La Moisson des Brasseurs ce sont aussi des rencontres et un \u00e9tat d\u2019esprit ancr\u00e9 dans la culture brassicole, car la bi\u00e8re est avant tout une histoire de femmes et d\u2019hommes engag\u00e9s au quotidien pour l\u2019excellence et le go\u00fbt.<\/p>\n<p>Brasserie Les Brass\u00e9s, 24, rue Bellier \u2013 44 000 Nantes. Pour plus d\u2019informations :<a href=\"https:\/\/biere-tourisme.fr\/brasserie\/brasserie-les-brasses\/\" target=\"_self\" rel=\"nofollow noopener\"> https:\/\/biere-tourisme.fr\/brasserie\/brasserie-les-brasses\/<\/a><\/p>\n<p>\u00a0<\/p>\n","protected":false},"excerpt":{"rendered":"La Moisson des Brasseurs est l\u2019occasion pour le grand public d\u2019aller \u00e0 la rencontre des brasseurs de la&hellip;\n","protected":false},"author":2,"featured_media":179019,"comment_status":"","ping_status":"","sticky":false,"template":"","format":"standard","meta":{"footnotes":""},"categories":[2818],"tags":[4307,17,22729,10508,1111,11,31592,1777,674,1011,27,3687,31591,766,12,2636,25,8133],"class_list":{"0":"post-179018","1":"post","2":"type-post","3":"status-publish","4":"format-standard","5":"has-post-thumbnail","7":"category-nantes","8":"tag-4307","9":"tag-17","10":"tag-22729","11":"tag-10508","12":"tag-actu","13":"tag-actualites","14":"tag-brasseurs","15":"tag-eu","16":"tag-europe","17":"tag-fr","18":"tag-france","19":"tag-juin","20":"tag-moisson","21":"tag-nantes","22":"tag-news","23":"tag-pays-de-la-loire","24":"tag-republique-francaise","25":"tag-retour"},"share_on_mastodon":{"url":"https:\/\/pubeurope.com\/@fr\/114688902093802663","error":""},"_links":{"self":[{"href":"https:\/\/www.europesays.com\/fr\/wp-json\/wp\/v2\/posts\/179018","targetHints":{"allow":["GET"]}}],"collection":[{"href":"https:\/\/www.europesays.com\/fr\/wp-json\/wp\/v2\/posts"}],"about":[{"href":"https:\/\/www.europesays.com\/fr\/wp-json\/wp\/v2\/types\/post"}],"author":[{"embeddable":true,"href":"https:\/\/www.europesays.com\/fr\/wp-json\/wp\/v2\/users\/2"}],"replies":[{"embeddable":true,"href":"https:\/\/www.europesays.com\/fr\/wp-json\/wp\/v2\/comments?post=179018"}],"version-history":[{"count":0,"href":"https:\/\/www.europesays.com\/fr\/wp-json\/wp\/v2\/posts\/179018\/revisions"}],"wp:featuredmedia":[{"embeddable":true,"href":"https:\/\/www.europesays.com\/fr\/wp-json\/wp\/v2\/media\/179019"}],"wp:attachment":[{"href":"https:\/\/www.europesays.com\/fr\/wp-json\/wp\/v2\/media?parent=179018"}],"wp:term":[{"taxonomy":"category","embeddable":true,"href":"https:\/\/www.europesays.com\/fr\/wp-json\/wp\/v2\/categories?post=179018"},{"taxonomy":"post_tag","embeddable":true,"href":"https:\/\/www.europesays.com\/fr\/wp-json\/wp\/v2\/tags?post=179018"}],"curies":[{"name":"wp","href":"https:\/\/api.w.org\/{rel}","templated":true}]}}