{"id":179024,"date":"2025-06-15T18:57:10","date_gmt":"2025-06-15T18:57:10","guid":{"rendered":"https:\/\/www.europesays.com\/fr\/179024\/"},"modified":"2025-06-15T18:57:10","modified_gmt":"2025-06-15T18:57:10","slug":"mercato-jeremy-grain-passe-des-girondins-de-bordeaux-au-fc-chauray-en-national-2","status":"publish","type":"post","link":"https:\/\/www.europesays.com\/fr\/179024\/","title":{"rendered":"Mercato : J\u00e9r\u00e9my Grain passe des Girondins de Bordeaux au FC Chauray en National 2"},"content":{"rendered":"<p><img decoding=\"async\" src=\"https:\/\/www.europesays.com\/fr\/wp-content\/uploads\/2025\/06\/671_eb952da72c7a2e0820e00e5e7ced8c3e.jpg\" alt=\"Mercato : J\u00e9r\u00e9my Grain passe des Girondins de Bordeaux au FC Chauray en National 2\" class=\"img-responsive mt-3\"\/><\/p>\n<p class=\"text-center mb-3\" style=\"font-size: 14px\">\u00a9 Iconsport<\/p>\n<p style=\"text-align: justify;\">J\u00e9r\u00e9my Grain \u00e9voluera en National 2 cette saison et peut-\u00eatre dans le m\u00eame groupe que celui des Girondins de Bordeaux (les trois groupes n&rsquo;ont pas encore \u00e9t\u00e9 d\u00e9finis par la FFF).<\/p>\n<p style=\"text-align: justify;\">Le FC Chauray, promu en National 2, vient d&rsquo;annoncer la signature du natif de Villeneuve-sur-Lot ce dimanche soir.<\/p>\n<p style=\"text-align: justify;\">Grain revient dans les Deux-S\u00e8vres apr\u00e8s avoir connu les Chamois Nirotais et Fabrice Fontaine l&rsquo;entraineur du FC Chauray 10 ans auparavant.<\/p>\n<p style=\"text-align: justify;\">J\u00e9r\u00e9my Grain vient renforcer l&rsquo;attaque de cette \u00e9quipe.<\/p>\n<p style=\"text-align: justify;\">La saison derni\u00e8re, J\u00e9r\u00e9my Grain a jou\u00e9 25 matchs, marqu\u00e9 6 buts et d\u00e9livr\u00e9 6 passes d\u00e9cisives avec les Girondins toutes comp\u00e9titions confondues. Il avait annonc\u00e9 son d\u00e9part de Bordeaux en d\u00e9but de semaine.<\/p>\n<p style=\"text-align: justify;\">\u00c0 lire aussi &gt;&gt; <strong><a href=\"https:\/\/www.webgirondins.com\/actualite-girondins-girondins-le-verdict-du-tribunal-reporte-au-24-juin-la-dncg-en-ligne-de-mire-129411\" target=\"_blank\" rel=\"noopener\">Le verdict du tribunal report\u00e9 au 24 juin, la DNCG en ligne de mire<\/a><br \/><\/strong><\/p>\n<p>Notre podcast court \u00e0 \u00e9couter :<\/p>\n<p>\u00a0<\/p>\n","protected":false},"excerpt":{"rendered":"\u00a9 Iconsport J\u00e9r\u00e9my Grain \u00e9voluera en National 2 cette saison et peut-\u00eatre dans le m\u00eame groupe que celui&hellip;\n","protected":false},"author":2,"featured_media":179025,"comment_status":"","ping_status":"","sticky":false,"template":"","format":"standard","meta":{"footnotes":""},"categories":[2817],"tags":[1111,11,4255,3396,1997,22484,12708,1777,674,1011,27,1987,31594,31593,1434,12413,3238,12,2219,22627,5242,25],"class_list":{"0":"post-179024","1":"post","2":"type-post","3":"status-publish","4":"format-standard","5":"has-post-thumbnail","7":"category-bordeaux","8":"tag-actu","9":"tag-actualites","10":"tag-ancien","11":"tag-avec","12":"tag-bordeaux","13":"tag-chauray","14":"tag-engage","15":"tag-eu","16":"tag-europe","17":"tag-fr","18":"tag-france","19":"tag-girondins","20":"tag-grain","21":"tag-jeremy","22":"tag-mercato","23":"tag-milieu","24":"tag-national","25":"tag-news","26":"tag-nouvelle-aquitaine","27":"tag-offensif","28":"tag-passe","29":"tag-republique-francaise"},"share_on_mastodon":{"url":"https:\/\/pubeurope.com\/@fr\/114688913875871607","error":""},"_links":{"self":[{"href":"https:\/\/www.europesays.com\/fr\/wp-json\/wp\/v2\/posts\/179024","targetHints":{"allow":["GET"]}}],"collection":[{"href":"https:\/\/www.europesays.com\/fr\/wp-json\/wp\/v2\/posts"}],"about":[{"href":"https:\/\/www.europesays.com\/fr\/wp-json\/wp\/v2\/types\/post"}],"author":[{"embeddable":true,"href":"https:\/\/www.europesays.com\/fr\/wp-json\/wp\/v2\/users\/2"}],"replies":[{"embeddable":true,"href":"https:\/\/www.europesays.com\/fr\/wp-json\/wp\/v2\/comments?post=179024"}],"version-history":[{"count":0,"href":"https:\/\/www.europesays.com\/fr\/wp-json\/wp\/v2\/posts\/179024\/revisions"}],"wp:featuredmedia":[{"embeddable":true,"href":"https:\/\/www.europesays.com\/fr\/wp-json\/wp\/v2\/media\/179025"}],"wp:attachment":[{"href":"https:\/\/www.europesays.com\/fr\/wp-json\/wp\/v2\/media?parent=179024"}],"wp:term":[{"taxonomy":"category","embeddable":true,"href":"https:\/\/www.europesays.com\/fr\/wp-json\/wp\/v2\/categories?post=179024"},{"taxonomy":"post_tag","embeddable":true,"href":"https:\/\/www.europesays.com\/fr\/wp-json\/wp\/v2\/tags?post=179024"}],"curies":[{"name":"wp","href":"https:\/\/api.w.org\/{rel}","templated":true}]}}